{"id":2595,"date":"2019-05-22T10:21:25","date_gmt":"2019-05-22T13:21:25","guid":{"rendered":"http:\/\/www.sistemafaeal.org.br\/senar\/?p=2595"},"modified":"2019-05-22T11:57:00","modified_gmt":"2019-05-22T14:57:00","slug":"indicados-pela-faeal-tomam-posse-no-conselho-tributario-estadual","status":"publish","type":"post","link":"https:\/\/www.sistemafaeal.org.br\/senar\/indicados-pela-faeal-tomam-posse-no-conselho-tributario-estadual\/","title":{"rendered":"Indicados pela Faeal tomam posse no Conselho Tribut\u00e1rio Estadual"},"content":{"rendered":"\n<div class=\"wp-block-image\"><figure class=\"aligncenter\"><img fetchpriority=\"high\" decoding=\"async\" width=\"425\" height=\"317\" src=\"http:\/\/www.sistemafaeal.org.br\/senar\/wp-content\/uploads\/2019\/05\/3.jpg\" alt=\"\" class=\"wp-image-2596\" srcset=\"https:\/\/www.sistemafaeal.org.br\/senar\/wp-content\/uploads\/2019\/05\/3.jpg 425w, https:\/\/www.sistemafaeal.org.br\/senar\/wp-content\/uploads\/2019\/05\/3-300x224.jpg 300w, https:\/\/www.sistemafaeal.org.br\/senar\/wp-content\/uploads\/2019\/05\/3-80x60.jpg 80w, https:\/\/www.sistemafaeal.org.br\/senar\/wp-content\/uploads\/2019\/05\/3-265x198.jpg 265w\" sizes=\"(max-width: 425px) 100vw, 425px\" \/><figcaption>Vitor Di Guaraldi e Santino Soares (ao centro) s\u00e3o os indicados da Federa\u00e7\u00e3o da Agricultura e Pecu\u00e1ria<\/figcaption><\/figure><\/div>\n\n\n\n<p>Os\nnovos membros do Conselho Tribut\u00e1rio Estadual (CTE) de Alagoas foram empossados\nna \u00faltima segunda-feira, 20, em solenidade realizada na sede da Secretaria de\nEstado da Fazenda (Sefaz). O mandato \u00e9 para o bi\u00eanio 2019\/2020. Na condi\u00e7\u00e3o de\nrepresentante de um importante segmento do setor produtivo, a Federa\u00e7\u00e3o da\nAgricultura e Pecu\u00e1ria (Faeal) indicou dois nomes: Vitor Di Guaraldi Monteiro\nPinto, como julgador titular, e Santino Pereira Soares na supl\u00eancia. <\/p>\n\n\n\n<p>\u201cEsse\nconselho \u00e9 muito importante para o Estado de Alagoas e \u00e9 bom verificar que ele\n\u00e9 composto por competentes advogados, muitos deles jovens, e isso d\u00e1 uma\ntranquilidade muito grande tanto para o Estado quanto para os consumidores e o\nsetor produtivo. N\u00f3s esperamos que eles exer\u00e7am plenamente as fun\u00e7\u00f5es para as\nque est\u00e3o sendo nomeados hoje, que \u00e9 o julgamento dentro da legisla\u00e7\u00e3o\nespec\u00edfica para cada assunto\u201d, afirma o presidente da Faeal, \u00c1lvaro Almeida.<\/p>\n\n\n\n<div class=\"wp-block-image\"><figure class=\"aligncenter\"><img decoding=\"async\" width=\"425\" height=\"300\" src=\"http:\/\/www.sistemafaeal.org.br\/senar\/wp-content\/uploads\/2019\/05\/2.jpg\" alt=\"\" class=\"wp-image-2597\" srcset=\"https:\/\/www.sistemafaeal.org.br\/senar\/wp-content\/uploads\/2019\/05\/2.jpg 425w, https:\/\/www.sistemafaeal.org.br\/senar\/wp-content\/uploads\/2019\/05\/2-300x212.jpg 300w, https:\/\/www.sistemafaeal.org.br\/senar\/wp-content\/uploads\/2019\/05\/2-100x70.jpg 100w\" sizes=\"(max-width: 425px) 100vw, 425px\" \/><figcaption>Presidente da Faeal, \u00c1lvaro Almeida, prestigia solenidade ao lado de \u00c1lvaro Filho, advogado tributarista<\/figcaption><\/figure><\/div>\n\n\n\n<p>O\nConselho Tribut\u00e1rio Estadual \u00e9 o \u00f3rg\u00e3o julgador de segunda inst\u00e2ncia\nadministrativa. Re\u00fane 18 membros, entre titulares e suplentes. Dez s\u00e3o\nindicados pelo poder p\u00fablico; oito pelas entidades do setor produtivo \u2013 federa\u00e7\u00f5es da Ind\u00fastria (Fiea), Com\u00e9rcio de Bens e\nServi\u00e7os (Fecom\u00e9rcio), Agricultura e Pecu\u00e1ria (Faeal) e Associa\u00e7\u00e3o Comercial \u2013\npara representar os contribuintes.&nbsp;A Procuradoria-Geral do\nEstado \u00e9 quem fiscaliza os atos do Conselho. <\/p>\n\n\n\n<p>\u201cEste \u00e9 o Conselho que julga os lit\u00edgios tribut\u00e1rios em \u00faltima inst\u00e2ncia, na \u00e1rea administrativa. Ele \u00e9 parit\u00e1rio entre contribuintes e fisco. Isso \u00e9 muito bom porque aproxima, d\u00e1 mais seguran\u00e7a jur\u00eddica aos contribuintes, al\u00e9m da possibilidade de opinarem sobre cada caso tribut\u00e1rio\u201d, argumenta o secret\u00e1rio de Estado da Fazenda, George Santoro.<\/p>\n\n\n\n<div class=\"wp-block-image\"><figure class=\"aligncenter\"><img decoding=\"async\" width=\"425\" height=\"291\" src=\"http:\/\/www.sistemafaeal.org.br\/senar\/wp-content\/uploads\/2019\/05\/1-3.jpg\" alt=\"\" class=\"wp-image-2598\" srcset=\"https:\/\/www.sistemafaeal.org.br\/senar\/wp-content\/uploads\/2019\/05\/1-3.jpg 425w, https:\/\/www.sistemafaeal.org.br\/senar\/wp-content\/uploads\/2019\/05\/1-3-300x205.jpg 300w, https:\/\/www.sistemafaeal.org.br\/senar\/wp-content\/uploads\/2019\/05\/1-3-218x150.jpg 218w\" sizes=\"(max-width: 425px) 100vw, 425px\" \/><figcaption>Secret\u00e1rio da Fazenda fala sobre import\u00e2ncia do Conselho<\/figcaption><\/figure><\/div>\n\n\n\n<p><\/p>\n","protected":false},"excerpt":{"rendered":"<p>Os novos membros do Conselho Tribut\u00e1rio Estadual (CTE) de Alagoas foram empossados na \u00faltima segunda-feira, 20, em solenidade realizada na sede da Secretaria de Estado da Fazenda (Sefaz). O mandato \u00e9 para o bi\u00eanio 2019\/2020. Na condi\u00e7\u00e3o de representante de um importante segmento do setor produtivo, a Federa\u00e7\u00e3o da Agricultura e Pecu\u00e1ria (Faeal) indicou dois [&hellip;]<\/p>\n","protected":false},"author":7,"featured_media":2596,"comment_status":"open","ping_status":"open","sticky":false,"template":"","format":"standard","meta":{"footnotes":""},"categories":[5],"tags":[],"class_list":["post-2595","post","type-post","status-publish","format-standard","has-post-thumbnail","hentry","category-noticias"],"_links":{"self":[{"href":"https:\/\/www.sistemafaeal.org.br\/senar\/wp-json\/wp\/v2\/posts\/2595","targetHints":{"allow":["GET"]}}],"collection":[{"href":"https:\/\/www.sistemafaeal.org.br\/senar\/wp-json\/wp\/v2\/posts"}],"about":[{"href":"https:\/\/www.sistemafaeal.org.br\/senar\/wp-json\/wp\/v2\/types\/post"}],"author":[{"embeddable":true,"href":"https:\/\/www.sistemafaeal.org.br\/senar\/wp-json\/wp\/v2\/users\/7"}],"replies":[{"embeddable":true,"href":"https:\/\/www.sistemafaeal.org.br\/senar\/wp-json\/wp\/v2\/comments?post=2595"}],"version-history":[{"count":0,"href":"https:\/\/www.sistemafaeal.org.br\/senar\/wp-json\/wp\/v2\/posts\/2595\/revisions"}],"wp:featuredmedia":[{"embeddable":true,"href":"https:\/\/www.sistemafaeal.org.br\/senar\/wp-json\/wp\/v2\/media\/2596"}],"wp:attachment":[{"href":"https:\/\/www.sistemafaeal.org.br\/senar\/wp-json\/wp\/v2\/media?parent=2595"}],"wp:term":[{"taxonomy":"category","embeddable":true,"href":"https:\/\/www.sistemafaeal.org.br\/senar\/wp-json\/wp\/v2\/categories?post=2595"},{"taxonomy":"post_tag","embeddable":true,"href":"https:\/\/www.sistemafaeal.org.br\/senar\/wp-json\/wp\/v2\/tags?post=2595"}],"curies":[{"name":"wp","href":"https:\/\/api.w.org\/{rel}","templated":true}]}}