{"id":2608,"date":"2019-05-22T12:18:56","date_gmt":"2019-05-22T15:18:56","guid":{"rendered":"http:\/\/www.sistemafaeal.org.br\/senar\/?p=2608"},"modified":"2019-05-22T13:12:41","modified_gmt":"2019-05-22T16:12:41","slug":"cna-reune-governo-e-secretarios-de-agricultura-para-debater-assistencia-tecnica-no-brasil","status":"publish","type":"post","link":"https:\/\/www.sistemafaeal.org.br\/senar\/cna-reune-governo-e-secretarios-de-agricultura-para-debater-assistencia-tecnica-no-brasil\/","title":{"rendered":"CNA re\u00fane governo e secret\u00e1rios de Agricultura para debater assist\u00eancia t\u00e9cnica no Brasil"},"content":{"rendered":"\n<figure class=\"wp-block-image\"><img fetchpriority=\"high\" decoding=\"async\" width=\"1024\" height=\"576\" src=\"http:\/\/www.sistemafaeal.org.br\/senar\/wp-content\/uploads\/2019\/05\/WhatsApp-Image-2019-05-22-at-06.29.36-1024x576.jpeg\" alt=\"\" class=\"wp-image-2609\" srcset=\"https:\/\/www.sistemafaeal.org.br\/senar\/wp-content\/uploads\/2019\/05\/WhatsApp-Image-2019-05-22-at-06.29.36-1024x576.jpeg 1024w, https:\/\/www.sistemafaeal.org.br\/senar\/wp-content\/uploads\/2019\/05\/WhatsApp-Image-2019-05-22-at-06.29.36-600x338.jpeg 600w, https:\/\/www.sistemafaeal.org.br\/senar\/wp-content\/uploads\/2019\/05\/WhatsApp-Image-2019-05-22-at-06.29.36-300x169.jpeg 300w, https:\/\/www.sistemafaeal.org.br\/senar\/wp-content\/uploads\/2019\/05\/WhatsApp-Image-2019-05-22-at-06.29.36-768x432.jpeg 768w, https:\/\/www.sistemafaeal.org.br\/senar\/wp-content\/uploads\/2019\/05\/WhatsApp-Image-2019-05-22-at-06.29.36-696x392.jpeg 696w, https:\/\/www.sistemafaeal.org.br\/senar\/wp-content\/uploads\/2019\/05\/WhatsApp-Image-2019-05-22-at-06.29.36.jpeg 1032w, https:\/\/www.sistemafaeal.org.br\/senar\/wp-content\/uploads\/2019\/05\/WhatsApp-Image-2019-05-22-at-06.29.36-746x420.jpeg 746w\" sizes=\"(max-width: 1024px) 100vw, 1024px\" \/><figcaption>Presidente da Faeal, \u00c1lvaro Almeida, e o secret\u00e1rio de Estado da Agricultura, Ronaldo Lessa, participaram do evento em Bras\u00edlia<\/figcaption><\/figure>\n\n\n\n<p><strong>Bras\u00edlia (21\/05\/2019)<\/strong> \u2013 A Confedera\u00e7\u00e3o da Agricultura e Pecu\u00e1ria do Brasil (CNA) reuniu representantes da Ag\u00eancia Nacional de Assist\u00eancia T\u00e9cnica e Extens\u00e3o Rural (Anater), do Minist\u00e9rio da Agricultura e secret\u00e1rios estaduais de Agricultura para debater um projeto de assist\u00eancia t\u00e9cnica para o Brasil. <\/p>\n\n\n\n<p>O encontro aconteceu na ter\u00e7a (21), na sede da entidade, em Bras\u00edlia e contou com a participa\u00e7\u00e3o do presidente da Federa\u00e7\u00e3o da Agricultura e Pecu\u00e1ria do Estado de Alagoas (Faeal), \u00c1lvaro Almeida, entre outros dirigentes de federa\u00e7\u00f5es, do secret\u00e1riod e Estado da Agricultura, Pesca e Aquicultura de Alagoas, Ronaldo Lessa, e do diretor-geral do Servi\u00e7o Nacional de Aprendizagem Rural (Senar), Daniel Carrara.<br><\/p>\n\n\n\n<p>O presidente da CNA, Jo\u00e3o Martins, destacou a import\u00e2ncia da assist\u00eancia t\u00e9cnica para levar tecnologia aos produtores rurais brasileiros e criar uma nova classe m\u00e9dia rural no Pa\u00eds. Ele apresentou a Assist\u00eancia T\u00e9cnica e Gerencial (ATeG) do Servi\u00e7o Nacional de Aprendizagem Rural (Senar) e elogiou a proposta do Minist\u00e9rio da Agricultura de impulsionar o servi\u00e7o.<\/p>\n\n\n\n<p>\u201cN\u00e3o tem outra sa\u00edda. N\u00f3s temos que levar tecnologia para campo e tecnologia voc\u00ea s\u00f3 leva com assist\u00eancia t\u00e9cnica. Isso, hoje, j\u00e1 \u00e9 indiscut\u00edvel entre todos os secret\u00e1rios de Agricultura e fico muito feliz porque o minist\u00e9rio tomou isso como prioridade\u201d, disse Jo\u00e3o Martins.<\/p>\n\n\n\n<figure class=\"wp-block-image\"><img decoding=\"async\" width=\"700\" height=\"467\" src=\"http:\/\/www.sistemafaeal.org.br\/senar\/wp-content\/uploads\/2019\/05\/X5L7943.jpg\" alt=\"\" class=\"wp-image-2610\" srcset=\"https:\/\/www.sistemafaeal.org.br\/senar\/wp-content\/uploads\/2019\/05\/X5L7943.jpg 700w, https:\/\/www.sistemafaeal.org.br\/senar\/wp-content\/uploads\/2019\/05\/X5L7943-600x400.jpg 600w, https:\/\/www.sistemafaeal.org.br\/senar\/wp-content\/uploads\/2019\/05\/X5L7943-300x200.jpg 300w, https:\/\/www.sistemafaeal.org.br\/senar\/wp-content\/uploads\/2019\/05\/X5L7943-696x464.jpg 696w, https:\/\/www.sistemafaeal.org.br\/senar\/wp-content\/uploads\/2019\/05\/X5L7943-630x420.jpg 630w\" sizes=\"(max-width: 700px) 100vw, 700px\" \/><figcaption>Presidente da CNA, Jo\u00e3o Martins, destaca a import\u00e2ncia da assist\u00eancia t\u00e9cnica para levar tecnologia aos produtores rurais brasileiros<\/figcaption><\/figure>\n\n\n\n<p>Segundo o presidente da CNA, a metodologia desenvolvida pelo Senar poder\u00e1 complementar o trabalho que ser\u00e1 realizado nos estados. A ATeG j\u00e1 atende 100 mil propriedades no Brasil e a meta \u00e9 alcan\u00e7ar 400 mil produtores rurais brasileiros at\u00e9 2021.<\/p>\n\n\n\n<p>\u201cO Senar \u00e9 um instrumento importante nesse processo. \u00c9 uma bandeira da CNA e do Minist\u00e9rio transformar o pequeno agricultor em um m\u00e9dio agricultor e isso s\u00f3 vai acontecer se n\u00f3s dermos a ele as condi\u00e7\u00f5es atrav\u00e9s da assist\u00eancia t\u00e9cnica\u201d, afirmou o secret\u00e1rio-executivo do Minist\u00e9rio da Agricultura, Marcos Montes.<\/p>\n\n\n\n<p>O presidente da Anater, Ademar Silva Junior, comparou a import\u00e2ncia da assist\u00eancia t\u00e9cnica com a de um m\u00e9dico para o produtor rural. Na opini\u00e3o dele, o servi\u00e7o \u00e9 essencial para produzir mais, ter ganhos de rentabilidade e melhorar a qualidade de vida.<\/p>\n\n\n\n<p>\u201cFaremos todos os esfor\u00e7os necess\u00e1rios para ir at\u00e9 dentro das propriedades, em especial daquele agricultor familiar, que \u00e9 quem mais necessita sair da linha de pobreza. Vamos fazer a melhor assist\u00eancia t\u00e9cnica que esse Brasil j\u00e1 viu\u201d, declarou o presidente da Anater.<\/p>\n\n\n\n<p><\/p>\n","protected":false},"excerpt":{"rendered":"<p>Bras\u00edlia (21\/05\/2019) \u2013 A Confedera\u00e7\u00e3o da Agricultura e Pecu\u00e1ria do Brasil (CNA) reuniu representantes da Ag\u00eancia Nacional de Assist\u00eancia T\u00e9cnica e Extens\u00e3o Rural (Anater), do Minist\u00e9rio da Agricultura e secret\u00e1rios estaduais de Agricultura para debater um projeto de assist\u00eancia t\u00e9cnica para o Brasil. O encontro aconteceu na ter\u00e7a (21), na sede da entidade, em Bras\u00edlia [&hellip;]<\/p>\n","protected":false},"author":7,"featured_media":2610,"comment_status":"open","ping_status":"open","sticky":false,"template":"","format":"standard","meta":{"footnotes":""},"categories":[5],"tags":[],"class_list":["post-2608","post","type-post","status-publish","format-standard","has-post-thumbnail","hentry","category-noticias"],"_links":{"self":[{"href":"https:\/\/www.sistemafaeal.org.br\/senar\/wp-json\/wp\/v2\/posts\/2608","targetHints":{"allow":["GET"]}}],"collection":[{"href":"https:\/\/www.sistemafaeal.org.br\/senar\/wp-json\/wp\/v2\/posts"}],"about":[{"href":"https:\/\/www.sistemafaeal.org.br\/senar\/wp-json\/wp\/v2\/types\/post"}],"author":[{"embeddable":true,"href":"https:\/\/www.sistemafaeal.org.br\/senar\/wp-json\/wp\/v2\/users\/7"}],"replies":[{"embeddable":true,"href":"https:\/\/www.sistemafaeal.org.br\/senar\/wp-json\/wp\/v2\/comments?post=2608"}],"version-history":[{"count":0,"href":"https:\/\/www.sistemafaeal.org.br\/senar\/wp-json\/wp\/v2\/posts\/2608\/revisions"}],"wp:featuredmedia":[{"embeddable":true,"href":"https:\/\/www.sistemafaeal.org.br\/senar\/wp-json\/wp\/v2\/media\/2610"}],"wp:attachment":[{"href":"https:\/\/www.sistemafaeal.org.br\/senar\/wp-json\/wp\/v2\/media?parent=2608"}],"wp:term":[{"taxonomy":"category","embeddable":true,"href":"https:\/\/www.sistemafaeal.org.br\/senar\/wp-json\/wp\/v2\/categories?post=2608"},{"taxonomy":"post_tag","embeddable":true,"href":"https:\/\/www.sistemafaeal.org.br\/senar\/wp-json\/wp\/v2\/tags?post=2608"}],"curies":[{"name":"wp","href":"https:\/\/api.w.org\/{rel}","templated":true}]}}