{"id":2613,"date":"2019-05-23T12:25:42","date_gmt":"2019-05-23T15:25:42","guid":{"rendered":"http:\/\/www.sistemafaeal.org.br\/senar\/?p=2613"},"modified":"2019-05-23T12:25:46","modified_gmt":"2019-05-23T15:25:46","slug":"abracaco-alunos-do-jaa-homenageiam-professora-na-usina-caete","status":"publish","type":"post","link":"https:\/\/www.sistemafaeal.org.br\/senar\/abracaco-alunos-do-jaa-homenageiam-professora-na-usina-caete\/","title":{"rendered":"Abra\u00e7a\u00e7o: alunos do JAA homenageiam professora na Usina Caet\u00e9"},"content":{"rendered":"\n<figure class=\"wp-block-image\"><img fetchpriority=\"high\" decoding=\"async\" width=\"886\" height=\"613\" src=\"http:\/\/www.sistemafaeal.org.br\/senar\/wp-content\/uploads\/2019\/05\/1-4.jpg\" alt=\"\" class=\"wp-image-2614\" srcset=\"https:\/\/www.sistemafaeal.org.br\/senar\/wp-content\/uploads\/2019\/05\/1-4.jpg 886w, https:\/\/www.sistemafaeal.org.br\/senar\/wp-content\/uploads\/2019\/05\/1-4-600x415.jpg 600w, https:\/\/www.sistemafaeal.org.br\/senar\/wp-content\/uploads\/2019\/05\/1-4-300x208.jpg 300w, https:\/\/www.sistemafaeal.org.br\/senar\/wp-content\/uploads\/2019\/05\/1-4-768x531.jpg 768w, https:\/\/www.sistemafaeal.org.br\/senar\/wp-content\/uploads\/2019\/05\/1-4-100x70.jpg 100w, https:\/\/www.sistemafaeal.org.br\/senar\/wp-content\/uploads\/2019\/05\/1-4-218x150.jpg 218w, https:\/\/www.sistemafaeal.org.br\/senar\/wp-content\/uploads\/2019\/05\/1-4-696x482.jpg 696w, https:\/\/www.sistemafaeal.org.br\/senar\/wp-content\/uploads\/2019\/05\/1-4-607x420.jpg 607w\" sizes=\"(max-width: 886px) 100vw, 886px\" \/><figcaption> Professora Rita recebe carinho dos estudantes<\/figcaption><\/figure>\n\n\n\n<p>Foram dois meses e meio de conviv\u00eancia e a constru\u00e7\u00e3o de conhecimentos e\nla\u00e7os afetivos para a vida inteira. A despedida, portanto, n\u00e3o poderia ser\ndiferente. Na \u00faltima ter\u00e7a-feira, 21, estudantes do curso de Eletricista Rural,\nda Usina Caet\u00e9, munic\u00edpio de S\u00e3o Miguel dos Campos, celebraram o encerramento\ndos m\u00f3dulos de compet\u00eancias b\u00e1sicas com homenagens \u00e0 professora Rita de C\u00e1ssia\nde Lima Gouvea. Discursos, l\u00e1grimas e um abra\u00e7o coletivo deram o tom de uma\nmanh\u00e3 repleta de gratid\u00e3o e reconhecimento.<\/p>\n\n\n\n<p>O curso \u00e9 um dos ofertados pelo Servi\u00e7o Nacional de Aprendizagem Rural \u2013\nSenar Alagoas \u2013 por meio do Programa Jovem Agricultor Aprendiz. Cerca de 700\npessoas j\u00e1 foram capacitadas no Estado, desde 2012. Nesta turma da Usina Caet\u00e9,\na professora Rita de C\u00e1ssia lecionou os m\u00f3dulos de Comunica\u00e7\u00e3o, Matem\u00e1tica,\nCidadania, Qualidade de vida, Compet\u00eancia Interpessoal, Princ\u00edpios da Qualidade\ne Gest\u00e3o Empreendedora. Agora, os 21 estudantes seguem at\u00e9 o m\u00eas de setembro,\ntendo aulas de inform\u00e1tica e conhecimentos espec\u00edficos.<\/p>\n\n\n\n<p>\u201cCada passo da nossa caminhada nos levou a este ponto em que derramamos l\u00e1grimas, n\u00e3o por estarmos tristes, mas por termos vivido momentos t\u00e3o felizes que sentiremos falta. As l\u00e1grimas s\u00e3o de desejo de quero mais, porque a professora n\u00e3o estar\u00e1 com a gente. N\u00e3o vamos mais t\u00ea-la, mas vamos senti-la em nosso cora\u00e7\u00e3o&#8221;, afirmou o aluno Ismael Santos Ferreira, 19 anos. <\/p>\n\n\n\n<figure class=\"wp-block-image\"><img decoding=\"async\" width=\"886\" height=\"592\" src=\"http:\/\/www.sistemafaeal.org.br\/senar\/wp-content\/uploads\/2019\/05\/4-2.jpg\" alt=\"\" class=\"wp-image-2615\" srcset=\"https:\/\/www.sistemafaeal.org.br\/senar\/wp-content\/uploads\/2019\/05\/4-2.jpg 886w, https:\/\/www.sistemafaeal.org.br\/senar\/wp-content\/uploads\/2019\/05\/4-2-600x401.jpg 600w, https:\/\/www.sistemafaeal.org.br\/senar\/wp-content\/uploads\/2019\/05\/4-2-300x200.jpg 300w, https:\/\/www.sistemafaeal.org.br\/senar\/wp-content\/uploads\/2019\/05\/4-2-768x513.jpg 768w, https:\/\/www.sistemafaeal.org.br\/senar\/wp-content\/uploads\/2019\/05\/4-2-696x465.jpg 696w, https:\/\/www.sistemafaeal.org.br\/senar\/wp-content\/uploads\/2019\/05\/4-2-629x420.jpg 629w\" sizes=\"(max-width: 886px) 100vw, 886px\" \/><figcaption>Muita emo\u00e7\u00e3o na despedida<br><\/figcaption><\/figure>\n\n\n\n<p>A hist\u00f3ria de vida da professora tamb\u00e9m serve de inspira\u00e7\u00e3o para os estudantes. &#8220;A menina que queria uma boneca, mas n\u00e3o p\u00f4de ter; a adolescente que comia broa com \u00e1gua; a m\u00e3e que teve filho, mas n\u00e3o teve filhas e trata as suas alunas como se fossem; a guerreira que enfrenta o mundo de cabe\u00e7a erguida e sorriso na cara \u00e9 uma vencedora e nos ensinou que o mundo nos devolve o que somos\u201d, disse Ismael. <\/p>\n\n\n\n<p>Rita de C\u00e1ssia retribuiu o carinho dos estudantes. \u201cNeste per\u00edodo, fui muito amada e acredito que a gente exala o que recebe. Voc\u00eas s\u00e3o especiais, \u00fanicos, fazem parte da minha vida. Por meio do Senar, eu consigo realizar minha miss\u00e3o de fazer as pessoas felizes&#8221;, comentou. <\/p>\n\n\n\n<p>&#8220;Gosto de formar essas turmas, esses jovens, na flor da idade, com esse brilho no olhar. \u00c9 t\u00e3o lindo ver voc\u00eas entrando na sala de aula! Muito obrigado por tudo, cada palavra, cada gesto eu guardo dentro do meu cora\u00e7\u00e3o. Amo voc\u00eas e lembrem-se da sua capacidade de fazer o que quiserem. Nunca acreditem nas pessoas que dizem que voc\u00eas n\u00e3o podem. Voc\u00eas podem tudo\u201d, ressaltou Rita.<\/p>\n\n\n\n<figure class=\"wp-block-image\"><img decoding=\"async\" width=\"886\" height=\"591\" src=\"http:\/\/www.sistemafaeal.org.br\/senar\/wp-content\/uploads\/2019\/05\/2-1.jpg\" alt=\"\" class=\"wp-image-2616\" srcset=\"https:\/\/www.sistemafaeal.org.br\/senar\/wp-content\/uploads\/2019\/05\/2-1.jpg 886w, https:\/\/www.sistemafaeal.org.br\/senar\/wp-content\/uploads\/2019\/05\/2-1-600x400.jpg 600w, https:\/\/www.sistemafaeal.org.br\/senar\/wp-content\/uploads\/2019\/05\/2-1-300x200.jpg 300w, https:\/\/www.sistemafaeal.org.br\/senar\/wp-content\/uploads\/2019\/05\/2-1-768x512.jpg 768w, https:\/\/www.sistemafaeal.org.br\/senar\/wp-content\/uploads\/2019\/05\/2-1-696x464.jpg 696w, https:\/\/www.sistemafaeal.org.br\/senar\/wp-content\/uploads\/2019\/05\/2-1-630x420.jpg 630w\" sizes=\"(max-width: 886px) 100vw, 886px\" \/><figcaption>Turma do JAA na Usina Caet\u00e9 com a professora Rita<\/figcaption><\/figure>\n\n\n\n<p>Pedro Ant\u00f4nio Correia da Silva, 19, sabe bem que os sonhos s\u00e3o poss\u00edveis. Rec\u00e9m-aprovado no vestibular para Engenharia El\u00e9trica, o jovem reconheceu o quanto o incentivo da professora Rita de C\u00e1ssia foi importante. \u201cEla sempre cobrou bastante da turma e mostrou que n\u00f3s somos capazes de fazer tudo. Lembro de uma din\u00e2mica em que a gente tinha que desenhar com os p\u00e9s, todo mundo disse que n\u00e3o conseguiria, mas ela insistiu e n\u00f3s fizemos&#8221;, rememorou. <\/p>\n\n\n\n<p>Segundo Pedro, a professora Rita \u00e9 como uma m\u00e3e. &#8220;Quando est\u00e1vamos mal, para baixo, ela perguntava o que a gente tinha, o que precisava, se era problema em casa. Eu acho que isso \u00e9 uma forma de amor, pois muitas vezes n\u00e3o temos algu\u00e9m que se importe tanto com a gente como ela sempre se importou, desde o primeiro dia em que entrou aqui\u201d, reconheceu.<\/p>\n\n\n\n<figure class=\"wp-block-embed-youtube wp-block-embed is-type-video is-provider-youtube wp-embed-aspect-16-9 wp-has-aspect-ratio\"><div class=\"wp-block-embed__wrapper\">\n<div class=\"epyt-video-wrapper\"><iframe  id=\"_ytid_23800\"  width=\"640\" height=\"360\"  data-origwidth=\"640\" data-origheight=\"360\" src=\"https:\/\/www.youtube.com\/embed\/Gwnk5LkeBhc?enablejsapi=1&#038;autoplay=0&#038;cc_load_policy=0&#038;cc_lang_pref=&#038;iv_load_policy=1&#038;loop=0&#038;rel=0&#038;fs=1&#038;playsinline=0&#038;autohide=2&#038;theme=dark&#038;color=red&#038;controls=1&#038;disablekb=0&#038;\" class=\"__youtube_prefs__  epyt-is-override  no-lazyload\" title=\"YouTube player\"  allow=\"fullscreen; accelerometer; autoplay; clipboard-write; encrypted-media; gyroscope; picture-in-picture; web-share\" referrerpolicy=\"strict-origin-when-cross-origin\" allowfullscreen data-no-lazy=\"1\" data-skipgform_ajax_framebjll=\"\"><\/iframe><\/div>\n<\/div><figcaption>Alunos produziram v\u00eddeo em homenagem \u00e0 professora<\/figcaption><\/figure>\n\n\n\n<p>\u201cAgrade\u00e7o \u00e0 professora Rita pelo trabalho maravilhoso que faz nos momentos em que est\u00e1 conosco. Trabalhamos com aprendizagem h\u00e1 dez anos na Usina Caet\u00e9 e isso nos deixa muito felizes, pois, al\u00e9m de cumprir as leis, estamos formando jovens. Que esses estudantes aproveitem tudo o que viveram, pois isso vai contribuir significativamente na vida profissional deles&#8221;, ressaltou a gerente de Gest\u00e3o de Pessoas da Usina Caet\u00e9, Marta Santos. <\/p>\n\n\n\n<p>A Caet\u00e9 j\u00e1 qualificou 206 jovens e, hoje, cerca de 26% desses ex-aprendizes s\u00e3o funcion\u00e1rios da empresa. &#8220;O percentual poderia ser maior, mas alguns passaram em concurso p\u00fablico, tiveram outras oportunidades ou foram morar em outro local. Portanto, o programa \u00e9 maravilhoso, tanto para esses alunos quanto para n\u00f3s, que ganhamos a possibilidade de ter jovens mais preparados fazendo parte dos seus quadros\u201d, avaliou Marta.<\/p>\n\n\n\n<figure class=\"wp-block-embed-youtube wp-block-embed is-type-video is-provider-youtube wp-embed-aspect-16-9 wp-has-aspect-ratio\"><div class=\"wp-block-embed__wrapper\">\n<div class=\"epyt-video-wrapper\"><iframe  id=\"_ytid_80471\"  width=\"640\" height=\"360\"  data-origwidth=\"640\" data-origheight=\"360\" src=\"https:\/\/www.youtube.com\/embed\/YcQHcN7uPkU?enablejsapi=1&#038;autoplay=0&#038;cc_load_policy=0&#038;cc_lang_pref=&#038;iv_load_policy=1&#038;loop=0&#038;rel=0&#038;fs=1&#038;playsinline=0&#038;autohide=2&#038;theme=dark&#038;color=red&#038;controls=1&#038;disablekb=0&#038;\" class=\"__youtube_prefs__  epyt-is-override  no-lazyload\" title=\"YouTube player\"  allow=\"fullscreen; accelerometer; autoplay; clipboard-write; encrypted-media; gyroscope; picture-in-picture; web-share\" referrerpolicy=\"strict-origin-when-cross-origin\" allowfullscreen data-no-lazy=\"1\" data-skipgform_ajax_framebjll=\"\"><\/iframe><\/div>\n<\/div><figcaption>Rita de C\u00e1ssia agradece e retribui o carinho dos alunos <\/figcaption><\/figure>\n","protected":false},"excerpt":{"rendered":"<p>Foram dois meses e meio de conviv\u00eancia e a constru\u00e7\u00e3o de conhecimentos e la\u00e7os afetivos para a vida inteira. A despedida, portanto, n\u00e3o poderia ser diferente. Na \u00faltima ter\u00e7a-feira, 21, estudantes do curso de Eletricista Rural, da Usina Caet\u00e9, munic\u00edpio de S\u00e3o Miguel dos Campos, celebraram o encerramento dos m\u00f3dulos de compet\u00eancias b\u00e1sicas com homenagens [&hellip;]<\/p>\n","protected":false},"author":7,"featured_media":2614,"comment_status":"open","ping_status":"open","sticky":false,"template":"","format":"standard","meta":{"footnotes":""},"categories":[5],"tags":[],"class_list":["post-2613","post","type-post","status-publish","format-standard","has-post-thumbnail","hentry","category-noticias"],"_links":{"self":[{"href":"https:\/\/www.sistemafaeal.org.br\/senar\/wp-json\/wp\/v2\/posts\/2613","targetHints":{"allow":["GET"]}}],"collection":[{"href":"https:\/\/www.sistemafaeal.org.br\/senar\/wp-json\/wp\/v2\/posts"}],"about":[{"href":"https:\/\/www.sistemafaeal.org.br\/senar\/wp-json\/wp\/v2\/types\/post"}],"author":[{"embeddable":true,"href":"https:\/\/www.sistemafaeal.org.br\/senar\/wp-json\/wp\/v2\/users\/7"}],"replies":[{"embeddable":true,"href":"https:\/\/www.sistemafaeal.org.br\/senar\/wp-json\/wp\/v2\/comments?post=2613"}],"version-history":[{"count":0,"href":"https:\/\/www.sistemafaeal.org.br\/senar\/wp-json\/wp\/v2\/posts\/2613\/revisions"}],"wp:featuredmedia":[{"embeddable":true,"href":"https:\/\/www.sistemafaeal.org.br\/senar\/wp-json\/wp\/v2\/media\/2614"}],"wp:attachment":[{"href":"https:\/\/www.sistemafaeal.org.br\/senar\/wp-json\/wp\/v2\/media?parent=2613"}],"wp:term":[{"taxonomy":"category","embeddable":true,"href":"https:\/\/www.sistemafaeal.org.br\/senar\/wp-json\/wp\/v2\/categories?post=2613"},{"taxonomy":"post_tag","embeddable":true,"href":"https:\/\/www.sistemafaeal.org.br\/senar\/wp-json\/wp\/v2\/tags?post=2613"}],"curies":[{"name":"wp","href":"https:\/\/api.w.org\/{rel}","templated":true}]}}