{"id":2619,"date":"2019-05-27T08:57:28","date_gmt":"2019-05-27T11:57:28","guid":{"rendered":"http:\/\/www.sistemafaeal.org.br\/senar\/?p=2619"},"modified":"2019-05-27T09:10:39","modified_gmt":"2019-05-27T12:10:39","slug":"tecnicos-em-agronegocio-recebem-diploma-em-palmeira-dos-indios","status":"publish","type":"post","link":"https:\/\/www.sistemafaeal.org.br\/senar\/tecnicos-em-agronegocio-recebem-diploma-em-palmeira-dos-indios\/","title":{"rendered":"T\u00e9cnicos em Agroneg\u00f3cio recebem diploma em Palmeira dos \u00cdndios"},"content":{"rendered":"\n<figure class=\"wp-block-image\"><img fetchpriority=\"high\" decoding=\"async\" width=\"886\" height=\"591\" src=\"http:\/\/www.sistemafaeal.org.br\/senar\/wp-content\/uploads\/2019\/05\/5-1.jpg\" alt=\"\" class=\"wp-image-2620\" srcset=\"https:\/\/www.sistemafaeal.org.br\/senar\/wp-content\/uploads\/2019\/05\/5-1.jpg 886w, https:\/\/www.sistemafaeal.org.br\/senar\/wp-content\/uploads\/2019\/05\/5-1-600x400.jpg 600w, https:\/\/www.sistemafaeal.org.br\/senar\/wp-content\/uploads\/2019\/05\/5-1-300x200.jpg 300w, https:\/\/www.sistemafaeal.org.br\/senar\/wp-content\/uploads\/2019\/05\/5-1-768x512.jpg 768w, https:\/\/www.sistemafaeal.org.br\/senar\/wp-content\/uploads\/2019\/05\/5-1-696x464.jpg 696w, https:\/\/www.sistemafaeal.org.br\/senar\/wp-content\/uploads\/2019\/05\/5-1-630x420.jpg 630w\" sizes=\"(max-width: 886px) 100vw, 886px\" \/><\/figure>\n\n\n\n<p>O Servi\u00e7o Nacional de Aprendizagem \u2013 Senar Alagoas \u2013 entregou o certificado de conclus\u00e3o dos curso T\u00e9cnico em Agroneg\u00f3cio para 12 profissionais do munic\u00edpio de Palmeira dos \u00cdndios. A solenidade aconteceu na manh\u00e3 desse s\u00e1bado, 25, na sede do Sindicato Rural do munic\u00edpio.<\/p>\n\n\n\n<p>O curso T\u00e9cnico em Agroneg\u00f3cio\ntem carga hor\u00e1ria de 1.230 horas. 80% das atividades s\u00e3o realizadas a dist\u00e2ncia\ne 20% em aulas presenciais. O objetivo \u00e9 formar profissionais que contribuam\npara aumentar a efici\u00eancia do mercado agr\u00edcola e industrial.&nbsp;<\/p>\n\n\n\n<p>Por meio de t\u00e9cnicas de gest\u00e3o\ne de comercializa\u00e7\u00e3o, o t\u00e9cnico em Agroneg\u00f3cio atua na execu\u00e7\u00e3o de\nprocedimentos para planejar e auxiliar na organiza\u00e7\u00e3o e controle das atividades\nde gest\u00e3o do neg\u00f3cio rural.<\/p>\n\n\n\n<figure class=\"wp-block-image\"><img decoding=\"async\" width=\"886\" height=\"612\" src=\"http:\/\/www.sistemafaeal.org.br\/senar\/wp-content\/uploads\/2019\/05\/4-3.jpg\" alt=\"\" class=\"wp-image-2621\" srcset=\"https:\/\/www.sistemafaeal.org.br\/senar\/wp-content\/uploads\/2019\/05\/4-3.jpg 886w, https:\/\/www.sistemafaeal.org.br\/senar\/wp-content\/uploads\/2019\/05\/4-3-600x414.jpg 600w, https:\/\/www.sistemafaeal.org.br\/senar\/wp-content\/uploads\/2019\/05\/4-3-300x207.jpg 300w, https:\/\/www.sistemafaeal.org.br\/senar\/wp-content\/uploads\/2019\/05\/4-3-768x530.jpg 768w, https:\/\/www.sistemafaeal.org.br\/senar\/wp-content\/uploads\/2019\/05\/4-3-100x70.jpg 100w, https:\/\/www.sistemafaeal.org.br\/senar\/wp-content\/uploads\/2019\/05\/4-3-218x150.jpg 218w, https:\/\/www.sistemafaeal.org.br\/senar\/wp-content\/uploads\/2019\/05\/4-3-696x481.jpg 696w, https:\/\/www.sistemafaeal.org.br\/senar\/wp-content\/uploads\/2019\/05\/4-3-608x420.jpg 608w\" sizes=\"(max-width: 886px) 100vw, 886px\" \/><figcaption>O zootecnista Tarc\u00edsio Ferro recebeu o diploma acompanhado da fam\u00edlia<\/figcaption><\/figure>\n\n\n\n<p>Aos 38 anos, o zootecnista\nTarc\u00edsio Ferro Costa Filho fez do curso T\u00e9cnico em Agroneg\u00f3cio do Senar uma\noportunidade de ampliar a \u00e1rea de atua\u00e7\u00e3o. \u201cHoje eu j\u00e1 sou instrutor de outra\nturma, j\u00e1 dei aulas de Produ\u00e7\u00e3o Animal e Log\u00edstica da Produ\u00e7\u00e3o, s\u00f3 tenho a\nagradecer por todo o conhecimento que adquiri ao longo desse per\u00edodo\u201d,\nreconhece.<\/p>\n\n\n\n<p>Dayse Carolynne Ferreira de\nMelo, 21, \u00e9 esteticista e encontrou no curso T\u00e9cnico em Agroneg\u00f3cio uma\noportunidade para percorrer novos caminhos profissionais. \u201cO agro \u00e9 uma \u00e1rea\nmuito ampla, ent\u00e3o, eu ainda estou estudando onde vou atuar\u201d, diz.<\/p>\n\n\n\n<p>\u201cEsse curso representa a chance\nde melhorar curr\u00edculo e de conseguir emprego para muitas pessoas que chegaram\naqui sem o m\u00ednimo conhecimento da \u00e1rea\u201d, observa a coordenadora do polo do\nSenar em Palmeira dos \u00cdndios, Milena Gabriela Tavares Duarte Pradines.<\/p>\n\n\n\n<figure class=\"wp-block-image\"><img decoding=\"async\" width=\"886\" height=\"581\" src=\"http:\/\/www.sistemafaeal.org.br\/senar\/wp-content\/uploads\/2019\/05\/2-2.jpg\" alt=\"\" class=\"wp-image-2623\" srcset=\"https:\/\/www.sistemafaeal.org.br\/senar\/wp-content\/uploads\/2019\/05\/2-2.jpg 886w, https:\/\/www.sistemafaeal.org.br\/senar\/wp-content\/uploads\/2019\/05\/2-2-600x393.jpg 600w, https:\/\/www.sistemafaeal.org.br\/senar\/wp-content\/uploads\/2019\/05\/2-2-300x197.jpg 300w, https:\/\/www.sistemafaeal.org.br\/senar\/wp-content\/uploads\/2019\/05\/2-2-768x504.jpg 768w, https:\/\/www.sistemafaeal.org.br\/senar\/wp-content\/uploads\/2019\/05\/2-2-696x456.jpg 696w, https:\/\/www.sistemafaeal.org.br\/senar\/wp-content\/uploads\/2019\/05\/2-2-741x486.jpg 741w, https:\/\/www.sistemafaeal.org.br\/senar\/wp-content\/uploads\/2019\/05\/2-2-640x420.jpg 640w\" sizes=\"(max-width: 886px) 100vw, 886px\" \/><figcaption>Nielson Correia Barros, presidente do Sindicato Rural, ressalta parceria<\/figcaption><\/figure>\n\n\n\n<p><strong>Parceria<\/strong><\/p>\n\n\n\n<p>Oferecido pela rede e-Tec, o\ncurso \u00e9 uma parceria do Senar com a Federa\u00e7\u00e3o da Agricultura e Pecu\u00e1ria do\nEstado de Alagoas &#8211; Faeal &#8211; e os sindicatos rurais dos munic\u00edpios.&nbsp;<\/p>\n\n\n\n<p>\u201cEssa parceria \u00e9 muito importante e a nossa expectativa \u00e9 ampliar, at\u00e9 porque precisamos chegar cada vez mais \u00e0s comunidades que n\u00e3o t\u00eam tanto acesso \u00e0 educa\u00e7\u00e3o, e os projetos do Senar s\u00e3o fundamentais para que isso aconte\u00e7a\u201d, comenta o presidente do Sindicato Rural de Palmeira dos \u00cdndios, Nielson Correia Barros.<\/p>\n\n\n\n<figure class=\"wp-block-image\"><img loading=\"lazy\" decoding=\"async\" width=\"886\" height=\"591\" src=\"http:\/\/www.sistemafaeal.org.br\/senar\/wp-content\/uploads\/2019\/05\/1-6.jpg\" alt=\"\" class=\"wp-image-2624\" srcset=\"https:\/\/www.sistemafaeal.org.br\/senar\/wp-content\/uploads\/2019\/05\/1-6.jpg 886w, https:\/\/www.sistemafaeal.org.br\/senar\/wp-content\/uploads\/2019\/05\/1-6-600x400.jpg 600w, https:\/\/www.sistemafaeal.org.br\/senar\/wp-content\/uploads\/2019\/05\/1-6-300x200.jpg 300w, https:\/\/www.sistemafaeal.org.br\/senar\/wp-content\/uploads\/2019\/05\/1-6-768x512.jpg 768w, https:\/\/www.sistemafaeal.org.br\/senar\/wp-content\/uploads\/2019\/05\/1-6-696x464.jpg 696w, https:\/\/www.sistemafaeal.org.br\/senar\/wp-content\/uploads\/2019\/05\/1-6-630x420.jpg 630w\" sizes=\"(max-width: 886px) 100vw, 886px\" \/><figcaption>Andrea Almeida, coordenadora pedag\u00f3gica, fala para os alunos ao lado da coordenadora do polo de Palmeira, Milena Pradines<\/figcaption><\/figure>\n\n\n\n<p>Segundo a coordenadora\npedag\u00f3gica da Rede e-Tec no Senar Alagoas, Andrea Almeida, a participa\u00e7\u00e3o dos\nsindicatos \u00e9 decisiva para o sucesso dos projetos. \u201cS\u00e3o eles que est\u00e3o na linha\nde frente, junto \u00e0s comunidades, mobilizando, mostrando a import\u00e2ncia e\ntrazendo para n\u00f3s aquelas pessoas que realmente est\u00e3o dispostas a aprender\u201d,\nanalisa.<\/p>\n","protected":false},"excerpt":{"rendered":"<p>O Servi\u00e7o Nacional de Aprendizagem \u2013 Senar Alagoas \u2013 entregou o certificado de conclus\u00e3o dos curso T\u00e9cnico em Agroneg\u00f3cio para 12 profissionais do munic\u00edpio de Palmeira dos \u00cdndios. A solenidade aconteceu na manh\u00e3 desse s\u00e1bado, 25, na sede do Sindicato Rural do munic\u00edpio. O curso T\u00e9cnico em Agroneg\u00f3cio tem carga hor\u00e1ria de 1.230 horas. 80% [&hellip;]<\/p>\n","protected":false},"author":7,"featured_media":2621,"comment_status":"open","ping_status":"open","sticky":false,"template":"","format":"standard","meta":{"footnotes":""},"categories":[5],"tags":[],"class_list":["post-2619","post","type-post","status-publish","format-standard","has-post-thumbnail","hentry","category-noticias"],"_links":{"self":[{"href":"https:\/\/www.sistemafaeal.org.br\/senar\/wp-json\/wp\/v2\/posts\/2619","targetHints":{"allow":["GET"]}}],"collection":[{"href":"https:\/\/www.sistemafaeal.org.br\/senar\/wp-json\/wp\/v2\/posts"}],"about":[{"href":"https:\/\/www.sistemafaeal.org.br\/senar\/wp-json\/wp\/v2\/types\/post"}],"author":[{"embeddable":true,"href":"https:\/\/www.sistemafaeal.org.br\/senar\/wp-json\/wp\/v2\/users\/7"}],"replies":[{"embeddable":true,"href":"https:\/\/www.sistemafaeal.org.br\/senar\/wp-json\/wp\/v2\/comments?post=2619"}],"version-history":[{"count":0,"href":"https:\/\/www.sistemafaeal.org.br\/senar\/wp-json\/wp\/v2\/posts\/2619\/revisions"}],"wp:featuredmedia":[{"embeddable":true,"href":"https:\/\/www.sistemafaeal.org.br\/senar\/wp-json\/wp\/v2\/media\/2621"}],"wp:attachment":[{"href":"https:\/\/www.sistemafaeal.org.br\/senar\/wp-json\/wp\/v2\/media?parent=2619"}],"wp:term":[{"taxonomy":"category","embeddable":true,"href":"https:\/\/www.sistemafaeal.org.br\/senar\/wp-json\/wp\/v2\/categories?post=2619"},{"taxonomy":"post_tag","embeddable":true,"href":"https:\/\/www.sistemafaeal.org.br\/senar\/wp-json\/wp\/v2\/tags?post=2619"}],"curies":[{"name":"wp","href":"https:\/\/api.w.org\/{rel}","templated":true}]}}