{"id":2627,"date":"2019-05-27T10:28:46","date_gmt":"2019-05-27T13:28:46","guid":{"rendered":"http:\/\/www.sistemafaeal.org.br\/senar\/?p=2627"},"modified":"2019-05-27T14:01:53","modified_gmt":"2019-05-27T17:01:53","slug":"senar-realiza-mais-uma-edicao-dos-programas-de-saude-em-junqueiro","status":"publish","type":"post","link":"https:\/\/www.sistemafaeal.org.br\/senar\/senar-realiza-mais-uma-edicao-dos-programas-de-saude-em-junqueiro\/","title":{"rendered":"Senar realiza mais uma edi\u00e7\u00e3o dos programas de sa\u00fade em Junqueiro"},"content":{"rendered":"\n<figure class=\"wp-block-image\"><img fetchpriority=\"high\" decoding=\"async\" width=\"886\" height=\"608\" src=\"http:\/\/www.sistemafaeal.org.br\/senar\/wp-content\/uploads\/2019\/05\/5-2.jpg\" alt=\"\" class=\"wp-image-2630\" srcset=\"https:\/\/www.sistemafaeal.org.br\/senar\/wp-content\/uploads\/2019\/05\/5-2.jpg 886w, https:\/\/www.sistemafaeal.org.br\/senar\/wp-content\/uploads\/2019\/05\/5-2-600x412.jpg 600w, https:\/\/www.sistemafaeal.org.br\/senar\/wp-content\/uploads\/2019\/05\/5-2-300x206.jpg 300w, https:\/\/www.sistemafaeal.org.br\/senar\/wp-content\/uploads\/2019\/05\/5-2-768x527.jpg 768w, https:\/\/www.sistemafaeal.org.br\/senar\/wp-content\/uploads\/2019\/05\/5-2-100x70.jpg 100w, https:\/\/www.sistemafaeal.org.br\/senar\/wp-content\/uploads\/2019\/05\/5-2-218x150.jpg 218w, https:\/\/www.sistemafaeal.org.br\/senar\/wp-content\/uploads\/2019\/05\/5-2-696x478.jpg 696w, https:\/\/www.sistemafaeal.org.br\/senar\/wp-content\/uploads\/2019\/05\/5-2-612x420.jpg 612w\" sizes=\"(max-width: 886px) 100vw, 886px\" \/><\/figure>\n\n\n\n<p>A popula\u00e7\u00e3o rural do munic\u00edpio de Junqueiro teve a oportunidade\nde participar de mais uma a\u00e7\u00e3o dos programas de Sa\u00fade da Mulher e do Homem\npromovidos pelo Servi\u00e7o Nacional de Aprendizagem Rural \u2013 Senar Alagoas. As\na\u00e7\u00f5es aconteceram na \u00faltima sexta-feira, 24 de maio, nas unidades b\u00e1sicas de\nsa\u00fade dos povoados S\u00e3o Benedito e Retiro.<\/p>\n\n\n\n<p>Os programas de sa\u00fade t\u00eam o apoio da Federa\u00e7\u00e3o da\nAgricultura e Pecu\u00e1ria do Estado de Alagoas \u2013 Faeal \u2013 e s\u00e3o realizados em\nparceria com a Sociedade Brasileira de Urologia, prefeituras e sindicatos\nrurais dos munic\u00edpios. O objetivo principal \u00e9 combater o c\u00e2ncer de mama,\npr\u00f3stata e p\u00eanis, entre outras doen\u00e7as. Al\u00e9m de palestras, os homens e mulheres\ndo campo recebem orienta\u00e7\u00f5es e fazem exames preventivos.<\/p>\n\n\n\n<p>\u201cUm homem no Brasil recebe a not\u00edcia de que tem c\u00e2ncer de\npr\u00f3stata a cada sete minutos; um homem morre por esta doen\u00e7a a cada 40 minutos.\n25% dos portadores de c\u00e2ncer da pr\u00f3stata morrem devido a doen\u00e7a e 20% s\u00e3o\ndiagnosticados em est\u00e1gios avan\u00e7ados. N\u00e3o \u00e9 poss\u00edvel evitar a doen\u00e7a, mas \u00e9\nposs\u00edvel diagnostic\u00e1-la precocemente. Com o diagn\u00f3stico precoce, as chances de\ncura s\u00e3o de 90%\u201d, explica o urologista M\u00e1rio Ronalsa Brand\u00e3o Filho, durante\npalestra.<\/p>\n\n\n\n<figure class=\"wp-block-image\"><img decoding=\"async\" width=\"886\" height=\"591\" src=\"http:\/\/www.sistemafaeal.org.br\/senar\/wp-content\/uploads\/2019\/05\/8.jpg\" alt=\"\" class=\"wp-image-2631\" srcset=\"https:\/\/www.sistemafaeal.org.br\/senar\/wp-content\/uploads\/2019\/05\/8.jpg 886w, https:\/\/www.sistemafaeal.org.br\/senar\/wp-content\/uploads\/2019\/05\/8-600x400.jpg 600w, https:\/\/www.sistemafaeal.org.br\/senar\/wp-content\/uploads\/2019\/05\/8-300x200.jpg 300w, https:\/\/www.sistemafaeal.org.br\/senar\/wp-content\/uploads\/2019\/05\/8-768x512.jpg 768w, https:\/\/www.sistemafaeal.org.br\/senar\/wp-content\/uploads\/2019\/05\/8-696x464.jpg 696w, https:\/\/www.sistemafaeal.org.br\/senar\/wp-content\/uploads\/2019\/05\/8-630x420.jpg 630w\" sizes=\"(max-width: 886px) 100vw, 886px\" \/><\/figure>\n\n\n\n<p>Ap\u00f3s assistir \u00e0 palestra do urologista, o agricultor Jos\u00e9 Alves da Silva decidiu fazer os exames de PSA e toque retal pela primeira vez \u2013 aos 67 anos. \u201cAgora eu vejo que \u00e9 importante fazer, porque se tiver a doen\u00e7a, a pessoa pode se cuidar logo\u201d, diz. Aos 19 anos, a estudante de Pedagogia Vanice Soares dos Santos aproveitou a oportunidade para fazer o exame de citologia. \u201cPara mim \u00e9 importante porque posso me prevenir contra v\u00e1rias doen\u00e7as\u201d, afirmou.<\/p>\n\n\n\n<p>Toda a a\u00e7\u00e3o foi acompanhada pelo presidente da Federa\u00e7\u00e3o da Agricultura e do Conselho de Administra\u00e7\u00e3o do Senar AL, \u00c1lvaro Almeida; o prefeito de Junqueiro, Carlos Augusto; e a presidente do Sindicato Rural do munic\u00edpio, Morgana Tavares. \u201c\u00c9 muito importante essa parceria em prol da aten\u00e7\u00e3o \u00e0 sa\u00fade da mulher e do homem, este \u00e9 um dia muito especial e n\u00f3s s\u00f3 temos a agradecer\u201d, diz Carlos Augusto. <\/p>\n\n\n\n<figure class=\"wp-block-image\"><img decoding=\"async\" width=\"886\" height=\"591\" src=\"http:\/\/www.sistemafaeal.org.br\/senar\/wp-content\/uploads\/2019\/05\/3-1.jpg\" alt=\"\" class=\"wp-image-2632\" srcset=\"https:\/\/www.sistemafaeal.org.br\/senar\/wp-content\/uploads\/2019\/05\/3-1.jpg 886w, https:\/\/www.sistemafaeal.org.br\/senar\/wp-content\/uploads\/2019\/05\/3-1-600x400.jpg 600w, https:\/\/www.sistemafaeal.org.br\/senar\/wp-content\/uploads\/2019\/05\/3-1-300x200.jpg 300w, https:\/\/www.sistemafaeal.org.br\/senar\/wp-content\/uploads\/2019\/05\/3-1-768x512.jpg 768w, https:\/\/www.sistemafaeal.org.br\/senar\/wp-content\/uploads\/2019\/05\/3-1-696x464.jpg 696w, https:\/\/www.sistemafaeal.org.br\/senar\/wp-content\/uploads\/2019\/05\/3-1-630x420.jpg 630w\" sizes=\"(max-width: 886px) 100vw, 886px\" \/><\/figure>\n\n\n\n<p>\u201cTrouxemos as a\u00e7\u00f5es para comunidades que realmente precisam desse atendimento e estamos avan\u00e7ando no sentido de trazer mais benef\u00edcios para essas pessoas\u201d, avalia Morgana Tavares. \u201cIsso \u00e9 muito importante para n\u00f3s e, principalmente, para a popula\u00e7\u00e3o de Junqueiro. Estamos mais uma vez satisfeitos e com a certeza de que seguimos cumprindo com a nossa obriga\u00e7\u00e3o nesse aspecto de cuidar da sa\u00fade do homem e da mulher do campo\u201d, comenta o presidente \u00c1lvaro Almeida.<\/p>\n\n\n\n<p><\/p>\n\n\n\n<figure class=\"wp-block-image\"><img loading=\"lazy\" decoding=\"async\" width=\"886\" height=\"625\" src=\"http:\/\/www.sistemafaeal.org.br\/senar\/wp-content\/uploads\/2019\/05\/1-7.jpg\" alt=\"\" class=\"wp-image-2633\" srcset=\"https:\/\/www.sistemafaeal.org.br\/senar\/wp-content\/uploads\/2019\/05\/1-7.jpg 886w, https:\/\/www.sistemafaeal.org.br\/senar\/wp-content\/uploads\/2019\/05\/1-7-600x423.jpg 600w, https:\/\/www.sistemafaeal.org.br\/senar\/wp-content\/uploads\/2019\/05\/1-7-300x212.jpg 300w, https:\/\/www.sistemafaeal.org.br\/senar\/wp-content\/uploads\/2019\/05\/1-7-768x542.jpg 768w, https:\/\/www.sistemafaeal.org.br\/senar\/wp-content\/uploads\/2019\/05\/1-7-100x70.jpg 100w, https:\/\/www.sistemafaeal.org.br\/senar\/wp-content\/uploads\/2019\/05\/1-7-696x491.jpg 696w, https:\/\/www.sistemafaeal.org.br\/senar\/wp-content\/uploads\/2019\/05\/1-7-595x420.jpg 595w\" sizes=\"(max-width: 886px) 100vw, 886px\" \/><\/figure>\n\n\n\n<p><\/p>\n","protected":false},"excerpt":{"rendered":"<p>A popula\u00e7\u00e3o rural do munic\u00edpio de Junqueiro teve a oportunidade de participar de mais uma a\u00e7\u00e3o dos programas de Sa\u00fade da Mulher e do Homem promovidos pelo Servi\u00e7o Nacional de Aprendizagem Rural \u2013 Senar Alagoas. As a\u00e7\u00f5es aconteceram na \u00faltima sexta-feira, 24 de maio, nas unidades b\u00e1sicas de sa\u00fade dos povoados S\u00e3o Benedito e Retiro. [&hellip;]<\/p>\n","protected":false},"author":7,"featured_media":2631,"comment_status":"open","ping_status":"open","sticky":false,"template":"","format":"standard","meta":{"footnotes":""},"categories":[5],"tags":[],"class_list":["post-2627","post","type-post","status-publish","format-standard","has-post-thumbnail","hentry","category-noticias"],"_links":{"self":[{"href":"https:\/\/www.sistemafaeal.org.br\/senar\/wp-json\/wp\/v2\/posts\/2627","targetHints":{"allow":["GET"]}}],"collection":[{"href":"https:\/\/www.sistemafaeal.org.br\/senar\/wp-json\/wp\/v2\/posts"}],"about":[{"href":"https:\/\/www.sistemafaeal.org.br\/senar\/wp-json\/wp\/v2\/types\/post"}],"author":[{"embeddable":true,"href":"https:\/\/www.sistemafaeal.org.br\/senar\/wp-json\/wp\/v2\/users\/7"}],"replies":[{"embeddable":true,"href":"https:\/\/www.sistemafaeal.org.br\/senar\/wp-json\/wp\/v2\/comments?post=2627"}],"version-history":[{"count":0,"href":"https:\/\/www.sistemafaeal.org.br\/senar\/wp-json\/wp\/v2\/posts\/2627\/revisions"}],"wp:featuredmedia":[{"embeddable":true,"href":"https:\/\/www.sistemafaeal.org.br\/senar\/wp-json\/wp\/v2\/media\/2631"}],"wp:attachment":[{"href":"https:\/\/www.sistemafaeal.org.br\/senar\/wp-json\/wp\/v2\/media?parent=2627"}],"wp:term":[{"taxonomy":"category","embeddable":true,"href":"https:\/\/www.sistemafaeal.org.br\/senar\/wp-json\/wp\/v2\/categories?post=2627"},{"taxonomy":"post_tag","embeddable":true,"href":"https:\/\/www.sistemafaeal.org.br\/senar\/wp-json\/wp\/v2\/tags?post=2627"}],"curies":[{"name":"wp","href":"https:\/\/api.w.org\/{rel}","templated":true}]}}