{"id":2645,"date":"2019-05-28T12:03:31","date_gmt":"2019-05-28T15:03:31","guid":{"rendered":"http:\/\/www.sistemafaeal.org.br\/senar\/?p=2645"},"modified":"2019-06-04T22:05:35","modified_gmt":"2019-06-05T01:05:35","slug":"senar-al-orienta-mobilizadores","status":"publish","type":"post","link":"https:\/\/www.sistemafaeal.org.br\/senar\/senar-al-orienta-mobilizadores\/","title":{"rendered":"Cursos no campo: Senar AL orienta mobilizadores"},"content":{"rendered":"\n<figure class=\"wp-block-image\"><img fetchpriority=\"high\" decoding=\"async\" width=\"886\" height=\"585\" src=\"http:\/\/www.sistemafaeal.org.br\/senar\/wp-content\/uploads\/2019\/05\/reuniaomob.jpg\" alt=\"\" class=\"wp-image-2646\" srcset=\"https:\/\/www.sistemafaeal.org.br\/senar\/wp-content\/uploads\/2019\/05\/reuniaomob.jpg 886w, https:\/\/www.sistemafaeal.org.br\/senar\/wp-content\/uploads\/2019\/05\/reuniaomob-600x396.jpg 600w, https:\/\/www.sistemafaeal.org.br\/senar\/wp-content\/uploads\/2019\/05\/reuniaomob-300x198.jpg 300w, https:\/\/www.sistemafaeal.org.br\/senar\/wp-content\/uploads\/2019\/05\/reuniaomob-768x507.jpg 768w, https:\/\/www.sistemafaeal.org.br\/senar\/wp-content\/uploads\/2019\/05\/reuniaomob-696x460.jpg 696w, https:\/\/www.sistemafaeal.org.br\/senar\/wp-content\/uploads\/2019\/05\/reuniaomob-636x420.jpg 636w\" sizes=\"(max-width: 886px) 100vw, 886px\" \/><\/figure>\n\n\n\n<p>O Servi\u00e7o Nacional de Aprendizagem Rural \u2013 Senar Alagoas \u2013 reuniu mobilizadores nesta segunda-feira, 28, para repassar instru\u00e7\u00f5es sobre o trabalho de mobiliza\u00e7\u00e3o de alunos para os 300 cursos ofertados em parceria com o Sebrae AL, em todo o estado, por meio do Conv\u00eanio de Coopera\u00e7\u00e3o T\u00e9cnica 01\/2019. A Reuni\u00e3o aconteceu na sede do Senar, no bairro Jaragu\u00e1, em Macei\u00f3.<\/p>\n\n\n\n<p>A parceria visa capacitar 5.505 micro e pequenos produtores, trabalhadores rurais e familiares. Os treinamentos envolver\u00e3o diversas \u00e1reas, como artesanato; apicultura; avicultura; bovinocultura do leite; ovinocultura; suinocultura; piscicultura; industrializa\u00e7\u00e3o de doces; latic\u00ednios; processamento de mandioca; hortali\u00e7as e frutas; olericultura; controle de pragas e doen\u00e7as; fruticultura; mecaniza\u00e7\u00e3o agr\u00edcola; cultura da cana; inform\u00e1tica b\u00e1sica; e administra\u00e7\u00e3o rural. <\/p>\n\n\n\n<p><\/p>\n","protected":false},"excerpt":{"rendered":"<p>O Servi\u00e7o Nacional de Aprendizagem Rural \u2013 Senar Alagoas \u2013 reuniu mobilizadores nesta segunda-feira, 28, para repassar instru\u00e7\u00f5es sobre o trabalho de mobiliza\u00e7\u00e3o de alunos para os 300 cursos ofertados em parceria com o Sebrae AL, em todo o estado, por meio do Conv\u00eanio de Coopera\u00e7\u00e3o T\u00e9cnica 01\/2019. A Reuni\u00e3o aconteceu na sede do Senar, [&hellip;]<\/p>\n","protected":false},"author":7,"featured_media":2646,"comment_status":"open","ping_status":"open","sticky":false,"template":"","format":"standard","meta":{"footnotes":""},"categories":[5],"tags":[],"class_list":["post-2645","post","type-post","status-publish","format-standard","has-post-thumbnail","hentry","category-noticias"],"_links":{"self":[{"href":"https:\/\/www.sistemafaeal.org.br\/senar\/wp-json\/wp\/v2\/posts\/2645","targetHints":{"allow":["GET"]}}],"collection":[{"href":"https:\/\/www.sistemafaeal.org.br\/senar\/wp-json\/wp\/v2\/posts"}],"about":[{"href":"https:\/\/www.sistemafaeal.org.br\/senar\/wp-json\/wp\/v2\/types\/post"}],"author":[{"embeddable":true,"href":"https:\/\/www.sistemafaeal.org.br\/senar\/wp-json\/wp\/v2\/users\/7"}],"replies":[{"embeddable":true,"href":"https:\/\/www.sistemafaeal.org.br\/senar\/wp-json\/wp\/v2\/comments?post=2645"}],"version-history":[{"count":0,"href":"https:\/\/www.sistemafaeal.org.br\/senar\/wp-json\/wp\/v2\/posts\/2645\/revisions"}],"wp:featuredmedia":[{"embeddable":true,"href":"https:\/\/www.sistemafaeal.org.br\/senar\/wp-json\/wp\/v2\/media\/2646"}],"wp:attachment":[{"href":"https:\/\/www.sistemafaeal.org.br\/senar\/wp-json\/wp\/v2\/media?parent=2645"}],"wp:term":[{"taxonomy":"category","embeddable":true,"href":"https:\/\/www.sistemafaeal.org.br\/senar\/wp-json\/wp\/v2\/categories?post=2645"},{"taxonomy":"post_tag","embeddable":true,"href":"https:\/\/www.sistemafaeal.org.br\/senar\/wp-json\/wp\/v2\/tags?post=2645"}],"curies":[{"name":"wp","href":"https:\/\/api.w.org\/{rel}","templated":true}]}}