{"id":2864,"date":"2019-07-30T11:56:58","date_gmt":"2019-07-30T14:56:58","guid":{"rendered":"http:\/\/www.sistemafaeal.org.br\/senar\/?p=2864"},"modified":"2019-07-30T12:52:49","modified_gmt":"2019-07-30T15:52:49","slug":"senar-e-sebrae-discutem-programa-sertao-empreendedor-2019-2022","status":"publish","type":"post","link":"https:\/\/www.sistemafaeal.org.br\/senar\/senar-e-sebrae-discutem-programa-sertao-empreendedor-2019-2022\/","title":{"rendered":"Senar e Sebrae discutem Programa Sert\u00e3o Empreendedor 2019-2022"},"content":{"rendered":"\n<figure class=\"wp-block-image\"><img fetchpriority=\"high\" decoding=\"async\" width=\"886\" height=\"591\" src=\"http:\/\/www.sistemafaeal.org.br\/senar\/wp-content\/uploads\/2019\/07\/sebraesemp1-1.jpg\" alt=\"\" class=\"wp-image-2868\" srcset=\"https:\/\/www.sistemafaeal.org.br\/senar\/wp-content\/uploads\/2019\/07\/sebraesemp1-1.jpg 886w, https:\/\/www.sistemafaeal.org.br\/senar\/wp-content\/uploads\/2019\/07\/sebraesemp1-1-600x400.jpg 600w, https:\/\/www.sistemafaeal.org.br\/senar\/wp-content\/uploads\/2019\/07\/sebraesemp1-1-300x200.jpg 300w, https:\/\/www.sistemafaeal.org.br\/senar\/wp-content\/uploads\/2019\/07\/sebraesemp1-1-768x512.jpg 768w, https:\/\/www.sistemafaeal.org.br\/senar\/wp-content\/uploads\/2019\/07\/sebraesemp1-1-696x464.jpg 696w, https:\/\/www.sistemafaeal.org.br\/senar\/wp-content\/uploads\/2019\/07\/sebraesemp1-1-630x420.jpg 630w\" sizes=\"(max-width: 886px) 100vw, 886px\" \/><figcaption>Gestores se reuniram na sede do Sebrae<\/figcaption><\/figure>\n\n\n\n<p>Gestores do Servi\u00e7o Nacional de Aprendizagem Rural \u2013 Senar Alagoas\n\u2013 e do Sebrae AL se reuniram na manh\u00e3 dessa segunda-feira, 29, na sede do\nSebrae, em Macei\u00f3, para discutir a edi\u00e7\u00e3o 2019-2022 do Programa Sert\u00e3o\nEmpreendedor, que busca promover a competitividade e sustentabilidade dos empreendimentos\nrurais por meio do fomento \u00e0 inova\u00e7\u00e3o, ao empreendedorismo e \u00e0 difus\u00e3o das\ntecnologias sociais, de produ\u00e7\u00e3o, gest\u00e3o e boas pr\u00e1ticas de conviv\u00eancia com o\nsemi\u00e1rido.<\/p>\n\n\n\n<p>Em fase de finaliza\u00e7\u00e3o, o projeto piloto \u00e9 voltado para produtores, micro e pequenas empresas rurais, do com\u00e9rcio, servi\u00e7o e ind\u00fastria. Tem em suas diretrizes a atua\u00e7\u00e3o em segmentos econ\u00f4micos com concentra\u00e7\u00e3o de pequenos neg\u00f3cios rurais e urbanos; a difus\u00e3o do conhecimento especializado e de tecnologias; o est\u00edmulo ao empreendedorismo e ao cooperativismo; a dissemina\u00e7\u00e3o da intelig\u00eancia estrat\u00e9gica para tomada decis\u00f5es baseadas no potencial de produ\u00e7\u00e3o, produtos, mercado, agroind\u00fastria e tend\u00eancias de consumo, entre outras.<\/p>\n\n\n\n<p>A estrat\u00e9gia do Sert\u00e3o Empreendedor envolve o trabalho com\nintelig\u00eancia de dados; promo\u00e7\u00e3o de inova\u00e7\u00e3o, tecnologia e estrat\u00e9gias digitais\nde neg\u00f3cios; acesso ao mercado por meio de certifica\u00e7\u00f5es e produtos\ndiferenciados; e orienta\u00e7\u00f5es para o acesso ao cr\u00e9dito. O Senar Alagoas entrar\u00e1 na\nparceria com servi\u00e7os de capacita\u00e7\u00e3o e assist\u00eancia t\u00e9cnica e gerencial. <\/p>\n\n\n\n<p>\u201cSabemos das dificuldades do setor prim\u00e1rio em Alagoas e o Programa Sert\u00e3o Empreendedor \u00e9 uma oportunidade para que possamos capacitar o homem do campo. Primeiro identificaremos as cadeias produtivas, como ovinocultura, apicultura e horticultura, depois faremos um diagn\u00f3stico no campo e verificaremos as necessidades dos produtores para atend\u00ea-los de uma forma que melhore a sua qualidade de vida e a renda\u201d, explica o superintendente regional do Senar, Fernando D\u00f3ria. <\/p>\n\n\n\n<p>\u201cNingu\u00e9m melhor do que o Senar para conhecer as necessidades\ndos produtores rurais do nosso Sert\u00e3o, portanto, este projeto \u00e9 uma\noportunidade de nos aprofundarmos na busca por solu\u00e7\u00f5es definitivas para o\nsemi\u00e1rido. Podemos criar bons exemplos e mostrar oportunidades na produ\u00e7\u00e3o de\nanimais e alimentos, especialmente, agregando valor para levar o produtor ao\nmercado formal e contribuir para que ele possa ganhar bem, com uma produ\u00e7\u00e3o\nespecial\u201d, analisa o diretor t\u00e9cnico do Sebrae em Alagoas, Ronaldo Moraes.<\/p>\n\n\n","protected":false},"excerpt":{"rendered":"<p>Gestores do Servi\u00e7o Nacional de Aprendizagem Rural \u2013 Senar Alagoas \u2013 e do Sebrae AL se reuniram na manh\u00e3 dessa segunda-feira, 29, na sede do Sebrae, em Macei\u00f3, para discutir a edi\u00e7\u00e3o 2019-2022 do Programa Sert\u00e3o Empreendedor, que busca promover a competitividade e sustentabilidade dos empreendimentos rurais por meio do fomento \u00e0 inova\u00e7\u00e3o, ao empreendedorismo [&hellip;]<\/p>\n","protected":false},"author":7,"featured_media":2866,"comment_status":"open","ping_status":"open","sticky":false,"template":"","format":"standard","meta":{"footnotes":""},"categories":[5],"tags":[],"class_list":["post-2864","post","type-post","status-publish","format-standard","has-post-thumbnail","hentry","category-noticias"],"_links":{"self":[{"href":"https:\/\/www.sistemafaeal.org.br\/senar\/wp-json\/wp\/v2\/posts\/2864","targetHints":{"allow":["GET"]}}],"collection":[{"href":"https:\/\/www.sistemafaeal.org.br\/senar\/wp-json\/wp\/v2\/posts"}],"about":[{"href":"https:\/\/www.sistemafaeal.org.br\/senar\/wp-json\/wp\/v2\/types\/post"}],"author":[{"embeddable":true,"href":"https:\/\/www.sistemafaeal.org.br\/senar\/wp-json\/wp\/v2\/users\/7"}],"replies":[{"embeddable":true,"href":"https:\/\/www.sistemafaeal.org.br\/senar\/wp-json\/wp\/v2\/comments?post=2864"}],"version-history":[{"count":0,"href":"https:\/\/www.sistemafaeal.org.br\/senar\/wp-json\/wp\/v2\/posts\/2864\/revisions"}],"wp:featuredmedia":[{"embeddable":true,"href":"https:\/\/www.sistemafaeal.org.br\/senar\/wp-json\/wp\/v2\/media\/2866"}],"wp:attachment":[{"href":"https:\/\/www.sistemafaeal.org.br\/senar\/wp-json\/wp\/v2\/media?parent=2864"}],"wp:term":[{"taxonomy":"category","embeddable":true,"href":"https:\/\/www.sistemafaeal.org.br\/senar\/wp-json\/wp\/v2\/categories?post=2864"},{"taxonomy":"post_tag","embeddable":true,"href":"https:\/\/www.sistemafaeal.org.br\/senar\/wp-json\/wp\/v2\/tags?post=2864"}],"curies":[{"name":"wp","href":"https:\/\/api.w.org\/{rel}","templated":true}]}}