{"id":2874,"date":"2019-08-01T12:13:33","date_gmt":"2019-08-01T15:13:33","guid":{"rendered":"http:\/\/www.sistemafaeal.org.br\/senar\/?p=2874"},"modified":"2019-08-01T12:46:19","modified_gmt":"2019-08-01T15:46:19","slug":"presidente-da-faeal-prestigia-solenidade-de-outorga-de-bolsas-da-emater-fapeal","status":"publish","type":"post","link":"https:\/\/www.sistemafaeal.org.br\/senar\/presidente-da-faeal-prestigia-solenidade-de-outorga-de-bolsas-da-emater-fapeal\/","title":{"rendered":"Presidente da Faeal prestigia solenidade de outorga de bolsas da Fapeal\/Emater"},"content":{"rendered":"\n<div class=\"wp-block-image\"><figure class=\"aligncenter\"><img fetchpriority=\"high\" decoding=\"async\" width=\"640\" height=\"419\" src=\"http:\/\/www.sistemafaeal.org.br\/senar\/wp-content\/uploads\/2019\/08\/3.jpg\" alt=\"\" class=\"wp-image-2875\" srcset=\"https:\/\/www.sistemafaeal.org.br\/senar\/wp-content\/uploads\/2019\/08\/3.jpg 640w, https:\/\/www.sistemafaeal.org.br\/senar\/wp-content\/uploads\/2019\/08\/3-600x393.jpg 600w, https:\/\/www.sistemafaeal.org.br\/senar\/wp-content\/uploads\/2019\/08\/3-300x196.jpg 300w\" sizes=\"(max-width: 640px) 100vw, 640px\" \/><\/figure><\/div>\n\n\n\n<p>O presidente da Federa\u00e7\u00e3o da\nAgricultura e Pecu\u00e1ria do Estado de Alagoas \u2013 Faeal \u2013, \u00c1lvaro Almeida,\nprestigiou na manh\u00e3 desta quinta-feira, 1\u00ba de agosto, a solenidade de\nassinatura do termo de outorga das bolsas de Extens\u00e3o Tecnol\u00f3gica, T\u00e9cnica e\nApoio a Pesquisa para os profissionais selecionados no edital 001\/2019, da Funda\u00e7\u00e3o\nde Amparo \u00e0 Pesquisa do Estado de Alagoas \u2013 Fapeal \u2013 em coopera\u00e7\u00e3o com o\nInstituto de Inova\u00e7\u00e3o para o Desenvolvimento Rural Sustent\u00e1vel de Alagoas \u2013\nEmater.<\/p>\n\n\n\n<p>A solenidade aconteceu na\nsede da Emater, no bairro do Jaragu\u00e1, em Macei\u00f3. O objetivo do edital \u00e9\npromover a concess\u00e3o de bolsas para profissionais em chamadas anuais, direcionando-os\n\u00e0s pesquisas no Agreste, M\u00e9dio e Alto Sert\u00e3o, Baixo S\u00e3o Francisco e Grande Mata\nAlagoana. 20 profissionais foram aprovados no processo seletivo, entre agr\u00f4nomos,\nzootecnistas e t\u00e9cnicos agr\u00edcolas. <\/p>\n\n\n\n<p>\u201cVoc\u00eas t\u00eam a obriga\u00e7\u00e3o de\nexercer as atividades para as quais assumiram o compromisso com muita presteza\ne muito respeito, primeiramente a voc\u00eas mesmos, enquanto profissionais, e,\ndepois, a todos os produtores rurais que v\u00e3o atender, sejam eles pequenos,\nm\u00e9dios ou grandes\u201d, ressaltou \u00c1lvaro Almeida, em discurso direcionado aos\nselecionados. <\/p>\n\n\n\n<div class=\"wp-block-image\"><figure class=\"aligncenter\"><img decoding=\"async\" width=\"640\" height=\"446\" src=\"http:\/\/www.sistemafaeal.org.br\/senar\/wp-content\/uploads\/2019\/08\/19.jpg\" alt=\"\" class=\"wp-image-2879\" srcset=\"https:\/\/www.sistemafaeal.org.br\/senar\/wp-content\/uploads\/2019\/08\/19.jpg 640w, https:\/\/www.sistemafaeal.org.br\/senar\/wp-content\/uploads\/2019\/08\/19-600x418.jpg 600w, https:\/\/www.sistemafaeal.org.br\/senar\/wp-content\/uploads\/2019\/08\/19-300x209.jpg 300w, https:\/\/www.sistemafaeal.org.br\/senar\/wp-content\/uploads\/2019\/08\/19-100x70.jpg 100w, https:\/\/www.sistemafaeal.org.br\/senar\/wp-content\/uploads\/2019\/08\/19-603x420.jpg 603w\" sizes=\"(max-width: 640px) 100vw, 640px\" \/><figcaption>Mesa do evento<\/figcaption><\/figure><\/div>\n\n\n\n<p>O presidente da Faeal tamb\u00e9m destacou o empenho do\nGoverno do Estado para promover o desenvolvimento rural. \u201cLogicamente estar\u00edamos\nmais felizes com este espa\u00e7o lotado, com 200 a 300 profissionais selecionados\npara servir a Alagoas, e n\u00e3o h\u00e1 nenhuma cr\u00edtica ao Governo aqui. Tenho certeza que\nas condi\u00e7\u00f5es n\u00e3o permitem, mas, se permitissem, isso estaria acontecendo\u201d,\ncomentou Almeida.<\/p>\n\n\n\n<p>Segundo o diretor-presidente da Emater, Elizeu Rego, a meta \u00e9 dispor de um t\u00e9cnico em cada munic\u00edpio. Hoje, cerca de 75 profissionais trabalham efetivamente na \u00e1rea rural, para atender \u00e0s 102 cidades alagoanas. \u201cA situa\u00e7\u00e3o \u00e9 dif\u00edcil e precisamos trabalhar com responsabilidade. N\u00e3o adianta contratar e depois n\u00e3o poder pagar. Mas temos buscado solu\u00e7\u00f5es, inclusive tecnol\u00f3gicas, para atender ao estado da melhor forma poss\u00edvel\u201d, afirmou.<\/p>\n\n\n\n<div class=\"wp-block-image\"><figure class=\"aligncenter\"><img decoding=\"async\" width=\"640\" height=\"452\" src=\"http:\/\/www.sistemafaeal.org.br\/senar\/wp-content\/uploads\/2019\/08\/12.jpg\" alt=\"\" class=\"wp-image-2878\" srcset=\"https:\/\/www.sistemafaeal.org.br\/senar\/wp-content\/uploads\/2019\/08\/12.jpg 640w, https:\/\/www.sistemafaeal.org.br\/senar\/wp-content\/uploads\/2019\/08\/12-600x424.jpg 600w, https:\/\/www.sistemafaeal.org.br\/senar\/wp-content\/uploads\/2019\/08\/12-300x212.jpg 300w, https:\/\/www.sistemafaeal.org.br\/senar\/wp-content\/uploads\/2019\/08\/12-100x70.jpg 100w, https:\/\/www.sistemafaeal.org.br\/senar\/wp-content\/uploads\/2019\/08\/12-595x420.jpg 595w\" sizes=\"(max-width: 640px) 100vw, 640px\" \/><figcaption>Profissional assina termo de outorga ao lado do secret\u00e1rio de Estado da Agricultura<\/figcaption><\/figure><\/div>\n\n\n\n<p>O secret\u00e1rio de Estado da Agricultura, Pecu\u00e1ria,\nPesca e Aquicultura, Silvio Bulh\u00f5es, tamb\u00e9m prestigiou o evento e ressaltou a\nimport\u00e2ncia da inser\u00e7\u00e3o dos profissionais para que Alagoas possa superar\ndesafios, a exemplo da retra\u00e7\u00e3o no setor sulcroenerg\u00e9tico e da necessidade de\numa produ\u00e7\u00e3o mais efetiva no Canal do Sert\u00e3o. \u201cTudo isso s\u00f3 ser\u00e1 feito com\nassist\u00eancia t\u00e9cnica, com extens\u00e3o rural, com pessoas\u201d, ponderou.<\/p>\n\n\n\n<p>A solenidade tamb\u00e9m contou com a participa\u00e7\u00e3o do ex-secret\u00e1rio de Estado da Agricultura, \u00c1lvaro Vasconcelos.<\/p>\n\n\n\n<p><\/p>\n\n\n\n<div class=\"wp-block-image\"><figure class=\"aligncenter\"><img loading=\"lazy\" decoding=\"async\" width=\"640\" height=\"427\" src=\"http:\/\/www.sistemafaeal.org.br\/senar\/wp-content\/uploads\/2019\/08\/6.jpg\" alt=\"\" class=\"wp-image-2877\" srcset=\"https:\/\/www.sistemafaeal.org.br\/senar\/wp-content\/uploads\/2019\/08\/6.jpg 640w, https:\/\/www.sistemafaeal.org.br\/senar\/wp-content\/uploads\/2019\/08\/6-600x400.jpg 600w, https:\/\/www.sistemafaeal.org.br\/senar\/wp-content\/uploads\/2019\/08\/6-300x200.jpg 300w, https:\/\/www.sistemafaeal.org.br\/senar\/wp-content\/uploads\/2019\/08\/6-630x420.jpg 630w\" sizes=\"(max-width: 640px) 100vw, 640px\" \/><figcaption>Discurso do diretor-presidente da Emater<\/figcaption><\/figure><\/div>\n","protected":false},"excerpt":{"rendered":"<p>O presidente da Federa\u00e7\u00e3o da Agricultura e Pecu\u00e1ria do Estado de Alagoas \u2013 Faeal \u2013, \u00c1lvaro Almeida, prestigiou na manh\u00e3 desta quinta-feira, 1\u00ba de agosto, a solenidade de assinatura do termo de outorga das bolsas de Extens\u00e3o Tecnol\u00f3gica, T\u00e9cnica e Apoio a Pesquisa para os profissionais selecionados no edital 001\/2019, da Funda\u00e7\u00e3o de Amparo \u00e0 [&hellip;]<\/p>\n","protected":false},"author":7,"featured_media":2876,"comment_status":"open","ping_status":"open","sticky":false,"template":"","format":"standard","meta":{"footnotes":""},"categories":[5],"tags":[],"class_list":["post-2874","post","type-post","status-publish","format-standard","has-post-thumbnail","hentry","category-noticias"],"_links":{"self":[{"href":"https:\/\/www.sistemafaeal.org.br\/senar\/wp-json\/wp\/v2\/posts\/2874","targetHints":{"allow":["GET"]}}],"collection":[{"href":"https:\/\/www.sistemafaeal.org.br\/senar\/wp-json\/wp\/v2\/posts"}],"about":[{"href":"https:\/\/www.sistemafaeal.org.br\/senar\/wp-json\/wp\/v2\/types\/post"}],"author":[{"embeddable":true,"href":"https:\/\/www.sistemafaeal.org.br\/senar\/wp-json\/wp\/v2\/users\/7"}],"replies":[{"embeddable":true,"href":"https:\/\/www.sistemafaeal.org.br\/senar\/wp-json\/wp\/v2\/comments?post=2874"}],"version-history":[{"count":0,"href":"https:\/\/www.sistemafaeal.org.br\/senar\/wp-json\/wp\/v2\/posts\/2874\/revisions"}],"wp:featuredmedia":[{"embeddable":true,"href":"https:\/\/www.sistemafaeal.org.br\/senar\/wp-json\/wp\/v2\/media\/2876"}],"wp:attachment":[{"href":"https:\/\/www.sistemafaeal.org.br\/senar\/wp-json\/wp\/v2\/media?parent=2874"}],"wp:term":[{"taxonomy":"category","embeddable":true,"href":"https:\/\/www.sistemafaeal.org.br\/senar\/wp-json\/wp\/v2\/categories?post=2874"},{"taxonomy":"post_tag","embeddable":true,"href":"https:\/\/www.sistemafaeal.org.br\/senar\/wp-json\/wp\/v2\/tags?post=2874"}],"curies":[{"name":"wp","href":"https:\/\/api.w.org\/{rel}","templated":true}]}}