{"id":2883,"date":"2019-08-06T08:12:16","date_gmt":"2019-08-06T11:12:16","guid":{"rendered":"http:\/\/www.sistemafaeal.org.br\/senar\/?p=2883"},"modified":"2019-08-06T08:16:25","modified_gmt":"2019-08-06T11:16:25","slug":"programas-de-saude-mobilizam-comunidade-de-cajueiro","status":"publish","type":"post","link":"https:\/\/www.sistemafaeal.org.br\/senar\/programas-de-saude-mobilizam-comunidade-de-cajueiro\/","title":{"rendered":"Programas de Sa\u00fade mobilizam comunidade de Cajueiro"},"content":{"rendered":"\n<p><img fetchpriority=\"high\" decoding=\"async\" class=\"alignright wp-image-2886 size-full\" src=\"http:\/\/www.sistemafaeal.org.br\/senar\/wp-content\/uploads\/2019\/08\/C0662A0A-C33B-408D-81A1-68551CC21CA4.jpeg\" alt=\"Dr. M\u00e1rio Ronalsa ministra palestra sobre doen\u00e7as da pr\u00f3stata \" width=\"886\" height=\"591\" srcset=\"https:\/\/www.sistemafaeal.org.br\/senar\/wp-content\/uploads\/2019\/08\/C0662A0A-C33B-408D-81A1-68551CC21CA4.jpeg 886w, https:\/\/www.sistemafaeal.org.br\/senar\/wp-content\/uploads\/2019\/08\/C0662A0A-C33B-408D-81A1-68551CC21CA4-600x400.jpeg 600w, https:\/\/www.sistemafaeal.org.br\/senar\/wp-content\/uploads\/2019\/08\/C0662A0A-C33B-408D-81A1-68551CC21CA4-300x200.jpeg 300w, https:\/\/www.sistemafaeal.org.br\/senar\/wp-content\/uploads\/2019\/08\/C0662A0A-C33B-408D-81A1-68551CC21CA4-768x512.jpeg 768w, https:\/\/www.sistemafaeal.org.br\/senar\/wp-content\/uploads\/2019\/08\/C0662A0A-C33B-408D-81A1-68551CC21CA4-696x464.jpeg 696w, https:\/\/www.sistemafaeal.org.br\/senar\/wp-content\/uploads\/2019\/08\/C0662A0A-C33B-408D-81A1-68551CC21CA4-630x420.jpeg 630w\" sizes=\"(max-width: 886px) 100vw, 886px\" \/><\/p>\n<p>A popula\u00e7\u00e3o de Cajueiro recebeu os programas de Sa\u00fade do Servi\u00e7o Nacional de Aprendizagem Rural \u2013 Senar Alagoas \u2013 na \u00faltima sexta-feira, 2 de agosto. A a\u00e7\u00e3o \u00e9 fruto de uma parceria com a Sociedade Brasileira de Urologia \u2013 SBU \u2013 e a Prefeitura do munic\u00edpio.<\/p>\n<p>Na Unidade B\u00e1sica de Sa\u00fade M\u00e1rio Ferro de Moura, os homens assistiram \u00e0 palestra sobre preven\u00e7\u00e3o ao c\u00e2ncer de pr\u00f3stata, ministrada pelo urologista M\u00e1rio Ronalsa Brand\u00e3o Filho. Al\u00e9m disso, foram realizados 120 exames de PSA e toque retal; 114 aferi\u00e7\u00f5es de press\u00e3o arterial; 52 testes r\u00e1pidos de HIV, s\u00edfilis e hepatite; 96 vacina\u00e7\u00f5es contra t\u00e9tano e hepatite; 70 aferi\u00e7\u00f5es de glicemia e 60 cortes de cabelo.<\/p>\n<p>Aos 48 anos, o auxiliar de servi\u00e7os gerais Genildo de Souza fez os exames da pr\u00f3stata pela primeira vez. \u201cNunca tive a possibilidade de fazer, mas a agente comunit\u00e1ria avisou e eu vim. Isso \u00e9 muito importante, sa\u00fade em primeiro lugar\u201d, comenta.<\/p>\n<p><img decoding=\"async\" class=\"alignright wp-image-2888 size-full\" src=\"http:\/\/www.sistemafaeal.org.br\/senar\/wp-content\/uploads\/2019\/08\/C3E96A1A-7965-4E56-988B-A6FE83B0585E.jpeg\" alt=\"Mulheres fazem aferi\u00e7\u00e3o de press\u00e3o e glicemia\" width=\"886\" height=\"591\" srcset=\"https:\/\/www.sistemafaeal.org.br\/senar\/wp-content\/uploads\/2019\/08\/C3E96A1A-7965-4E56-988B-A6FE83B0585E.jpeg 886w, https:\/\/www.sistemafaeal.org.br\/senar\/wp-content\/uploads\/2019\/08\/C3E96A1A-7965-4E56-988B-A6FE83B0585E-600x400.jpeg 600w, https:\/\/www.sistemafaeal.org.br\/senar\/wp-content\/uploads\/2019\/08\/C3E96A1A-7965-4E56-988B-A6FE83B0585E-300x200.jpeg 300w, https:\/\/www.sistemafaeal.org.br\/senar\/wp-content\/uploads\/2019\/08\/C3E96A1A-7965-4E56-988B-A6FE83B0585E-768x512.jpeg 768w, https:\/\/www.sistemafaeal.org.br\/senar\/wp-content\/uploads\/2019\/08\/C3E96A1A-7965-4E56-988B-A6FE83B0585E-696x464.jpeg 696w, https:\/\/www.sistemafaeal.org.br\/senar\/wp-content\/uploads\/2019\/08\/C3E96A1A-7965-4E56-988B-A6FE83B0585E-630x420.jpeg 630w\" sizes=\"(max-width: 886px) 100vw, 886px\" \/><\/p>\n<p>Na Unidade B\u00e1sica de Sa\u00fade L\u00edgia Toledo, mulheres assistiram \u00e0s palestras sobre c\u00e2ncer de mama e de colo de \u00fatero, os riscos do sedentarismo e a import\u00e2ncia da alimenta\u00e7\u00e3o para uma vida saud\u00e1vel. Foram realizados 81 exames de citologia; 78 aferi\u00e7\u00f5es de glicemia; 62 de press\u00e3o arterial; 31 vacina\u00e7\u00f5es e 23 testes r\u00e1pidos.<\/p>\n<p>A aposentada Maria Jos\u00e9 Ferreira da Silva, 63 anos, reconhece a import\u00e2ncia dos programas de sa\u00fade do Senar para a comunidade. \u201cEra bom que acontecesse todo m\u00eas. Aprendi muita coisa importante para a minha sa\u00fade e ainda aproveitei para fazer exames. Isso \u00e9 bom, porque nem sempre a gente tem dinheiro para fazer particular\u201d, diz.<\/p>\n<p>A coordenadora dos programas de Sa\u00fade do Senar em Alagoas, Andrea Almeida, refor\u00e7a que o trabalho n\u00e3o encerra no dia da a\u00e7\u00e3o. \u201cN\u00f3s enviamos os resultados dos exames para a Prefeitura e as pessoas cujo resultado apresentou altera\u00e7\u00e3o s\u00e3o encaminhadas para tratamento. Nos casos de c\u00e2ncer, o tratamento acontece em Macei\u00f3\u201d, explica.<\/p>\n<p><img decoding=\"async\" class=\"alignright wp-image-2884 size-full\" src=\"http:\/\/www.sistemafaeal.org.br\/senar\/wp-content\/uploads\/2019\/08\/33C36ED9-CD0A-4D3E-974C-4AA088E7BEE0.jpeg\" alt=\"Andrea Almeida ao lado do secret\u00e1rio Wilson Macena\" width=\"886\" height=\"591\" srcset=\"https:\/\/www.sistemafaeal.org.br\/senar\/wp-content\/uploads\/2019\/08\/33C36ED9-CD0A-4D3E-974C-4AA088E7BEE0.jpeg 886w, https:\/\/www.sistemafaeal.org.br\/senar\/wp-content\/uploads\/2019\/08\/33C36ED9-CD0A-4D3E-974C-4AA088E7BEE0-600x400.jpeg 600w, https:\/\/www.sistemafaeal.org.br\/senar\/wp-content\/uploads\/2019\/08\/33C36ED9-CD0A-4D3E-974C-4AA088E7BEE0-300x200.jpeg 300w, https:\/\/www.sistemafaeal.org.br\/senar\/wp-content\/uploads\/2019\/08\/33C36ED9-CD0A-4D3E-974C-4AA088E7BEE0-768x512.jpeg 768w, https:\/\/www.sistemafaeal.org.br\/senar\/wp-content\/uploads\/2019\/08\/33C36ED9-CD0A-4D3E-974C-4AA088E7BEE0-696x464.jpeg 696w, https:\/\/www.sistemafaeal.org.br\/senar\/wp-content\/uploads\/2019\/08\/33C36ED9-CD0A-4D3E-974C-4AA088E7BEE0-630x420.jpeg 630w\" sizes=\"(max-width: 886px) 100vw, 886px\" \/><\/p>\n<p>Esta \u00e9 a segunda edi\u00e7\u00e3o dos programas em Cajueiro. \u201cA import\u00e2ncia dessa parceria \u00e9 levar a preven\u00e7\u00e3o, principalmente para o homem, que ainda tem muita resist\u00eancia em se cuidar. Al\u00e9m disso, conseguimos rever algumas demandas reprimidas para a mulher,<span class=\"Apple-converted-space\">\u00a0 <\/span>como as metas de citologia. Junto com o Senar, promovemos uma a\u00e7\u00e3o que envolve toda a sociedade cajueirense\u201d, afirma o secret\u00e1rio municipal de Sa\u00fade, Wilson Macena.<\/p>\n","protected":false},"excerpt":{"rendered":"<p>A popula\u00e7\u00e3o de Cajueiro recebeu os programas de Sa\u00fade do Servi\u00e7o Nacional de Aprendizagem Rural \u2013 Senar Alagoas \u2013 na \u00faltima sexta-feira, 2 de agosto. A a\u00e7\u00e3o \u00e9 fruto de uma parceria com a Sociedade Brasileira de Urologia \u2013 SBU \u2013 e a Prefeitura do munic\u00edpio. Na Unidade B\u00e1sica de Sa\u00fade M\u00e1rio Ferro de Moura, [&hellip;]<\/p>\n","protected":false},"author":7,"featured_media":2891,"comment_status":"open","ping_status":"open","sticky":false,"template":"","format":"standard","meta":{"footnotes":""},"categories":[5],"tags":[],"class_list":["post-2883","post","type-post","status-publish","format-standard","has-post-thumbnail","hentry","category-noticias"],"_links":{"self":[{"href":"https:\/\/www.sistemafaeal.org.br\/senar\/wp-json\/wp\/v2\/posts\/2883","targetHints":{"allow":["GET"]}}],"collection":[{"href":"https:\/\/www.sistemafaeal.org.br\/senar\/wp-json\/wp\/v2\/posts"}],"about":[{"href":"https:\/\/www.sistemafaeal.org.br\/senar\/wp-json\/wp\/v2\/types\/post"}],"author":[{"embeddable":true,"href":"https:\/\/www.sistemafaeal.org.br\/senar\/wp-json\/wp\/v2\/users\/7"}],"replies":[{"embeddable":true,"href":"https:\/\/www.sistemafaeal.org.br\/senar\/wp-json\/wp\/v2\/comments?post=2883"}],"version-history":[{"count":0,"href":"https:\/\/www.sistemafaeal.org.br\/senar\/wp-json\/wp\/v2\/posts\/2883\/revisions"}],"wp:featuredmedia":[{"embeddable":true,"href":"https:\/\/www.sistemafaeal.org.br\/senar\/wp-json\/wp\/v2\/media\/2891"}],"wp:attachment":[{"href":"https:\/\/www.sistemafaeal.org.br\/senar\/wp-json\/wp\/v2\/media?parent=2883"}],"wp:term":[{"taxonomy":"category","embeddable":true,"href":"https:\/\/www.sistemafaeal.org.br\/senar\/wp-json\/wp\/v2\/categories?post=2883"},{"taxonomy":"post_tag","embeddable":true,"href":"https:\/\/www.sistemafaeal.org.br\/senar\/wp-json\/wp\/v2\/tags?post=2883"}],"curies":[{"name":"wp","href":"https:\/\/api.w.org\/{rel}","templated":true}]}}