{"id":2902,"date":"2019-08-14T11:47:52","date_gmt":"2019-08-14T14:47:52","guid":{"rendered":"http:\/\/www.sistemafaeal.org.br\/senar\/?p=2902"},"modified":"2019-08-14T11:54:43","modified_gmt":"2019-08-14T14:54:43","slug":"faeal-auxilia-produtores-na-declaracao-do-itr-2019","status":"publish","type":"post","link":"https:\/\/www.sistemafaeal.org.br\/senar\/faeal-auxilia-produtores-na-declaracao-do-itr-2019\/","title":{"rendered":"Faeal auxilia produtores na declara\u00e7\u00e3o do ITR 2019"},"content":{"rendered":"\n<div class=\"wp-block-image\"><figure class=\"aligncenter\"><img fetchpriority=\"high\" decoding=\"async\" width=\"886\" height=\"598\" src=\"http:\/\/www.sistemafaeal.org.br\/senar\/wp-content\/uploads\/2019\/08\/itr19.jpg\" alt=\"\" class=\"wp-image-2903\" srcset=\"https:\/\/www.sistemafaeal.org.br\/senar\/wp-content\/uploads\/2019\/08\/itr19.jpg 886w, https:\/\/www.sistemafaeal.org.br\/senar\/wp-content\/uploads\/2019\/08\/itr19-600x405.jpg 600w, https:\/\/www.sistemafaeal.org.br\/senar\/wp-content\/uploads\/2019\/08\/itr19-300x202.jpg 300w, https:\/\/www.sistemafaeal.org.br\/senar\/wp-content\/uploads\/2019\/08\/itr19-768x518.jpg 768w, https:\/\/www.sistemafaeal.org.br\/senar\/wp-content\/uploads\/2019\/08\/itr19-696x470.jpg 696w, https:\/\/www.sistemafaeal.org.br\/senar\/wp-content\/uploads\/2019\/08\/itr19-622x420.jpg 622w\" sizes=\"(max-width: 886px) 100vw, 886px\" \/><figcaption>Aux\u00edlio s\u00f3 est\u00e1 dispon\u00edvel para produtores em dia com a contribui\u00e7\u00e3o sindical<\/figcaption><\/figure><\/div>\n\n\n\n<p>A Federa\u00e7\u00e3o da Agricultura e Pecu\u00e1ria do Estado de Alagoas \u2013 Faeal \u2013 j\u00e1 iniciou os atendimentos para os produtores rurais que est\u00e3o em dia com a contribui\u00e7\u00e3o sindical e precisam de aux\u00edlio para enviar a Declara\u00e7\u00e3o do Imposto sobre a Propriedade Territorial Rural \u2013 ITR 2019. Os atendimentos acontecem de segunda a sexta-feira, das 8h \u00e0s 12h e das 13h \u00e0s 17 horas.<\/p>\n<p>\u201cSe o produtor rural j\u00e1 faz o envio conosco, s\u00f3 precisa trazer a c\u00f3pia da declara\u00e7\u00e3o do ano passado. Caso nunca tenha feito, basta comparecer \u00e0 nossa sede munido de c\u00f3pia da escritura ou certid\u00e3o de registro, algum documento que comprove a propriedade do im\u00f3vel. A partir da\u00ed, vamos orient\u00e1-lo sobre como proceder com o cadastro\u201d, explica Carla Christine Lima da Silva, coordenadora da Unidade Gestora da Arrecada\u00e7\u00e3o da Faeal.<\/p>\n<p>A declara\u00e7\u00e3o do ITR \u00e9 obrigat\u00f3ria para pessoas f\u00edsicas e jur\u00eddicas propriet\u00e1rias, titulares do dom\u00ednio \u00fatil ou que possuam t\u00edtulo do im\u00f3vel rural. O produtor que perdeu ou transferiu a posse ou o direito de propriedade da terra em 2019 tamb\u00e9m precisa declarar. Somente os contribuintes imunes ou isentos est\u00e3o dispensados de entregar o documento.<\/p>\n<p>O per\u00edodo de envio da declara\u00e7\u00e3o come\u00e7ou nessa segunda-feira, 12, e prossegue at\u00e9 o pr\u00f3ximo dia 30 de setembro. Quem perder o prazo pagar\u00e1 multa de 1% ao m\u00eas sobre o imposto devido, com valor m\u00ednimo de R$ 50.\u00a0<\/p>\n<p>\u201c\u00c9 importante que todos os propriet\u00e1rios cumpram o prazo, especialmente, quem possui \u00e1rea de mata, pois, paralelo ao preenchimento obrigat\u00f3rio da declara\u00e7\u00e3o de ITR, \u00e9 preciso fazer o Ato Declarat\u00f3rio Ambiental (ADA), no site do Ibama, e, a partir deste ano, o preenchimento do recibo do Cadastro Ambiental Rural (CAR)\u201d, alerta Carla Christine.<\/p>\n<p><strong>Cadastro do Incra<\/strong><\/p>\n<p>A coordenadora da Unidade Gestora de Arrecada\u00e7\u00e3o da Faeal explica que tamb\u00e9m \u00e9 importante o produtor emitir o Certificado do Cadastro de Im\u00f3vel Rural \u2013 CCIR \u2013 junto ao Incra.<\/p>\n<p>\u201cEste \u00e9 um documento t\u00e3o importante para a regulariza\u00e7\u00e3o da propriedade rural quanto o ITR. Caso o produtor necessite emitir o CCIR, n\u00f3s tamb\u00e9m fazemos na Federa\u00e7\u00e3o. Caso n\u00e3o possa ser emitido, ele precisa ir ao Incra verificar que problema est\u00e1 impedindo a emiss\u00e3o do documento\u201d, orienta Carla.<\/p>\n<p>\u00a0<\/p>\n","protected":false},"excerpt":{"rendered":"<p>A Federa\u00e7\u00e3o da Agricultura e Pecu\u00e1ria do Estado de Alagoas \u2013 Faeal \u2013 j\u00e1 iniciou os atendimentos para os produtores rurais que est\u00e3o em dia com a contribui\u00e7\u00e3o sindical e precisam de aux\u00edlio para enviar a Declara\u00e7\u00e3o do Imposto sobre a Propriedade Territorial Rural \u2013 ITR 2019. Os atendimentos acontecem de segunda a sexta-feira, das [&hellip;]<\/p>\n","protected":false},"author":7,"featured_media":2908,"comment_status":"open","ping_status":"open","sticky":false,"template":"","format":"standard","meta":{"footnotes":""},"categories":[5],"tags":[],"class_list":["post-2902","post","type-post","status-publish","format-standard","has-post-thumbnail","hentry","category-noticias"],"_links":{"self":[{"href":"https:\/\/www.sistemafaeal.org.br\/senar\/wp-json\/wp\/v2\/posts\/2902","targetHints":{"allow":["GET"]}}],"collection":[{"href":"https:\/\/www.sistemafaeal.org.br\/senar\/wp-json\/wp\/v2\/posts"}],"about":[{"href":"https:\/\/www.sistemafaeal.org.br\/senar\/wp-json\/wp\/v2\/types\/post"}],"author":[{"embeddable":true,"href":"https:\/\/www.sistemafaeal.org.br\/senar\/wp-json\/wp\/v2\/users\/7"}],"replies":[{"embeddable":true,"href":"https:\/\/www.sistemafaeal.org.br\/senar\/wp-json\/wp\/v2\/comments?post=2902"}],"version-history":[{"count":0,"href":"https:\/\/www.sistemafaeal.org.br\/senar\/wp-json\/wp\/v2\/posts\/2902\/revisions"}],"wp:featuredmedia":[{"embeddable":true,"href":"https:\/\/www.sistemafaeal.org.br\/senar\/wp-json\/wp\/v2\/media\/2908"}],"wp:attachment":[{"href":"https:\/\/www.sistemafaeal.org.br\/senar\/wp-json\/wp\/v2\/media?parent=2902"}],"wp:term":[{"taxonomy":"category","embeddable":true,"href":"https:\/\/www.sistemafaeal.org.br\/senar\/wp-json\/wp\/v2\/categories?post=2902"},{"taxonomy":"post_tag","embeddable":true,"href":"https:\/\/www.sistemafaeal.org.br\/senar\/wp-json\/wp\/v2\/tags?post=2902"}],"curies":[{"name":"wp","href":"https:\/\/api.w.org\/{rel}","templated":true}]}}