{"id":2912,"date":"2019-08-21T11:51:27","date_gmt":"2019-08-21T14:51:27","guid":{"rendered":"http:\/\/www.sistemafaeal.org.br\/senar\/?p=2912"},"modified":"2019-08-21T11:53:06","modified_gmt":"2019-08-21T14:53:06","slug":"mais-pasto-e-destaque-em-workshop-sobre-ilpf","status":"publish","type":"post","link":"https:\/\/www.sistemafaeal.org.br\/senar\/mais-pasto-e-destaque-em-workshop-sobre-ilpf\/","title":{"rendered":"Mais Pasto \u00e9 destaque em workshop sobre ILPF"},"content":{"rendered":"\n<figure class=\"wp-block-image\"><img fetchpriority=\"high\" decoding=\"async\" width=\"1024\" height=\"682\" src=\"http:\/\/www.sistemafaeal.org.br\/senar\/wp-content\/uploads\/2019\/08\/WhatsApp-Image-2019-08-20-at-12.00.16-1024x682.jpeg\" alt=\"\" class=\"wp-image-2913\" srcset=\"https:\/\/www.sistemafaeal.org.br\/senar\/wp-content\/uploads\/2019\/08\/WhatsApp-Image-2019-08-20-at-12.00.16-1024x682.jpeg 1024w, https:\/\/www.sistemafaeal.org.br\/senar\/wp-content\/uploads\/2019\/08\/WhatsApp-Image-2019-08-20-at-12.00.16-600x400.jpeg 600w, https:\/\/www.sistemafaeal.org.br\/senar\/wp-content\/uploads\/2019\/08\/WhatsApp-Image-2019-08-20-at-12.00.16-300x200.jpeg 300w, https:\/\/www.sistemafaeal.org.br\/senar\/wp-content\/uploads\/2019\/08\/WhatsApp-Image-2019-08-20-at-12.00.16-768x512.jpeg 768w, https:\/\/www.sistemafaeal.org.br\/senar\/wp-content\/uploads\/2019\/08\/WhatsApp-Image-2019-08-20-at-12.00.16-696x464.jpeg 696w, https:\/\/www.sistemafaeal.org.br\/senar\/wp-content\/uploads\/2019\/08\/WhatsApp-Image-2019-08-20-at-12.00.16-1068x712.jpeg 1068w, https:\/\/www.sistemafaeal.org.br\/senar\/wp-content\/uploads\/2019\/08\/WhatsApp-Image-2019-08-20-at-12.00.16-630x420.jpeg 630w, https:\/\/www.sistemafaeal.org.br\/senar\/wp-content\/uploads\/2019\/08\/WhatsApp-Image-2019-08-20-at-12.00.16.jpeg 1280w\" sizes=\"(max-width: 1024px) 100vw, 1024px\" \/><figcaption>Andr\u00e9 S\u00f3rio: &#8220;Mais Pasto oferece ferramentas para apoiar o produtor alagoano&#8221; (Fotos: Saulo Coelho\/Ascom\/Embrapa)<\/figcaption><\/figure>\n\n\n\n<p>O Mais Pasto, programa de consultorias para pecuaristas in\u00e9dito no pa\u00eds e criado pelo Servi\u00e7o Nacional de Aprendizagem Rural \u2013 Senar Alagoas \u2013, em parceria com o Sebrae AL, foi apresentado como caso de sucesso nessa ter\u00e7a-feira, 20, durante o Workshop ILPF em novos territ\u00f3rios agr\u00edcolas. <\/p>\n\n\n\n<p>O evento \u00e9 uma realiza\u00e7\u00e3o da Embrapa em parceria com o Sebrae e tem o objetivo de aprofundar as discuss\u00f5es sobre a promo\u00e7\u00e3o da Integra\u00e7\u00e3o Lavoura, Pecu\u00e1ria, Floresta na SEALBA, nova fronteira agr\u00edcola formada por \u00e1reas com grande potencial produtivo em Alagoas, Sergipe e Nordeste da Bahia.<\/p>\n\n\n\n<p>Segundo Andr\u00e9 S\u00f3rio, coordenador do Mais Pasto, o programa que capacita pequenos e m\u00e9dios pecuaristas para a utiliza\u00e7\u00e3o racional da pastagem e a gest\u00e3o da propriedade rural oferece ferramentas para apoiar o produtor rural alagoano, tanto na utiliza\u00e7\u00e3o de \u00e1rea marginal de lavoura, quanto na implanta\u00e7\u00e3o de florestas integradas ao pasto ou na utiliza\u00e7\u00e3o de \u00e1reas agr\u00edcolas como pasto, para rota\u00e7\u00e3o de culturas.<\/p>\n\n\n\n<p>\u201cDentro da ideia da Integra\u00e7\u00e3o Lavoura, Pecu\u00e1ria, Floresta,\nnaturalmente a utiliza\u00e7\u00e3o racional dos pastos \u00e9 fundamental, pois, mesmo nos\nlocais onde h\u00e1 rota\u00e7\u00e3o entre lavoura e pecu\u00e1ria, o pasto precisa ser explorado\nde maneira racional, para proporcionar o m\u00e1ximo de rentabilidade ao produtor, antes\nque aquela \u00e1rea volte a ser lavoura novamente\u201d, explica Andr\u00e9 S\u00f3rio.<\/p>\n\n\n\n<p>Segundo o coordenador do Mais Pasto, no caso da floresta, muita gente tem utilizado a lavoura de gr\u00e3os integrada a uma \u00e1rea de mata para, posteriormente, implantar um pasto naquele espa\u00e7o. Outra situa\u00e7\u00e3o \u00e9 a utiliza\u00e7\u00e3o das chamadas \u00e1reas marginais de lavoura, que s\u00e3o regi\u00f5es mais acidentadas, com pedra, muita areia ou sujeitas a encharcamento. \u201cNeste caso, a agricultura mecanizada ser\u00e1 explorada nas \u00e1reas mais nobres e a pecu\u00e1ria, nos espa\u00e7os onde h\u00e1 mais dificuldade\u201d, diz S\u00f3rio.<\/p>\n\n\n\n<p><strong>O evento<\/strong><\/p>\n\n\n\n<p>O workshop sobre ILPF acontece na sede da Federa\u00e7\u00e3o da Agricultura e Pecu\u00e1ria do Esta do de Alagoas \u2013 Faeal. Come\u00e7ou nessa ter\u00e7a, 20, e prossegue at\u00e9 esta quinta, 22, com palestras, apresenta\u00e7\u00e3o de casos de sucesso e visitas t\u00e9cnicas. Re\u00fane produtores rurais, pesquisadores, t\u00e9cnicos, estudantes e representantes de institui\u00e7\u00f5es financeiras.<\/p>\n\n\n\n<figure class=\"wp-block-image\"><img decoding=\"async\" width=\"1024\" height=\"684\" src=\"http:\/\/www.sistemafaeal.org.br\/senar\/wp-content\/uploads\/2019\/08\/48587607201_72f6e05363_o-1024x684.jpg\" alt=\"\" class=\"wp-image-2914\" srcset=\"https:\/\/www.sistemafaeal.org.br\/senar\/wp-content\/uploads\/2019\/08\/48587607201_72f6e05363_o.jpg 1024w, https:\/\/www.sistemafaeal.org.br\/senar\/wp-content\/uploads\/2019\/08\/48587607201_72f6e05363_o-600x401.jpg 600w, https:\/\/www.sistemafaeal.org.br\/senar\/wp-content\/uploads\/2019\/08\/48587607201_72f6e05363_o-300x200.jpg 300w, https:\/\/www.sistemafaeal.org.br\/senar\/wp-content\/uploads\/2019\/08\/48587607201_72f6e05363_o-768x513.jpg 768w, https:\/\/www.sistemafaeal.org.br\/senar\/wp-content\/uploads\/2019\/08\/48587607201_72f6e05363_o-696x465.jpg 696w, https:\/\/www.sistemafaeal.org.br\/senar\/wp-content\/uploads\/2019\/08\/48587607201_72f6e05363_o-629x420.jpg 629w\" sizes=\"(max-width: 1024px) 100vw, 1024px\" \/><figcaption>Edilson Maia, vice-presidente da Faeal: &#8220;Evento fortalece nosso agroneg\u00f3cio&#8221;<\/figcaption><\/figure>\n\n\n\n<p>Segundo o vice-presidente da Faeal, Edilson Maia, a Federa\u00e7\u00e3o da Agricultura cumpre seu papel ao apoiar e sediar o workshop. \u201cSempre acolheremos o setor produtivo, especialmente, os produtores rurais e as institui\u00e7\u00f5es que fazem com que esses produtores possam desenvolver suas atividades. Um evento como este, sem d\u00favida, fortalece o nosso agroneg\u00f3cio, traz novas expectativas de inova\u00e7\u00f5es tecnol\u00f3gicas, rentabilidade, de uma agricultura com tend\u00eancias \u00e0 agricultura 4.0. Tudo isso corrobora com a vis\u00e3o da Faeal e do nosso presidente, \u00c1lvaro Almeida, que \u00e9 fazer com que o nosso setor possa ser cada dia mais sustent\u00e1vel e eficiente\u201d, afirma.<\/p>\n","protected":false},"excerpt":{"rendered":"<p>O Mais Pasto, programa de consultorias para pecuaristas in\u00e9dito no pa\u00eds e criado pelo Servi\u00e7o Nacional de Aprendizagem Rural \u2013 Senar Alagoas \u2013, em parceria com o Sebrae AL, foi apresentado como caso de sucesso nessa ter\u00e7a-feira, 20, durante o Workshop ILPF em novos territ\u00f3rios agr\u00edcolas. O evento \u00e9 uma realiza\u00e7\u00e3o da Embrapa em parceria [&hellip;]<\/p>\n","protected":false},"author":7,"featured_media":2913,"comment_status":"open","ping_status":"open","sticky":false,"template":"","format":"standard","meta":{"footnotes":""},"categories":[5],"tags":[],"class_list":["post-2912","post","type-post","status-publish","format-standard","has-post-thumbnail","hentry","category-noticias"],"_links":{"self":[{"href":"https:\/\/www.sistemafaeal.org.br\/senar\/wp-json\/wp\/v2\/posts\/2912","targetHints":{"allow":["GET"]}}],"collection":[{"href":"https:\/\/www.sistemafaeal.org.br\/senar\/wp-json\/wp\/v2\/posts"}],"about":[{"href":"https:\/\/www.sistemafaeal.org.br\/senar\/wp-json\/wp\/v2\/types\/post"}],"author":[{"embeddable":true,"href":"https:\/\/www.sistemafaeal.org.br\/senar\/wp-json\/wp\/v2\/users\/7"}],"replies":[{"embeddable":true,"href":"https:\/\/www.sistemafaeal.org.br\/senar\/wp-json\/wp\/v2\/comments?post=2912"}],"version-history":[{"count":0,"href":"https:\/\/www.sistemafaeal.org.br\/senar\/wp-json\/wp\/v2\/posts\/2912\/revisions"}],"wp:featuredmedia":[{"embeddable":true,"href":"https:\/\/www.sistemafaeal.org.br\/senar\/wp-json\/wp\/v2\/media\/2913"}],"wp:attachment":[{"href":"https:\/\/www.sistemafaeal.org.br\/senar\/wp-json\/wp\/v2\/media?parent=2912"}],"wp:term":[{"taxonomy":"category","embeddable":true,"href":"https:\/\/www.sistemafaeal.org.br\/senar\/wp-json\/wp\/v2\/categories?post=2912"},{"taxonomy":"post_tag","embeddable":true,"href":"https:\/\/www.sistemafaeal.org.br\/senar\/wp-json\/wp\/v2\/tags?post=2912"}],"curies":[{"name":"wp","href":"https:\/\/api.w.org\/{rel}","templated":true}]}}