{"id":2918,"date":"2019-08-22T12:03:50","date_gmt":"2019-08-22T15:03:50","guid":{"rendered":"http:\/\/www.sistemafaeal.org.br\/senar\/?p=2918"},"modified":"2019-08-23T16:00:05","modified_gmt":"2019-08-23T19:00:05","slug":"2918-2","status":"publish","type":"post","link":"https:\/\/www.sistemafaeal.org.br\/senar\/2918-2\/","title":{"rendered":"Programas de Sa\u00fade: Paulo Jacinto inova com atendimentos odontol\u00f3gicos"},"content":{"rendered":"<p><img fetchpriority=\"high\" decoding=\"async\" class=\"size-full wp-image-2922 aligncenter\" src=\"http:\/\/www.sistemafaeal.org.br\/senar\/wp-content\/uploads\/2019\/08\/WhatsApp-Image-2019-08-21-at-08.57.58-1.jpeg\" alt=\"\" width=\"1280\" height=\"812\" srcset=\"https:\/\/www.sistemafaeal.org.br\/senar\/wp-content\/uploads\/2019\/08\/WhatsApp-Image-2019-08-21-at-08.57.58-1.jpeg 1280w, https:\/\/www.sistemafaeal.org.br\/senar\/wp-content\/uploads\/2019\/08\/WhatsApp-Image-2019-08-21-at-08.57.58-1-600x381.jpeg 600w, https:\/\/www.sistemafaeal.org.br\/senar\/wp-content\/uploads\/2019\/08\/WhatsApp-Image-2019-08-21-at-08.57.58-1-300x190.jpeg 300w, https:\/\/www.sistemafaeal.org.br\/senar\/wp-content\/uploads\/2019\/08\/WhatsApp-Image-2019-08-21-at-08.57.58-1-768x487.jpeg 768w, https:\/\/www.sistemafaeal.org.br\/senar\/wp-content\/uploads\/2019\/08\/WhatsApp-Image-2019-08-21-at-08.57.58-1-1024x650.jpeg 1024w, https:\/\/www.sistemafaeal.org.br\/senar\/wp-content\/uploads\/2019\/08\/WhatsApp-Image-2019-08-21-at-08.57.58-1-696x442.jpeg 696w, https:\/\/www.sistemafaeal.org.br\/senar\/wp-content\/uploads\/2019\/08\/WhatsApp-Image-2019-08-21-at-08.57.58-1-1068x678.jpeg 1068w, https:\/\/www.sistemafaeal.org.br\/senar\/wp-content\/uploads\/2019\/08\/WhatsApp-Image-2019-08-21-at-08.57.58-1-662x420.jpeg 662w\" sizes=\"(max-width: 1280px) 100vw, 1280px\" \/>Orienta\u00e7\u00f5es sobre cuidados com o corpo e c\u00e2ncer de mama, gin\u00e1stica laboral e 117 exames de citologia realizados entre as mulheres. Palestra sobre doen\u00e7as da pr\u00f3stata, 111 exames de PSA, 105 de toque retal e 50 aferi\u00e7\u00f5es de press\u00e3o arterial entre os homens. Acrescente a esses dados mais de 50 atendimentos odontol\u00f3gicos e servi\u00e7os de est\u00e9tica, como cortes de cabelo, e voc\u00ea tem um balan\u00e7o do que foram os Programas de Sa\u00fade do Servi\u00e7o Nacional de Aprendizagem Rural \u2013 Senar Alagoas \u2013 no munic\u00edpio de Paulo Jacinto, agreste alagoano, a 112 Km da capital Macei\u00f3.<\/p>\n<p>A a\u00e7\u00e3o foi realizada em parecia com a Prefeitura Municipal. Segundo a mobilizadora do Senar AL, Iolanda Ten\u00f3rio, o evento teve entre os diferenciais os atendimentos odontol\u00f3gicos, com realiza\u00e7\u00e3o de exames para busca ativa de les\u00f5es de c\u00e2ncer ou canceriz\u00e1veis, orienta\u00e7\u00e3o de higiene bucal e das pr\u00f3teses dent\u00e1rias. Os casos que necessitavam de acompanhamento j\u00e1 eram imediatamente agendados.<\/p>\n<p>\u201cOutros diferenciais foram a organiza\u00e7\u00e3o e o p\u00fablico. Conseguimos mobilizar um bom n\u00famero de mulheres, os homens chegaram cedo e, de imediato, receberam as fichas de atendimento, por ordem de chegada, e a ades\u00e3o aos exames foi muito boa\u201d, comenta Iolanda.<\/p>\n<p><img decoding=\"async\" class=\"size-full wp-image-2920 aligncenter\" src=\"http:\/\/www.sistemafaeal.org.br\/senar\/wp-content\/uploads\/2019\/08\/WhatsApp-Image-2019-08-21-at-08.58.00-1.jpeg\" alt=\"\" width=\"780\" height=\"568\" srcset=\"https:\/\/www.sistemafaeal.org.br\/senar\/wp-content\/uploads\/2019\/08\/WhatsApp-Image-2019-08-21-at-08.58.00-1.jpeg 780w, https:\/\/www.sistemafaeal.org.br\/senar\/wp-content\/uploads\/2019\/08\/WhatsApp-Image-2019-08-21-at-08.58.00-1-600x437.jpeg 600w, https:\/\/www.sistemafaeal.org.br\/senar\/wp-content\/uploads\/2019\/08\/WhatsApp-Image-2019-08-21-at-08.58.00-1-300x218.jpeg 300w, https:\/\/www.sistemafaeal.org.br\/senar\/wp-content\/uploads\/2019\/08\/WhatsApp-Image-2019-08-21-at-08.58.00-1-768x559.jpeg 768w, https:\/\/www.sistemafaeal.org.br\/senar\/wp-content\/uploads\/2019\/08\/WhatsApp-Image-2019-08-21-at-08.58.00-1-324x235.jpeg 324w, https:\/\/www.sistemafaeal.org.br\/senar\/wp-content\/uploads\/2019\/08\/WhatsApp-Image-2019-08-21-at-08.58.00-1-696x507.jpeg 696w, https:\/\/www.sistemafaeal.org.br\/senar\/wp-content\/uploads\/2019\/08\/WhatsApp-Image-2019-08-21-at-08.58.00-1-577x420.jpeg 577w\" sizes=\"(max-width: 780px) 100vw, 780px\" \/><\/p>\n<p>O prefeito de Paulo Jacinto, Marcos Lisboa, e a secret\u00e1ria de Sa\u00fade, Maria do Carmo Barbosa Martins Silva, acompanharam as a\u00e7\u00f5es, que foram divididas entre a Unidade de Sa\u00fade M\u00e1rio Leandro da Costa, onde ocorreram os atendimentos aos homens, e o PSF3, que recebeu as mulheres.<\/p>\n<p>No pr\u00f3ximo dia 30, os Programas de Sa\u00fade do Senar retornar\u00e3o ao agreste de Alagoas. Desta vez, as a\u00e7\u00f5es acontecer\u00e3o no munic\u00edpio de Bel\u00e9m.<\/p>\n<p><img decoding=\"async\" class=\"alignright size-full wp-image-2921\" src=\"http:\/\/www.sistemafaeal.org.br\/senar\/wp-content\/uploads\/2019\/08\/69682320_938895946450683_7390233476131192832_n.jpg\" alt=\"\" width=\"851\" height=\"540\" srcset=\"https:\/\/www.sistemafaeal.org.br\/senar\/wp-content\/uploads\/2019\/08\/69682320_938895946450683_7390233476131192832_n.jpg 851w, https:\/\/www.sistemafaeal.org.br\/senar\/wp-content\/uploads\/2019\/08\/69682320_938895946450683_7390233476131192832_n-600x381.jpg 600w, https:\/\/www.sistemafaeal.org.br\/senar\/wp-content\/uploads\/2019\/08\/69682320_938895946450683_7390233476131192832_n-300x190.jpg 300w, https:\/\/www.sistemafaeal.org.br\/senar\/wp-content\/uploads\/2019\/08\/69682320_938895946450683_7390233476131192832_n-768x487.jpg 768w, https:\/\/www.sistemafaeal.org.br\/senar\/wp-content\/uploads\/2019\/08\/69682320_938895946450683_7390233476131192832_n-696x442.jpg 696w, https:\/\/www.sistemafaeal.org.br\/senar\/wp-content\/uploads\/2019\/08\/69682320_938895946450683_7390233476131192832_n-662x420.jpg 662w\" sizes=\"(max-width: 851px) 100vw, 851px\" \/><\/p>\n","protected":false},"excerpt":{"rendered":"<p>Orienta\u00e7\u00f5es sobre cuidados com o corpo e c\u00e2ncer de mama, gin\u00e1stica laboral e 117 exames de citologia realizados entre as mulheres. Palestra sobre doen\u00e7as da pr\u00f3stata, 111 exames de PSA, 105 de toque retal e 50 aferi\u00e7\u00f5es de press\u00e3o arterial entre os homens. Acrescente a esses dados mais de 50 atendimentos odontol\u00f3gicos e servi\u00e7os de [&hellip;]<\/p>\n","protected":false},"author":7,"featured_media":2920,"comment_status":"open","ping_status":"open","sticky":false,"template":"","format":"standard","meta":{"footnotes":""},"categories":[5],"tags":[],"class_list":["post-2918","post","type-post","status-publish","format-standard","has-post-thumbnail","hentry","category-noticias"],"_links":{"self":[{"href":"https:\/\/www.sistemafaeal.org.br\/senar\/wp-json\/wp\/v2\/posts\/2918","targetHints":{"allow":["GET"]}}],"collection":[{"href":"https:\/\/www.sistemafaeal.org.br\/senar\/wp-json\/wp\/v2\/posts"}],"about":[{"href":"https:\/\/www.sistemafaeal.org.br\/senar\/wp-json\/wp\/v2\/types\/post"}],"author":[{"embeddable":true,"href":"https:\/\/www.sistemafaeal.org.br\/senar\/wp-json\/wp\/v2\/users\/7"}],"replies":[{"embeddable":true,"href":"https:\/\/www.sistemafaeal.org.br\/senar\/wp-json\/wp\/v2\/comments?post=2918"}],"version-history":[{"count":0,"href":"https:\/\/www.sistemafaeal.org.br\/senar\/wp-json\/wp\/v2\/posts\/2918\/revisions"}],"wp:featuredmedia":[{"embeddable":true,"href":"https:\/\/www.sistemafaeal.org.br\/senar\/wp-json\/wp\/v2\/media\/2920"}],"wp:attachment":[{"href":"https:\/\/www.sistemafaeal.org.br\/senar\/wp-json\/wp\/v2\/media?parent=2918"}],"wp:term":[{"taxonomy":"category","embeddable":true,"href":"https:\/\/www.sistemafaeal.org.br\/senar\/wp-json\/wp\/v2\/categories?post=2918"},{"taxonomy":"post_tag","embeddable":true,"href":"https:\/\/www.sistemafaeal.org.br\/senar\/wp-json\/wp\/v2\/tags?post=2918"}],"curies":[{"name":"wp","href":"https:\/\/api.w.org\/{rel}","templated":true}]}}