{"id":2954,"date":"2019-08-26T12:28:44","date_gmt":"2019-08-26T15:28:44","guid":{"rendered":"http:\/\/www.sistemafaeal.org.br\/senar\/?p=2954"},"modified":"2019-08-26T12:29:29","modified_gmt":"2019-08-26T15:29:29","slug":"forrageiras-para-o-semiarido-cna-e-embrapa-dados-preliminares-em-alagoas","status":"publish","type":"post","link":"https:\/\/www.sistemafaeal.org.br\/senar\/forrageiras-para-o-semiarido-cna-e-embrapa-dados-preliminares-em-alagoas\/","title":{"rendered":"Forrageiras para o Semi\u00e1rido: CNA e Embrapa apresentam dados preliminares em Alagoas"},"content":{"rendered":"<figure id=\"attachment_2958\" aria-describedby=\"caption-attachment-2958\" style=\"width: 886px\" class=\"wp-caption aligncenter\"><img fetchpriority=\"high\" decoding=\"async\" class=\"wp-image-2958 size-full\" src=\"http:\/\/www.sistemafaeal.org.br\/senar\/wp-content\/uploads\/2019\/08\/8.jpg\" alt=\"\" width=\"886\" height=\"591\" srcset=\"https:\/\/www.sistemafaeal.org.br\/senar\/wp-content\/uploads\/2019\/08\/8.jpg 886w, https:\/\/www.sistemafaeal.org.br\/senar\/wp-content\/uploads\/2019\/08\/8-600x400.jpg 600w, https:\/\/www.sistemafaeal.org.br\/senar\/wp-content\/uploads\/2019\/08\/8-300x200.jpg 300w, https:\/\/www.sistemafaeal.org.br\/senar\/wp-content\/uploads\/2019\/08\/8-768x512.jpg 768w, https:\/\/www.sistemafaeal.org.br\/senar\/wp-content\/uploads\/2019\/08\/8-696x464.jpg 696w, https:\/\/www.sistemafaeal.org.br\/senar\/wp-content\/uploads\/2019\/08\/8-630x420.jpg 630w\" sizes=\"(max-width: 886px) 100vw, 886px\" \/><figcaption id=\"caption-attachment-2958\" class=\"wp-caption-text\">Presidente da Faeal, \u00c1lvaro Almeida, fala aos produtores na abertura do dia de campo<\/figcaption><\/figure>\n<p>Mais de 150 pecuaristas alagoanos participaram, na \u00faltima sexta-feira, 23, de um Dia de Campo no Parque de Exposi\u00e7\u00f5es Mair Amaral, munic\u00edpio de Batalha. Eles tiveram acesso aos dados preliminares do projeto Forrageiras para o Semi\u00e1rido \u2013 Pecu\u00e1ria Sustent\u00e1vel, iniciativa do Instituto CNA em parceria com a Empresa Brasileira de Pesquisa Agropecu\u00e1ria \u2013 Embrapa.<\/p>\n<p>O projeto tem o objetivo de recomendar as forrageiras que melhor se adaptam ao clima da regi\u00e3o, para que sirvam de fonte de alimento para os rebanhos. Em Alagoas, 18 tipos de plantas s\u00e3o testadas, entre gram\u00edneas anuais e perenes, cact\u00e1ceas e lenhosas.<\/p>\n<p>Os primeiros dados coletados mostram, por exemplo, que, entre as gram\u00edneas perenes, o capim-massai foi o que mais produziu mat\u00e9ria seca por hectare. J\u00e1 entre as cact\u00e1ceas, a palma Orelha de Elefante Mexicana foi uma das variedades mais produtivas e se mostrou bem adaptada \u00e0 regi\u00e3o, com baixa incid\u00eancia de pragas e doen\u00e7as.<\/p>\n<figure id=\"attachment_2973\" aria-describedby=\"caption-attachment-2973\" style=\"width: 886px\" class=\"wp-caption aligncenter\"><img decoding=\"async\" class=\"wp-image-2973 size-full\" src=\"http:\/\/www.sistemafaeal.org.br\/senar\/wp-content\/uploads\/2019\/08\/1.jpg\" alt=\"\" width=\"886\" height=\"591\" srcset=\"https:\/\/www.sistemafaeal.org.br\/senar\/wp-content\/uploads\/2019\/08\/1.jpg 886w, https:\/\/www.sistemafaeal.org.br\/senar\/wp-content\/uploads\/2019\/08\/1-600x400.jpg 600w, https:\/\/www.sistemafaeal.org.br\/senar\/wp-content\/uploads\/2019\/08\/1-300x200.jpg 300w, https:\/\/www.sistemafaeal.org.br\/senar\/wp-content\/uploads\/2019\/08\/1-768x512.jpg 768w, https:\/\/www.sistemafaeal.org.br\/senar\/wp-content\/uploads\/2019\/08\/1-696x464.jpg 696w, https:\/\/www.sistemafaeal.org.br\/senar\/wp-content\/uploads\/2019\/08\/1-630x420.jpg 630w\" sizes=\"(max-width: 886px) 100vw, 886px\" \/><figcaption id=\"caption-attachment-2973\" class=\"wp-caption-text\">Ana Mera: &#8220;Dados preliminares ainda n\u00e3o servem como recomenda\u00e7\u00e3o&#8221;<\/figcaption><\/figure>\n<p>A assessora t\u00e9cnica do Instituto CNA, Ana Mera, ressalta que os resultados s\u00e3o preliminares e ainda n\u00e3o valem como recomenda\u00e7\u00e3o para os produtores. \u201cN\u00f3s fizemos algumas coletas de dados no per\u00edodo chuvoso, passamos por um per\u00edodo de seca e, agora, estamos realizando a segunda parte da coleta de dados no per\u00edodo chuvoso seguinte. A ideia \u00e9 que a gente comece a observar aquelas plantas que apresentaram maior resist\u00eancia e adapta\u00e7\u00e3o\u201d, explica.<\/p>\n<p>\u201cJ\u00e1 sabemos algumas variedades que v\u00eam se destacando entre as gram\u00edneas perenes e at\u00e9 mesmo entre as anuais; j\u00e1 demos um corte no milheto este ano e vemos agora a rebrota desta variedade; os milhos tamb\u00e9m est\u00e3o se desenvolvendo muito bem aqui na regi\u00e3o e ainda h\u00e1 novas variedades de palma, com algumas mais resistentes \u00e0s pragas e \u00e0 pr\u00f3pria seca\u201d, comenta o t\u00e9cnico de campo Alexis Wanderley.<\/p>\n<p>Para o pesquisador da Embrapa Semi\u00e1rido, Rafael Dantas, os primeiros resultados s\u00e3o muito significativos. \u201cO ano passado, por conta das condi\u00e7\u00f5es clim\u00e1ticas, a produtividade foi baixa em algumas culturas, como, por exemplo, o sorgo e o milho. No entanto, plantas como o milheto, mesmo naquela condi\u00e7\u00e3o do ano passado, conseguiram se destacar. Isso \u00e9 bastante relevante para o projeto, que tem justamente o objetivo de trazer alternativas para esta realidade enfrentada pelos pecuaristas da regi\u00e3o\u201d, observa.<\/p>\n<figure id=\"attachment_2963\" aria-describedby=\"caption-attachment-2963\" style=\"width: 886px\" class=\"wp-caption aligncenter\"><img decoding=\"async\" class=\"wp-image-2963 size-full\" src=\"http:\/\/www.sistemafaeal.org.br\/senar\/wp-content\/uploads\/2019\/08\/3-1.jpg\" alt=\"\" width=\"886\" height=\"591\" srcset=\"https:\/\/www.sistemafaeal.org.br\/senar\/wp-content\/uploads\/2019\/08\/3-1.jpg 886w, https:\/\/www.sistemafaeal.org.br\/senar\/wp-content\/uploads\/2019\/08\/3-1-600x400.jpg 600w, https:\/\/www.sistemafaeal.org.br\/senar\/wp-content\/uploads\/2019\/08\/3-1-300x200.jpg 300w, https:\/\/www.sistemafaeal.org.br\/senar\/wp-content\/uploads\/2019\/08\/3-1-768x512.jpg 768w, https:\/\/www.sistemafaeal.org.br\/senar\/wp-content\/uploads\/2019\/08\/3-1-696x464.jpg 696w, https:\/\/www.sistemafaeal.org.br\/senar\/wp-content\/uploads\/2019\/08\/3-1-630x420.jpg 630w\" sizes=\"(max-width: 886px) 100vw, 886px\" \/><figcaption id=\"caption-attachment-2963\" class=\"wp-caption-text\">Produtores a caminho da URT<\/figcaption><\/figure>\n<p><strong>Refer\u00eancia Tecnol\u00f3gica<br \/>\n<\/strong>Para que as pesquisas pudessem ser desenvolvidas, o Governo do Estado cedeu um espa\u00e7o, dentro do Parque de Exposi\u00e7\u00f5es Mair Amaral, que hoje funciona como uma das 13 unidades de refer\u00eancia tecnol\u00f3gica do Forrageiras para o Semi\u00e1rido espalhadas em todo o Nordeste e no norte de Minas Gerais. Segundo o secret\u00e1rio de Estado da Agricultura, Pecu\u00e1ria, Pesca e Aquicultura, Silvio Bulh\u00f5es, a iniciativa \u00e9 importante para o desenvolvimento econ\u00f4mico de Alagoas.<\/p>\n<p>\u201cQuase todo o leite \u00e9 produzido na regi\u00e3o semi\u00e1rida, portanto, alternativas de nutri\u00e7\u00e3o dos animais, na produ\u00e7\u00e3o de alimentos volumosos e com fontes proteicas para a suplementa\u00e7\u00e3o do rebanho, reduzir\u00e3o o custo do produtor, aumentar\u00e3o a viabilidade da atividade e fomentar\u00e3o a economia do estado\u201d, pondera Bulh\u00f5es.<\/p>\n<p>O presidente da Federa\u00e7\u00e3o da Agricultura e Pecu\u00e1ria do Estado de Alagoas (Faeal), \u00c1lvaro Almeida, refor\u00e7a a import\u00e2ncia de se fortalecer a pecu\u00e1ria, principalmente, no momento de dificuldade por que passa a lavoura canavieira. \u201cSe desenvolvermos a pecu\u00e1ria, ela ocupar\u00e1 um pouco da \u00e1rea que est\u00e1 sendo deixada pela cana-de-a\u00e7\u00facar. Temos outras atividades, como eucalipto, gr\u00e3os, mas a pecu\u00e1ria sempre foi de muita import\u00e2ncia para o estado e devemos fortalec\u00ea-la ainda mais\u201d, afirma.<\/p>\n<figure id=\"attachment_2980\" aria-describedby=\"caption-attachment-2980\" style=\"width: 886px\" class=\"wp-caption aligncenter\"><img loading=\"lazy\" decoding=\"async\" class=\"wp-image-2980 size-full\" src=\"http:\/\/www.sistemafaeal.org.br\/senar\/wp-content\/uploads\/2019\/08\/5.jpg\" alt=\"\" width=\"886\" height=\"591\" srcset=\"https:\/\/www.sistemafaeal.org.br\/senar\/wp-content\/uploads\/2019\/08\/5.jpg 886w, https:\/\/www.sistemafaeal.org.br\/senar\/wp-content\/uploads\/2019\/08\/5-600x400.jpg 600w, https:\/\/www.sistemafaeal.org.br\/senar\/wp-content\/uploads\/2019\/08\/5-300x200.jpg 300w, https:\/\/www.sistemafaeal.org.br\/senar\/wp-content\/uploads\/2019\/08\/5-768x512.jpg 768w, https:\/\/www.sistemafaeal.org.br\/senar\/wp-content\/uploads\/2019\/08\/5-696x464.jpg 696w, https:\/\/www.sistemafaeal.org.br\/senar\/wp-content\/uploads\/2019\/08\/5-630x420.jpg 630w\" sizes=\"(max-width: 886px) 100vw, 886px\" \/><figcaption id=\"caption-attachment-2980\" class=\"wp-caption-text\">Pesquisadores e t\u00e9cnicos explicaram sobre adapta\u00e7\u00e3o de cada cultura<\/figcaption><\/figure>\n<p>Entre os pecuaristas que participaram do dia de campo, o clima \u00e9 de otimismo. \u201cHoje, o nosso desafio \u00e9 custo de produ\u00e7\u00e3o, porque produzimos aqui, mas estamos concorrendo com o mundo. Neste cen\u00e1rio, um projeto que traz alternativas de forragem com baixo risco de colheita, ou seja, com uma probabilidade muito alta de n\u00e3o perdermos a cultura, ser\u00e1 um marco para a nossa regi\u00e3o\u201d, comemora Andr\u00e9 Ramalho, presidente do Sindicato Rural dos Produtores de Leite de Alagoas \u2013 Sindileite.<\/p>\n<p>Dom\u00edcio Silva, presidente da Associa\u00e7\u00e3o dos Criadores de Alagoas \u2013 ACA \u2013, tamb\u00e9m reconhece a import\u00e2ncia do projeto. \u201cPara produzir bem e se desenvolver, o produtor necessita do alicerce da pesquisa que a CNA, a Faeal e a Embrapa est\u00e3o trazendo para n\u00f3s. Os pecuaristas est\u00e3o cada vez mais abertos \u00e0s inova\u00e7\u00f5es e a alta participa\u00e7\u00e3o no dia de campo \u00e9 uma prova de que eles querem absorver novos conhecimentos para crescer na atividade\u201d, diz.<\/p>\n<p>O produtor de leite S\u00e1vio Alexandre, do munic\u00edpio de Major Izidoro, foi a Batalha conferir de perto o projeto Forrageiras para o Semi\u00e1rido e gostou do que viu. \u201cEu nunca tinha participado de um dia de campo como esse. \u00c9 muito produtivo para a gente que nasceu no campo, vive na atividade, mas, quando acompanha os t\u00e9cnicos, que t\u00eam um conhecimento profundo das culturas, acaba aprendendo coisas novas, adquirindo conhecimento para melhorar a nossa produ\u00e7\u00e3o\u201d, ressalta.<\/p>\n<figure id=\"attachment_2967\" aria-describedby=\"caption-attachment-2967\" style=\"width: 886px\" class=\"wp-caption aligncenter\"><img loading=\"lazy\" decoding=\"async\" class=\"wp-image-2967 size-full\" src=\"http:\/\/www.sistemafaeal.org.br\/senar\/wp-content\/uploads\/2019\/08\/IMG_0105.jpg\" alt=\"\" width=\"886\" height=\"591\" srcset=\"https:\/\/www.sistemafaeal.org.br\/senar\/wp-content\/uploads\/2019\/08\/IMG_0105.jpg 886w, https:\/\/www.sistemafaeal.org.br\/senar\/wp-content\/uploads\/2019\/08\/IMG_0105-600x400.jpg 600w, https:\/\/www.sistemafaeal.org.br\/senar\/wp-content\/uploads\/2019\/08\/IMG_0105-300x200.jpg 300w, https:\/\/www.sistemafaeal.org.br\/senar\/wp-content\/uploads\/2019\/08\/IMG_0105-768x512.jpg 768w, https:\/\/www.sistemafaeal.org.br\/senar\/wp-content\/uploads\/2019\/08\/IMG_0105-696x464.jpg 696w, https:\/\/www.sistemafaeal.org.br\/senar\/wp-content\/uploads\/2019\/08\/IMG_0105-630x420.jpg 630w\" sizes=\"(max-width: 886px) 100vw, 886px\" \/><figcaption id=\"caption-attachment-2967\" class=\"wp-caption-text\">Divididos em grupos, produtores percorreram as esta\u00e7\u00f5es<\/figcaption><\/figure>\n<p><strong>Aplicativo<\/strong><br \/>\nOs pecuaristas tamb\u00e9m tiveram a oportunidade de conhecer o aplicativo Or\u00e7amento Forrageiro, desenvolvido pela CNA em parceria com a Embrapa. Gratuito e dispon\u00edvel inicialmente na plataforma Android, o software auxilia o\u00a0pecuarista na gest\u00e3o dos recursos forrageiros de forma mais eficiente e lucrativa.<\/p>\n<p>O produtor consegue fazer o planejamento alimentar do rebanho. Para isso, basta informar a quantidade de animais \u2013 divididos por esp\u00e9cie e categoria \u2013, o peso m\u00e9dio de cada um e a quantidade de forrageiras dispon\u00edveis na propriedade. Com essas informa\u00e7\u00f5es, o aplicativo prev\u00ea o saldo forrageiro m\u00eas a m\u00eas e estima a reserva necess\u00e1ria para o per\u00edodo de um ano. Al\u00e9m disso, fornece indicadores para a tomada de decis\u00f5es como armazenar ou plantar mais forrageiras, adquirir ou vender animais.<\/p>\n","protected":false},"excerpt":{"rendered":"<p>Mais de 150 pecuaristas alagoanos participaram, na \u00faltima sexta-feira, 23, de um Dia de Campo no Parque de Exposi\u00e7\u00f5es Mair Amaral, munic\u00edpio de Batalha. Eles tiveram acesso aos dados preliminares do projeto Forrageiras para o Semi\u00e1rido \u2013 Pecu\u00e1ria Sustent\u00e1vel, iniciativa do Instituto CNA em parceria com a Empresa Brasileira de Pesquisa Agropecu\u00e1ria \u2013 Embrapa. O [&hellip;]<\/p>\n","protected":false},"author":7,"featured_media":2979,"comment_status":"open","ping_status":"open","sticky":false,"template":"","format":"standard","meta":{"footnotes":""},"categories":[5],"tags":[],"class_list":["post-2954","post","type-post","status-publish","format-standard","has-post-thumbnail","hentry","category-noticias"],"_links":{"self":[{"href":"https:\/\/www.sistemafaeal.org.br\/senar\/wp-json\/wp\/v2\/posts\/2954","targetHints":{"allow":["GET"]}}],"collection":[{"href":"https:\/\/www.sistemafaeal.org.br\/senar\/wp-json\/wp\/v2\/posts"}],"about":[{"href":"https:\/\/www.sistemafaeal.org.br\/senar\/wp-json\/wp\/v2\/types\/post"}],"author":[{"embeddable":true,"href":"https:\/\/www.sistemafaeal.org.br\/senar\/wp-json\/wp\/v2\/users\/7"}],"replies":[{"embeddable":true,"href":"https:\/\/www.sistemafaeal.org.br\/senar\/wp-json\/wp\/v2\/comments?post=2954"}],"version-history":[{"count":0,"href":"https:\/\/www.sistemafaeal.org.br\/senar\/wp-json\/wp\/v2\/posts\/2954\/revisions"}],"wp:featuredmedia":[{"embeddable":true,"href":"https:\/\/www.sistemafaeal.org.br\/senar\/wp-json\/wp\/v2\/media\/2979"}],"wp:attachment":[{"href":"https:\/\/www.sistemafaeal.org.br\/senar\/wp-json\/wp\/v2\/media?parent=2954"}],"wp:term":[{"taxonomy":"category","embeddable":true,"href":"https:\/\/www.sistemafaeal.org.br\/senar\/wp-json\/wp\/v2\/categories?post=2954"},{"taxonomy":"post_tag","embeddable":true,"href":"https:\/\/www.sistemafaeal.org.br\/senar\/wp-json\/wp\/v2\/tags?post=2954"}],"curies":[{"name":"wp","href":"https:\/\/api.w.org\/{rel}","templated":true}]}}