{"id":3008,"date":"2019-09-02T13:04:56","date_gmt":"2019-09-02T16:04:56","guid":{"rendered":"http:\/\/www.sistemafaeal.org.br\/senar\/?p=3008"},"modified":"2019-10-01T12:07:46","modified_gmt":"2019-10-01T15:07:46","slug":"belem-realiza-80-mamografias-em-dia-de-programas-de-saude-do-senar","status":"publish","type":"post","link":"https:\/\/www.sistemafaeal.org.br\/senar\/belem-realiza-80-mamografias-em-dia-de-programas-de-saude-do-senar\/","title":{"rendered":"Bel\u00e9m realiza 80 mamografias em dia de programas de sa\u00fade do Senar"},"content":{"rendered":"<figure id=\"attachment_3017\" aria-describedby=\"caption-attachment-3017\" style=\"width: 300px\" class=\"wp-caption alignright\"><img fetchpriority=\"high\" decoding=\"async\" class=\"wp-image-3017 size-medium\" src=\"http:\/\/www.sistemafaeal.org.br\/senar\/wp-content\/uploads\/2019\/09\/WhatsApp-Image-2019-08-31-at-07.34.10-17-300x200.jpeg\" alt=\"\" width=\"300\" height=\"200\" srcset=\"https:\/\/www.sistemafaeal.org.br\/senar\/wp-content\/uploads\/2019\/09\/WhatsApp-Image-2019-08-31-at-07.34.10-17-300x200.jpeg 300w, https:\/\/www.sistemafaeal.org.br\/senar\/wp-content\/uploads\/2019\/09\/WhatsApp-Image-2019-08-31-at-07.34.10-17-600x400.jpeg 600w, https:\/\/www.sistemafaeal.org.br\/senar\/wp-content\/uploads\/2019\/09\/WhatsApp-Image-2019-08-31-at-07.34.10-17-768x512.jpeg 768w, https:\/\/www.sistemafaeal.org.br\/senar\/wp-content\/uploads\/2019\/09\/WhatsApp-Image-2019-08-31-at-07.34.10-17-696x464.jpeg 696w, https:\/\/www.sistemafaeal.org.br\/senar\/wp-content\/uploads\/2019\/09\/WhatsApp-Image-2019-08-31-at-07.34.10-17-630x420.jpeg 630w, https:\/\/www.sistemafaeal.org.br\/senar\/wp-content\/uploads\/2019\/09\/WhatsApp-Image-2019-08-31-at-07.34.10-17.jpeg 886w\" sizes=\"(max-width: 300px) 100vw, 300px\" \/><figcaption id=\"caption-attachment-3017\" class=\"wp-caption-text\">80 mamografias foram realizadas na unidade m\u00f3vel &#8220;Amigo do Peito&#8221;<\/figcaption><\/figure>\n<p>O caminh\u00e3o cor de rosa estacionado em frente \u00e0 Unidade B\u00e1sica de Sa\u00fade Aur\u00e9lio Antero Torres, no in\u00edcio da manh\u00e3 da \u00faltima sexta-feira, 30 de agosto, era o primeiro sinal de um dia muito importante para a comunidade do povoado Ch\u00e3 de Bel\u00e9m. O \u201cAmigo do Peito\u201d, unidade m\u00f3vel de mamografia digital, foi um refor\u00e7o de peso para os programas de sa\u00fade promovidos pelo Servi\u00e7o Nacional de Aprendizagem Rural \u2013 Senar Alagoas \u2013 em parceria com a Sociedade Brasileira de Urologia \u2013 SBU \u2013 e a Prefeitura de Bel\u00e9m, munic\u00edpio do agreste alagoano.<\/p>\n<p>Ao todo, foram realizadas 80 mamografias na unidade m\u00f3vel. Al\u00e9m disso, 103 mulheres fizeram exame de citologia, 116 homens se submeteram ao PSA e 98 ao toque retal. O dia de a\u00e7\u00f5es reuniu profissionais e estudantes da \u00e1rea da sa\u00fade e tamb\u00e9m ofereceu atividades f\u00edsicas; oficinas de sal de ervas e de ervas medicinais com doa\u00e7\u00e3o de mudas<\/p>\n<figure id=\"attachment_3031\" aria-describedby=\"caption-attachment-3031\" style=\"width: 300px\" class=\"wp-caption alignright\"><img decoding=\"async\" class=\"wp-image-3031 size-medium\" src=\"http:\/\/www.sistemafaeal.org.br\/senar\/wp-content\/uploads\/2019\/09\/WhatsApp-Image-2019-08-31-at-07.34.10-3-300x200.jpeg\" alt=\"\" width=\"300\" height=\"200\" srcset=\"https:\/\/www.sistemafaeal.org.br\/senar\/wp-content\/uploads\/2019\/09\/WhatsApp-Image-2019-08-31-at-07.34.10-3-300x200.jpeg 300w, https:\/\/www.sistemafaeal.org.br\/senar\/wp-content\/uploads\/2019\/09\/WhatsApp-Image-2019-08-31-at-07.34.10-3-600x400.jpeg 600w, https:\/\/www.sistemafaeal.org.br\/senar\/wp-content\/uploads\/2019\/09\/WhatsApp-Image-2019-08-31-at-07.34.10-3-768x512.jpeg 768w, https:\/\/www.sistemafaeal.org.br\/senar\/wp-content\/uploads\/2019\/09\/WhatsApp-Image-2019-08-31-at-07.34.10-3-696x464.jpeg 696w, https:\/\/www.sistemafaeal.org.br\/senar\/wp-content\/uploads\/2019\/09\/WhatsApp-Image-2019-08-31-at-07.34.10-3-630x420.jpeg 630w, https:\/\/www.sistemafaeal.org.br\/senar\/wp-content\/uploads\/2019\/09\/WhatsApp-Image-2019-08-31-at-07.34.10-3.jpeg 886w\" sizes=\"(max-width: 300px) 100vw, 300px\" \/><figcaption id=\"caption-attachment-3031\" class=\"wp-caption-text\">Palestra sobre sa\u00fade bucal<\/figcaption><\/figure>\n<p>; palestras sobre infec\u00e7\u00f5es sexualmente transmiss\u00edveis e sa\u00fade bucal com distribui\u00e7\u00e3o de kits de higiene; servi\u00e7os de massagem; limpeza de pele; pintura de unhas e corte de cabelo.<\/p>\n<p>\u201cEsta parceria com o Senar \u00e9 muito importante e nos permite realizar uma a\u00e7\u00e3o de grande volume, para pessoas que s\u00e3o muito carentes. N\u00f3s, que estamos na ponta, sabemos o quanto temos sido sacrificados. A cada dia, as obriga\u00e7\u00f5es do munic\u00edpio s\u00e3o maiores e os recursos mais escassos, ent\u00e3o, esses programas de sa\u00fade s\u00f3 nos ajudam a atingir os nossos indicadores e fortalecer a sa\u00fade do munic\u00edpio\u201d, afirma a prefeita de Bel\u00e9m, Paula Santa Rosa.<\/p>\n<p>Segundo a secret\u00e1ria de Sa\u00fade do munic\u00edpio, Maria Jenice Ferreira de Melo, a a\u00e7\u00e3o \u00e9 inovadora porque, al\u00e9m de prestar uma assist\u00eancia humanizada, garante servi\u00e7os dif\u00edceis de ofertar. \u201cA mamografia, por exemplo, a gente n\u00e3o tem no munic\u00edpio e \u00e9 muito complicado conseguir na regi\u00e3o, pois recebemos uma cota m\u00ednima disponibilizada pelo governo. Para conseguir realizar os exames, \u00e9 preciso pensar em estrat\u00e9gias como esta e pagar com recursos pr\u00f3prios\u201d, exemplifica.<\/p>\n<figure id=\"attachment_3025\" aria-describedby=\"caption-attachment-3025\" style=\"width: 300px\" class=\"wp-caption alignright\"><img decoding=\"async\" class=\"wp-image-3025 size-medium\" src=\"http:\/\/www.sistemafaeal.org.br\/senar\/wp-content\/uploads\/2019\/09\/WhatsApp-Image-2019-08-31-at-07.34.10-9-300x200.jpeg\" alt=\"\" width=\"300\" height=\"200\" srcset=\"https:\/\/www.sistemafaeal.org.br\/senar\/wp-content\/uploads\/2019\/09\/WhatsApp-Image-2019-08-31-at-07.34.10-9-300x200.jpeg 300w, https:\/\/www.sistemafaeal.org.br\/senar\/wp-content\/uploads\/2019\/09\/WhatsApp-Image-2019-08-31-at-07.34.10-9-600x400.jpeg 600w, https:\/\/www.sistemafaeal.org.br\/senar\/wp-content\/uploads\/2019\/09\/WhatsApp-Image-2019-08-31-at-07.34.10-9-768x512.jpeg 768w, https:\/\/www.sistemafaeal.org.br\/senar\/wp-content\/uploads\/2019\/09\/WhatsApp-Image-2019-08-31-at-07.34.10-9-696x464.jpeg 696w, https:\/\/www.sistemafaeal.org.br\/senar\/wp-content\/uploads\/2019\/09\/WhatsApp-Image-2019-08-31-at-07.34.10-9-630x420.jpeg 630w, https:\/\/www.sistemafaeal.org.br\/senar\/wp-content\/uploads\/2019\/09\/WhatsApp-Image-2019-08-31-at-07.34.10-9.jpeg 886w\" sizes=\"(max-width: 300px) 100vw, 300px\" \/><figcaption id=\"caption-attachment-3025\" class=\"wp-caption-text\">Prefeita Paula Santa Rosa ao lado do presidente do Sindicato Rural, Nielson Barros<\/figcaption><\/figure>\n<p>\u201cPor meio dos programas de sa\u00fade do Senar, atendemos o p\u00fablico menos favorecido com qualidade e perfei\u00e7\u00e3o. Esta \u00e9 a prova de que o Sistema CNA Brasil n\u00e3o \u00e9 voltado apenas para o grande produtor, ele beneficia do agricultor familiar ao usineiro, indistintamente. Estamos muito felizes em poder realizar esta grande a\u00e7\u00e3o no munic\u00edpio de Bel\u00e9m\u201d, ressalta o presidente do Sindicato Rural de Palmeira dos \u00cdndios e regi\u00e3o, Nielson Correa Barros.<\/p>\n<p>Aos 44 anos, o agricultor Jos\u00e9 On\u00f3rio Filho aproveitou os programas do Senar para realizar os exames da pr\u00f3stata pela primeira vez. \u201cMuitas vezes a gente precisa ir para Macei\u00f3 e gastar o dinheiro que n\u00e3o tem para fazer um exame desse. Por isso, eu aproveitei esta a\u00e7\u00e3o, fiz aqui e foi muito tranquilo. Muita gente tem receio, mas, para mim, \u00e9 importante cuidar da sa\u00fade e eu pretendo repetir sempre for necess\u00e1rio\u201d, comenta.<\/p>\n<figure id=\"attachment_3034\" aria-describedby=\"caption-attachment-3034\" style=\"width: 886px\" class=\"wp-caption aligncenter\"><img loading=\"lazy\" decoding=\"async\" class=\"wp-image-3034 size-full\" src=\"http:\/\/www.sistemafaeal.org.br\/senar\/wp-content\/uploads\/2019\/09\/WhatsApp-Image-2019-08-31-at-07.34.10.jpeg\" alt=\"\" width=\"886\" height=\"591\" srcset=\"https:\/\/www.sistemafaeal.org.br\/senar\/wp-content\/uploads\/2019\/09\/WhatsApp-Image-2019-08-31-at-07.34.10.jpeg 886w, https:\/\/www.sistemafaeal.org.br\/senar\/wp-content\/uploads\/2019\/09\/WhatsApp-Image-2019-08-31-at-07.34.10-600x400.jpeg 600w, https:\/\/www.sistemafaeal.org.br\/senar\/wp-content\/uploads\/2019\/09\/WhatsApp-Image-2019-08-31-at-07.34.10-300x200.jpeg 300w, https:\/\/www.sistemafaeal.org.br\/senar\/wp-content\/uploads\/2019\/09\/WhatsApp-Image-2019-08-31-at-07.34.10-768x512.jpeg 768w, https:\/\/www.sistemafaeal.org.br\/senar\/wp-content\/uploads\/2019\/09\/WhatsApp-Image-2019-08-31-at-07.34.10-696x464.jpeg 696w, https:\/\/www.sistemafaeal.org.br\/senar\/wp-content\/uploads\/2019\/09\/WhatsApp-Image-2019-08-31-at-07.34.10-630x420.jpeg 630w\" sizes=\"(max-width: 886px) 100vw, 886px\" \/><figcaption id=\"caption-attachment-3034\" class=\"wp-caption-text\">Equipes da Prefeitura, Senar AL, SBU e Liga Acad\u00eamica de Urologia<\/figcaption><\/figure>\n<p>&nbsp;<\/p>\n","protected":false},"excerpt":{"rendered":"<p>O caminh\u00e3o cor de rosa estacionado em frente \u00e0 Unidade B\u00e1sica de Sa\u00fade Aur\u00e9lio Antero Torres, no in\u00edcio da manh\u00e3 da \u00faltima sexta-feira, 30 de agosto, era o primeiro sinal de um dia muito importante para a comunidade do povoado Ch\u00e3 de Bel\u00e9m. O \u201cAmigo do Peito\u201d, unidade m\u00f3vel de mamografia digital, foi um refor\u00e7o [&hellip;]<\/p>\n","protected":false},"author":7,"featured_media":3017,"comment_status":"open","ping_status":"open","sticky":false,"template":"","format":"standard","meta":{"footnotes":""},"categories":[5],"tags":[],"class_list":["post-3008","post","type-post","status-publish","format-standard","has-post-thumbnail","hentry","category-noticias"],"_links":{"self":[{"href":"https:\/\/www.sistemafaeal.org.br\/senar\/wp-json\/wp\/v2\/posts\/3008","targetHints":{"allow":["GET"]}}],"collection":[{"href":"https:\/\/www.sistemafaeal.org.br\/senar\/wp-json\/wp\/v2\/posts"}],"about":[{"href":"https:\/\/www.sistemafaeal.org.br\/senar\/wp-json\/wp\/v2\/types\/post"}],"author":[{"embeddable":true,"href":"https:\/\/www.sistemafaeal.org.br\/senar\/wp-json\/wp\/v2\/users\/7"}],"replies":[{"embeddable":true,"href":"https:\/\/www.sistemafaeal.org.br\/senar\/wp-json\/wp\/v2\/comments?post=3008"}],"version-history":[{"count":0,"href":"https:\/\/www.sistemafaeal.org.br\/senar\/wp-json\/wp\/v2\/posts\/3008\/revisions"}],"wp:featuredmedia":[{"embeddable":true,"href":"https:\/\/www.sistemafaeal.org.br\/senar\/wp-json\/wp\/v2\/media\/3017"}],"wp:attachment":[{"href":"https:\/\/www.sistemafaeal.org.br\/senar\/wp-json\/wp\/v2\/media?parent=3008"}],"wp:term":[{"taxonomy":"category","embeddable":true,"href":"https:\/\/www.sistemafaeal.org.br\/senar\/wp-json\/wp\/v2\/categories?post=3008"},{"taxonomy":"post_tag","embeddable":true,"href":"https:\/\/www.sistemafaeal.org.br\/senar\/wp-json\/wp\/v2\/tags?post=3008"}],"curies":[{"name":"wp","href":"https:\/\/api.w.org\/{rel}","templated":true}]}}