{"id":3048,"date":"2019-09-04T07:32:31","date_gmt":"2019-09-04T10:32:31","guid":{"rendered":"http:\/\/www.sistemafaeal.org.br\/senar\/?p=3048"},"modified":"2019-09-04T07:34:03","modified_gmt":"2019-09-04T10:34:03","slug":"presidente-da-faeal-defende-construcao-de-abatedouros-publicos-em-alagoas","status":"publish","type":"post","link":"https:\/\/www.sistemafaeal.org.br\/senar\/presidente-da-faeal-defende-construcao-de-abatedouros-publicos-em-alagoas\/","title":{"rendered":"Presidente da Faeal defende constru\u00e7\u00e3o de abatedouros p\u00fablicos em Alagoas"},"content":{"rendered":"<figure id=\"attachment_3049\" aria-describedby=\"caption-attachment-3049\" style=\"width: 1772px\" class=\"wp-caption aligncenter\"><img fetchpriority=\"high\" decoding=\"async\" class=\"wp-image-3049 size-full\" src=\"http:\/\/www.sistemafaeal.org.br\/senar\/wp-content\/uploads\/2019\/09\/sessabat3.jpg\" alt=\"\" width=\"1772\" height=\"1218\" srcset=\"https:\/\/www.sistemafaeal.org.br\/senar\/wp-content\/uploads\/2019\/09\/sessabat3.jpg 1772w, https:\/\/www.sistemafaeal.org.br\/senar\/wp-content\/uploads\/2019\/09\/sessabat3-600x412.jpg 600w, https:\/\/www.sistemafaeal.org.br\/senar\/wp-content\/uploads\/2019\/09\/sessabat3-300x206.jpg 300w, https:\/\/www.sistemafaeal.org.br\/senar\/wp-content\/uploads\/2019\/09\/sessabat3-768x528.jpg 768w, https:\/\/www.sistemafaeal.org.br\/senar\/wp-content\/uploads\/2019\/09\/sessabat3-1024x704.jpg 1024w, https:\/\/www.sistemafaeal.org.br\/senar\/wp-content\/uploads\/2019\/09\/sessabat3-100x70.jpg 100w, https:\/\/www.sistemafaeal.org.br\/senar\/wp-content\/uploads\/2019\/09\/sessabat3-218x150.jpg 218w, https:\/\/www.sistemafaeal.org.br\/senar\/wp-content\/uploads\/2019\/09\/sessabat3-696x478.jpg 696w, https:\/\/www.sistemafaeal.org.br\/senar\/wp-content\/uploads\/2019\/09\/sessabat3-1068x734.jpg 1068w, https:\/\/www.sistemafaeal.org.br\/senar\/wp-content\/uploads\/2019\/09\/sessabat3-611x420.jpg 611w\" sizes=\"(max-width: 1772px) 100vw, 1772px\" \/><figcaption id=\"caption-attachment-3049\" class=\"wp-caption-text\">\u00c1lvaro Almeida em discurso na Assembleia Legislativa<\/figcaption><\/figure>\n<p><strong>Com informa\u00e7\u00f5es da Comunica\u00e7\u00e3o\/ALE<\/strong><\/p>\n<p>O presidente da Federa\u00e7\u00e3o da Agricultura e Pecu\u00e1ria do Estado de Alagoas \u2013 Faeal \u2013, \u00c1lvaro Almeida, fez um discurso em defesa da constru\u00e7\u00e3o de abatedouros p\u00fablicos nessa ter\u00e7a-feira, 3, em sess\u00e3o p\u00fablica realizada na Assembleia Legislativa. A sess\u00e3o foi proposta pelo deputado estadual In\u00e1cio Loiola (PDT) e promoveu discuss\u00f5es sobre o processo de abate, fiscaliza\u00e7\u00e3o sanit\u00e1ria, tratamento humanit\u00e1rio dos animais, fechamento de abatedouros nos munic\u00edpios alagoanos coopera\u00e7\u00e3o t\u00e9cnica entre gestores municipais e governos estadual e federal.<\/p>\n<p>\u201cH\u00e1 13 anos, quanto pleiteamos a cria\u00e7\u00e3o da Adeal (Ag\u00eancia de Defesa e Inspe\u00e7\u00e3o Agropecu\u00e1ria de Alagoas), pens\u00e1vamos que hoje, em 2019, este problema dos abatedouros j\u00e1 estaria resolvido. E o que nos preocupa muito \u00e9 a trucul\u00eancia das fiscaliza\u00e7\u00f5es, a viol\u00eancia com o cidad\u00e3o que produz. Tenho uma condi\u00e7\u00e3o muito tranquila de dizer isso, pois as mesmas reclama\u00e7\u00f5es eu fa\u00e7o ao governador do Estado, de quem todos sabem que sou eleitor. Mas, neste assunto, tem que se cobrar e fazer mais. Produtores est\u00e3o sendo perseguidos, abatedouros fechados, prefeituras sendo punidas a exemplo de Batalha, multada em R$250 mil, quando, com R$50 mil, o abatedouro da cidade poderia ter sido refeito e em condi\u00e7\u00f5es para que os animais fossem abatidos\u201d, afirmou \u00c1lvaro Almeida.<\/p>\n<p>\u201cHoje est\u00e3o matando os animais nas bananeiras, o que \u00e9 muito pior. O Minist\u00e9rio P\u00fablico, altivo no acompanhamento das persegui\u00e7\u00f5es, n\u00e3o est\u00e1 aqui nesta sess\u00e3o. Deveria estar. N\u00f3s, pecuaristas, n\u00e3o queremos ilegalidade, mas sim, que a legisla\u00e7\u00e3o sanit\u00e1ria seja obedecida sem trucul\u00eancia. Com poucos recursos, quantos abatedouros p\u00fablicos poderiam funcionar at\u00e9 que as exig\u00eancias do Minist\u00e9rio P\u00fablico fossem totalmente atendidas? N\u00f3s temos 102 munic\u00edpios e apenas 14 abatedouros funcionando no Estado de Alagoas. \u00c9 imposs\u00edvel que isso continue a acontecer. Que esta casa converse com o senhor governador e coloque este assunto como prioridade m\u00e1xima\u201d, sugeriu o presidente da Faeal.<\/p>\n<figure id=\"attachment_3050\" aria-describedby=\"caption-attachment-3050\" style=\"width: 1772px\" class=\"wp-caption aligncenter\"><img decoding=\"async\" class=\"wp-image-3050 size-full\" src=\"http:\/\/www.sistemafaeal.org.br\/senar\/wp-content\/uploads\/2019\/09\/sessabat2.jpg\" alt=\"\" width=\"1772\" height=\"1181\" srcset=\"https:\/\/www.sistemafaeal.org.br\/senar\/wp-content\/uploads\/2019\/09\/sessabat2.jpg 1772w, https:\/\/www.sistemafaeal.org.br\/senar\/wp-content\/uploads\/2019\/09\/sessabat2-600x400.jpg 600w, https:\/\/www.sistemafaeal.org.br\/senar\/wp-content\/uploads\/2019\/09\/sessabat2-300x200.jpg 300w, https:\/\/www.sistemafaeal.org.br\/senar\/wp-content\/uploads\/2019\/09\/sessabat2-768x512.jpg 768w, https:\/\/www.sistemafaeal.org.br\/senar\/wp-content\/uploads\/2019\/09\/sessabat2-1024x682.jpg 1024w, https:\/\/www.sistemafaeal.org.br\/senar\/wp-content\/uploads\/2019\/09\/sessabat2-696x464.jpg 696w, https:\/\/www.sistemafaeal.org.br\/senar\/wp-content\/uploads\/2019\/09\/sessabat2-1068x712.jpg 1068w, https:\/\/www.sistemafaeal.org.br\/senar\/wp-content\/uploads\/2019\/09\/sessabat2-630x420.jpg 630w\" sizes=\"(max-width: 1772px) 100vw, 1772px\" \/><figcaption id=\"caption-attachment-3050\" class=\"wp-caption-text\">Sess\u00e3o foi proposta pelo deputado estadual In\u00e1cio Loiola<\/figcaption><\/figure>\n<p>Propositor da sess\u00e3o p\u00fablica, o deputado In\u00e1cio Loiola destacou que o mundo est\u00e1 em constante evolu\u00e7\u00e3o e a sociedade exige e cobra mais respeito \u00e0s pr\u00e1ticas ambientais e de sa\u00fade p\u00fablica conforme legisla\u00e7\u00e3o vigente. \u201c\u00c9 preciso oferecer \u00e0s pessoas alimentos saud\u00e1veis, uma exig\u00eancia inerente do mercado consumidor, montar estrutura adequada e trabalhar um plano permanente de conscientiza\u00e7\u00e3o de todos os envolvidos na cadeia produtiva. Os abatedouros frigor\u00edficos, mais uma vez, passam pela aus\u00eancia de planejamento do Estado e t\u00eam causado s\u00e9rios preju\u00edzos \u00e0 parte fraca da cadeia produtiva, que s\u00e3o os marchantes, obrigados a transportar os animais para abat\u00ea-los em outras cidades\u201d, disse.<\/p>\n<p>In\u00e1cio tamb\u00e9m criticou a multa e penaliza\u00e7\u00e3o das fam\u00edlias que dependem social e economicamente da comercializa\u00e7\u00e3o da carne, com mais despesas geradas pelo custo do frete e outras sobretaxas, inviabilizando o seu neg\u00f3cio. \u201c\u00c9 preciso construir meios para ajudar o elo mais fraco, que s\u00e3o os marchantes. \u00c9 preciso que o Estado planeje e viabilize a constru\u00e7\u00e3o de abatedouros pr\u00f3ximos do mercado consumidor, com muita responsabilidade, para n\u00e3o perder os escassos recursos. A verdade \u00e9 que os munic\u00edpios n\u00e3o disp\u00f5em de condi\u00e7\u00f5es para arcar com os custos de constru\u00e7\u00e3o e manuten\u00e7\u00e3o dos abatedouros frigor\u00edficos, pois cada planta custa cerca de R$ 12 milh\u00f5es\u201d, finalizou.<\/p>\n<p>O secret\u00e1rio estadual de Agricultura, Silvio Bulh\u00f5es, destacou a situa\u00e7\u00e3o dos abatedouros frigor\u00edficos e reconheceu que o Estado precisa construir mais unidades para atender melhor o consumidor e os marchantes alagoanos. \u201cVamos iniciar, junto com a Adeal, o plano de regionaliza\u00e7\u00e3o de abatedouros que visa, al\u00e9m da constru\u00e7\u00e3o e novos equipamentos, a promo\u00e7\u00e3o e a adequa\u00e7\u00e3o dos abatedouros j\u00e1 existentes, regionalizando-os, j\u00e1 que est\u00e3o funcionando com selo de inspe\u00e7\u00e3o municipal. Isto tudo baseado em uma nova legisla\u00e7\u00e3o, que devemos enviar ainda esta semana para ser apreciada por esta Casa. A ideia da regionaliza\u00e7\u00e3o \u00e9 atender todo o Estado, de modo que nenhum munic\u00edpio fique sem cobertura de abatedouros. Al\u00e9m disso, vamos fazer a reforma dos atuais abatedouros, a exemplo do de Delmiro Gouveia e de Santana do Ipanema\u201d, afirmou.<\/p>\n<figure id=\"attachment_3051\" aria-describedby=\"caption-attachment-3051\" style=\"width: 1772px\" class=\"wp-caption aligncenter\"><img decoding=\"async\" class=\"wp-image-3051 size-full\" src=\"http:\/\/www.sistemafaeal.org.br\/senar\/wp-content\/uploads\/2019\/09\/sessabat1.jpg\" alt=\"\" width=\"1772\" height=\"1231\" srcset=\"https:\/\/www.sistemafaeal.org.br\/senar\/wp-content\/uploads\/2019\/09\/sessabat1.jpg 1772w, https:\/\/www.sistemafaeal.org.br\/senar\/wp-content\/uploads\/2019\/09\/sessabat1-600x417.jpg 600w, https:\/\/www.sistemafaeal.org.br\/senar\/wp-content\/uploads\/2019\/09\/sessabat1-300x208.jpg 300w, https:\/\/www.sistemafaeal.org.br\/senar\/wp-content\/uploads\/2019\/09\/sessabat1-768x534.jpg 768w, https:\/\/www.sistemafaeal.org.br\/senar\/wp-content\/uploads\/2019\/09\/sessabat1-1024x711.jpg 1024w, https:\/\/www.sistemafaeal.org.br\/senar\/wp-content\/uploads\/2019\/09\/sessabat1-100x70.jpg 100w, https:\/\/www.sistemafaeal.org.br\/senar\/wp-content\/uploads\/2019\/09\/sessabat1-218x150.jpg 218w, https:\/\/www.sistemafaeal.org.br\/senar\/wp-content\/uploads\/2019\/09\/sessabat1-696x484.jpg 696w, https:\/\/www.sistemafaeal.org.br\/senar\/wp-content\/uploads\/2019\/09\/sessabat1-1068x742.jpg 1068w, https:\/\/www.sistemafaeal.org.br\/senar\/wp-content\/uploads\/2019\/09\/sessabat1-605x420.jpg 605w\" sizes=\"(max-width: 1772px) 100vw, 1772px\" \/><figcaption id=\"caption-attachment-3051\" class=\"wp-caption-text\">Evento contou com presen\u00e7a de parlamentares, prefeitos, secret\u00e1rios de estado e representantes da cadeia produtiva<\/figcaption><\/figure>\n<p>O diretor presidente da Adeal, Carlos Mendon\u00e7a Neto, ressaltou a situa\u00e7\u00e3o dos abatedouros no Estado. Ele confirmou ainda que o Estado gere, atualmente, tr\u00eas abatedouros: Satuba, Rio Largo e Arapiraca, al\u00e9m de um de aves, em Santa Luzia do Norte. \u201cEstamos presentes no intuito de estimular a adequa\u00e7\u00e3o dos diversos abatedouros frigor\u00edficos dentro do Estado, para que se evite, de maneira dr\u00e1stica, os fechamentos que acontecem por falta de inobserv\u00e2ncia da legisla\u00e7\u00e3o. Vamos encaminhar \u00e0 Assembleia Legislativa uma nova legisla\u00e7\u00e3o, a fim de adequarmos os abatedouros \u00e0 nossa realidade, j\u00e1 que at\u00e9 hoje utilizamos uma legisla\u00e7\u00e3o federal extremamente r\u00edgida e que, muitas vezes, n\u00e3o corresponde \u00e0 nossa realidade. Esperamos que novos abatedouros se regularizem, levando em considera\u00e7\u00e3o a qualidade sanit\u00e1ria e a sa\u00fade da popula\u00e7\u00e3o\u201d, disse.<\/p>\n<p>O presidente da Associa\u00e7\u00e3o dos Criadores de Alagoas, Dom\u00edcio Silva, avaliou que a situa\u00e7\u00e3o dos abatedouros em Alagoas \u00e9 muito preocupante para quem produz, para os marchantes e para o consumidor. \u201cEstamos vendo \u00e1reas anteriormente usadas para cana-de-a\u00e7\u00facar, agora destinadas \u00e0 pecu\u00e1ria de corte, que vem aumentado em quantidade e qualidade. Neste sentido, podemos dizer que da porteira para dentro o produtor faz seu trabalho bem feito, por\u00e9m, precisamos ter na ponta locais adequados para o abatimento, com seguran\u00e7a\u00a0 alimentar para o consumidor. Da forma como se encontra hoje, vemos com preocupa\u00e7\u00e3o, j\u00e1 que alguns abatedouros est\u00e3o fechados sem condi\u00e7\u00f5es de funcionamento. Da\u00ed a import\u00e2ncia de novos abatedouros, para que n\u00e3o possamos deixar os produtores sem ter onde abater os animais produzidos, tampouco que sejam abatidos deforma clandestina\u201d, disse.<\/p>\n<p>Participaram ainda da sess\u00e3o os deputados Francisco Ten\u00f3rio (PMN), \u00c2ngela Garrote (PP), F\u00e1tima Canuto (PRTB), J\u00f3 Pereira (MDB), Tarcizo Freire (PP), Davi Maia (DEM),Cibele Moura (PSDB), Marcelo Beltr\u00e3o (MDB), Cabo Bebeto (PSL) e Silvio Camelo (PV); o superintendente do Minist\u00e9rio da Agricultura, Alair Correia, prefeitos, secret\u00e1rios estaduais, vereadores, marchantes, entre outros representantes do setor da agr\u00edcola e pecuarista do Estado.<\/p>\n<figure id=\"attachment_3052\" aria-describedby=\"caption-attachment-3052\" style=\"width: 1772px\" class=\"wp-caption aligncenter\"><img loading=\"lazy\" decoding=\"async\" class=\"wp-image-3052 size-full\" src=\"http:\/\/www.sistemafaeal.org.br\/senar\/wp-content\/uploads\/2019\/09\/sessabat4.jpg\" alt=\"\" width=\"1772\" height=\"1238\" srcset=\"https:\/\/www.sistemafaeal.org.br\/senar\/wp-content\/uploads\/2019\/09\/sessabat4.jpg 1772w, https:\/\/www.sistemafaeal.org.br\/senar\/wp-content\/uploads\/2019\/09\/sessabat4-600x419.jpg 600w, https:\/\/www.sistemafaeal.org.br\/senar\/wp-content\/uploads\/2019\/09\/sessabat4-300x210.jpg 300w, https:\/\/www.sistemafaeal.org.br\/senar\/wp-content\/uploads\/2019\/09\/sessabat4-768x537.jpg 768w, https:\/\/www.sistemafaeal.org.br\/senar\/wp-content\/uploads\/2019\/09\/sessabat4-1024x715.jpg 1024w, https:\/\/www.sistemafaeal.org.br\/senar\/wp-content\/uploads\/2019\/09\/sessabat4-100x70.jpg 100w, https:\/\/www.sistemafaeal.org.br\/senar\/wp-content\/uploads\/2019\/09\/sessabat4-696x486.jpg 696w, https:\/\/www.sistemafaeal.org.br\/senar\/wp-content\/uploads\/2019\/09\/sessabat4-1068x746.jpg 1068w, https:\/\/www.sistemafaeal.org.br\/senar\/wp-content\/uploads\/2019\/09\/sessabat4-601x420.jpg 601w\" sizes=\"(max-width: 1772px) 100vw, 1772px\" \/><figcaption id=\"caption-attachment-3052\" class=\"wp-caption-text\">Deputado In\u00e1cio Loiola: &#8220;\u00c9 preciso que o Estado planeje e viabilize a constru\u00e7\u00e3o de abatedouros pr\u00f3ximos do mercado consumidor&#8221;<\/figcaption><\/figure>\n","protected":false},"excerpt":{"rendered":"<p>Com informa\u00e7\u00f5es da Comunica\u00e7\u00e3o\/ALE O presidente da Federa\u00e7\u00e3o da Agricultura e Pecu\u00e1ria do Estado de Alagoas \u2013 Faeal \u2013, \u00c1lvaro Almeida, fez um discurso em defesa da constru\u00e7\u00e3o de abatedouros p\u00fablicos nessa ter\u00e7a-feira, 3, em sess\u00e3o p\u00fablica realizada na Assembleia Legislativa. A sess\u00e3o foi proposta pelo deputado estadual In\u00e1cio Loiola (PDT) e promoveu discuss\u00f5es sobre [&hellip;]<\/p>\n","protected":false},"author":7,"featured_media":3049,"comment_status":"open","ping_status":"open","sticky":false,"template":"","format":"standard","meta":{"footnotes":""},"categories":[5],"tags":[],"class_list":["post-3048","post","type-post","status-publish","format-standard","has-post-thumbnail","hentry","category-noticias"],"_links":{"self":[{"href":"https:\/\/www.sistemafaeal.org.br\/senar\/wp-json\/wp\/v2\/posts\/3048","targetHints":{"allow":["GET"]}}],"collection":[{"href":"https:\/\/www.sistemafaeal.org.br\/senar\/wp-json\/wp\/v2\/posts"}],"about":[{"href":"https:\/\/www.sistemafaeal.org.br\/senar\/wp-json\/wp\/v2\/types\/post"}],"author":[{"embeddable":true,"href":"https:\/\/www.sistemafaeal.org.br\/senar\/wp-json\/wp\/v2\/users\/7"}],"replies":[{"embeddable":true,"href":"https:\/\/www.sistemafaeal.org.br\/senar\/wp-json\/wp\/v2\/comments?post=3048"}],"version-history":[{"count":0,"href":"https:\/\/www.sistemafaeal.org.br\/senar\/wp-json\/wp\/v2\/posts\/3048\/revisions"}],"wp:featuredmedia":[{"embeddable":true,"href":"https:\/\/www.sistemafaeal.org.br\/senar\/wp-json\/wp\/v2\/media\/3049"}],"wp:attachment":[{"href":"https:\/\/www.sistemafaeal.org.br\/senar\/wp-json\/wp\/v2\/media?parent=3048"}],"wp:term":[{"taxonomy":"category","embeddable":true,"href":"https:\/\/www.sistemafaeal.org.br\/senar\/wp-json\/wp\/v2\/categories?post=3048"},{"taxonomy":"post_tag","embeddable":true,"href":"https:\/\/www.sistemafaeal.org.br\/senar\/wp-json\/wp\/v2\/tags?post=3048"}],"curies":[{"name":"wp","href":"https:\/\/api.w.org\/{rel}","templated":true}]}}