{"id":3063,"date":"2019-09-05T12:31:22","date_gmt":"2019-09-05T15:31:22","guid":{"rendered":"http:\/\/www.sistemafaeal.org.br\/senar\/?p=3063"},"modified":"2019-09-05T12:31:39","modified_gmt":"2019-09-05T15:31:39","slug":"copervales-preve-crescimento-de-15-na-safra-2019-2020","status":"publish","type":"post","link":"https:\/\/www.sistemafaeal.org.br\/senar\/copervales-preve-crescimento-de-15-na-safra-2019-2020\/","title":{"rendered":"Copervales prev\u00ea crescimento de 15% na safra 2019-2020"},"content":{"rendered":"<figure id=\"attachment_3065\" aria-describedby=\"caption-attachment-3065\" style=\"width: 886px\" class=\"wp-caption aligncenter\"><img fetchpriority=\"high\" decoding=\"async\" class=\"wp-image-3065 size-full\" src=\"http:\/\/www.sistemafaeal.org.br\/senar\/wp-content\/uploads\/2019\/09\/copervales1ok.jpg\" alt=\"\" width=\"886\" height=\"431\" srcset=\"https:\/\/www.sistemafaeal.org.br\/senar\/wp-content\/uploads\/2019\/09\/copervales1ok.jpg 886w, https:\/\/www.sistemafaeal.org.br\/senar\/wp-content\/uploads\/2019\/09\/copervales1ok-600x292.jpg 600w, https:\/\/www.sistemafaeal.org.br\/senar\/wp-content\/uploads\/2019\/09\/copervales1ok-300x146.jpg 300w, https:\/\/www.sistemafaeal.org.br\/senar\/wp-content\/uploads\/2019\/09\/copervales1ok-768x374.jpg 768w, https:\/\/www.sistemafaeal.org.br\/senar\/wp-content\/uploads\/2019\/09\/copervales1ok-696x339.jpg 696w, https:\/\/www.sistemafaeal.org.br\/senar\/wp-content\/uploads\/2019\/09\/copervales1ok-863x420.jpg 863w\" sizes=\"(max-width: 886px) 100vw, 886px\" \/><figcaption id=\"caption-attachment-3065\" class=\"wp-caption-text\">Dirigentes e cooperados da Copervales<\/figcaption><\/figure>\n<p>A Cooperativa Agr\u00edcola do Vale do Satuba \u2013 Copervales Agroindustrial \u2013 estima um crescimento em torno de 15% na safra 2019-2020. Desde o ano de 2015, quando iniciou as atividades, a Copervales vem acumulando resultados significativos. Moeu aproximadamente 470 mil toneladas de cana de a\u00e7\u00facar no primeiro ano; 670 mil ton na safra 2016-2017; foi impactada pela seca no per\u00edodo 2017-2018, mas, ainda assim, conseguiu produzir 530 toneladas; e apresentou forte recupera\u00e7\u00e3o na safra 2018-2019, com 814 mil ton mo\u00eddas. Agora, a previs\u00e3o \u00e9 produzir entre 900 e 950 mil toneladas.<\/p>\n<p>\u201cA \u00faltima safra foi muito boa, pois n\u00e3o tivemos problemas de chuva e a nossa produtividade aumentou. Aliado a tudo isso, temos tido um forte plantio desde quando iniciamos as atividades, em 2015, tanto nas \u00e1reas da usina quanto dos cooperados. Tudo isso trouxe um incremento muito bom na produ\u00e7\u00e3o e vale ressaltar que, sem a dedica\u00e7\u00e3o dos cooperados, n\u00e3o ter\u00edamos alcan\u00e7ado sozinha uma produ\u00e7\u00e3o deste porte\u201d, avalia o presidente da Copervales, T\u00falio Ten\u00f3rio.<\/p>\n<figure id=\"attachment_3066\" aria-describedby=\"caption-attachment-3066\" style=\"width: 886px\" class=\"wp-caption aligncenter\"><img decoding=\"async\" class=\"wp-image-3066 size-full\" src=\"http:\/\/www.sistemafaeal.org.br\/senar\/wp-content\/uploads\/2019\/09\/copervales2.jpg\" alt=\"\" width=\"886\" height=\"619\" srcset=\"https:\/\/www.sistemafaeal.org.br\/senar\/wp-content\/uploads\/2019\/09\/copervales2.jpg 886w, https:\/\/www.sistemafaeal.org.br\/senar\/wp-content\/uploads\/2019\/09\/copervales2-600x419.jpg 600w, https:\/\/www.sistemafaeal.org.br\/senar\/wp-content\/uploads\/2019\/09\/copervales2-300x210.jpg 300w, https:\/\/www.sistemafaeal.org.br\/senar\/wp-content\/uploads\/2019\/09\/copervales2-768x537.jpg 768w, https:\/\/www.sistemafaeal.org.br\/senar\/wp-content\/uploads\/2019\/09\/copervales2-100x70.jpg 100w, https:\/\/www.sistemafaeal.org.br\/senar\/wp-content\/uploads\/2019\/09\/copervales2-696x486.jpg 696w, https:\/\/www.sistemafaeal.org.br\/senar\/wp-content\/uploads\/2019\/09\/copervales2-601x420.jpg 601w\" sizes=\"(max-width: 886px) 100vw, 886px\" \/><figcaption id=\"caption-attachment-3066\" class=\"wp-caption-text\">T\u00falio Ten\u00f3rio: &#8220;Estamos contratando mais 1.500 funcion\u00e1rios&#8221;<\/figcaption><\/figure>\n<p><strong>Gera\u00e7\u00e3o de empregos<br \/>\n<\/strong>Diante da expectativa de aumento na safra 2019-2020, a cooperativa est\u00e1 contratando mais 1.500 trabalhadores para as \u00e1reas industrial e agr\u00edcola. \u201cO nosso quadro deve fechar em 1.900 funcion\u00e1rios. Se somamos com os profissionais contratados pelos cooperados e os terceiros, estamos falando de aproximadamente 3 mil funcion\u00e1rios\u201d, diz Ten\u00f3rio.<\/p>\n<p>Segundo o presidente da Copervales, a esperan\u00e7a agora \u00e9 de que os pre\u00e7os da cana de a\u00e7\u00facar reajam, principalmente, no mercado internacional. H\u00e1 uma defasagem por conta do excesso de produto, principalmente na \u00cdndia, o que tem levado a uma baixa significativa no valor do a\u00e7\u00facar VHP\u201d, analisa.<\/p>\n<p><strong>Celebra\u00e7\u00e3o<br \/>\n<\/strong>Para celebrar o in\u00edcio da safra 2019-2020, a Cooperativa Agr\u00edcola do Vale do Satuba realizar\u00e1, nesta sexta-feira, 6 de setembro, uma celebra\u00e7\u00e3o ecum\u00eanica na Copervales Agroindustrial, munic\u00edpio de Atalaia. O evento est\u00e1 marcado para as 9h30.<\/p>\n","protected":false},"excerpt":{"rendered":"<p>A Cooperativa Agr\u00edcola do Vale do Satuba \u2013 Copervales Agroindustrial \u2013 estima um crescimento em torno de 15% na safra 2019-2020. Desde o ano de 2015, quando iniciou as atividades, a Copervales vem acumulando resultados significativos. Moeu aproximadamente 470 mil toneladas de cana de a\u00e7\u00facar no primeiro ano; 670 mil ton na safra 2016-2017; foi [&hellip;]<\/p>\n","protected":false},"author":7,"featured_media":3064,"comment_status":"open","ping_status":"open","sticky":false,"template":"","format":"standard","meta":{"footnotes":""},"categories":[5],"tags":[],"class_list":["post-3063","post","type-post","status-publish","format-standard","has-post-thumbnail","hentry","category-noticias"],"_links":{"self":[{"href":"https:\/\/www.sistemafaeal.org.br\/senar\/wp-json\/wp\/v2\/posts\/3063","targetHints":{"allow":["GET"]}}],"collection":[{"href":"https:\/\/www.sistemafaeal.org.br\/senar\/wp-json\/wp\/v2\/posts"}],"about":[{"href":"https:\/\/www.sistemafaeal.org.br\/senar\/wp-json\/wp\/v2\/types\/post"}],"author":[{"embeddable":true,"href":"https:\/\/www.sistemafaeal.org.br\/senar\/wp-json\/wp\/v2\/users\/7"}],"replies":[{"embeddable":true,"href":"https:\/\/www.sistemafaeal.org.br\/senar\/wp-json\/wp\/v2\/comments?post=3063"}],"version-history":[{"count":0,"href":"https:\/\/www.sistemafaeal.org.br\/senar\/wp-json\/wp\/v2\/posts\/3063\/revisions"}],"wp:featuredmedia":[{"embeddable":true,"href":"https:\/\/www.sistemafaeal.org.br\/senar\/wp-json\/wp\/v2\/media\/3064"}],"wp:attachment":[{"href":"https:\/\/www.sistemafaeal.org.br\/senar\/wp-json\/wp\/v2\/media?parent=3063"}],"wp:term":[{"taxonomy":"category","embeddable":true,"href":"https:\/\/www.sistemafaeal.org.br\/senar\/wp-json\/wp\/v2\/categories?post=3063"},{"taxonomy":"post_tag","embeddable":true,"href":"https:\/\/www.sistemafaeal.org.br\/senar\/wp-json\/wp\/v2\/tags?post=3063"}],"curies":[{"name":"wp","href":"https:\/\/api.w.org\/{rel}","templated":true}]}}