{"id":3070,"date":"2019-09-09T10:02:44","date_gmt":"2019-09-09T13:02:44","guid":{"rendered":"http:\/\/www.sistemafaeal.org.br\/senar\/?p=3070"},"modified":"2019-09-09T10:08:22","modified_gmt":"2019-09-09T13:08:22","slug":"igaci-registra-648-testes-rapidos","status":"publish","type":"post","link":"https:\/\/www.sistemafaeal.org.br\/senar\/igaci-registra-648-testes-rapidos\/","title":{"rendered":"Igaci registra 648 testes r\u00e1pidos em dia de programas de sa\u00fade do Senar"},"content":{"rendered":"<p><img fetchpriority=\"high\" decoding=\"async\" class=\"size-full wp-image-3071 aligncenter\" src=\"http:\/\/www.sistemafaeal.org.br\/senar\/wp-content\/uploads\/2019\/09\/WhatsApp-Image-2019-09-06-at-09.57.25.jpeg\" alt=\"\" width=\"780\" height=\"644\" srcset=\"https:\/\/www.sistemafaeal.org.br\/senar\/wp-content\/uploads\/2019\/09\/WhatsApp-Image-2019-09-06-at-09.57.25.jpeg 780w, https:\/\/www.sistemafaeal.org.br\/senar\/wp-content\/uploads\/2019\/09\/WhatsApp-Image-2019-09-06-at-09.57.25-600x495.jpeg 600w, https:\/\/www.sistemafaeal.org.br\/senar\/wp-content\/uploads\/2019\/09\/WhatsApp-Image-2019-09-06-at-09.57.25-300x248.jpeg 300w, https:\/\/www.sistemafaeal.org.br\/senar\/wp-content\/uploads\/2019\/09\/WhatsApp-Image-2019-09-06-at-09.57.25-768x634.jpeg 768w, https:\/\/www.sistemafaeal.org.br\/senar\/wp-content\/uploads\/2019\/09\/WhatsApp-Image-2019-09-06-at-09.57.25-696x575.jpeg 696w, https:\/\/www.sistemafaeal.org.br\/senar\/wp-content\/uploads\/2019\/09\/WhatsApp-Image-2019-09-06-at-09.57.25-509x420.jpeg 509w\" sizes=\"(max-width: 780px) 100vw, 780px\" \/>A comunidade rural de Igaci atendeu ao chamado do Servi\u00e7o Nacional de Aprendizagem Rural \u2013 Senar Alagoas \u2013 e da Prefeitura do Munic\u00edpio e marcou presen\u00e7a em mais uma edi\u00e7\u00e3o dos Programas de Sa\u00fade da Mulher e do Homem, realizada nessa sexta-feira, 6 de setembro. Ao todo, 648 testes r\u00e1pidos de s\u00edfilis, HIV, hepatites B e C foram realizados, o que comprova o alto grau de participa\u00e7\u00e3o popular.<\/p>\n<p>Durante a a\u00e7\u00e3o, 132 homens se submeteram ao exame de PSA e 125 ao toque retal, procedimentos fundamentais na preven\u00e7\u00e3o e diagn\u00f3stico do c\u00e2ncer de pr\u00f3stata. Entre as mulheres, 72 fizeram exame de citologia, verificaram a glicemia, a press\u00e3o arterial e assistiram a uma palestra sobre preven\u00e7\u00e3o do c\u00e2ncer de colo de \u00fatero. \u00a0O programa realizado em parceria com a Sociedade Brasileira de Urologia &#8211; SBU -, a Prefeitura e o Sindicato Rural de Palmeira dos \u00cdndios e regi\u00e3o tamb\u00e9m ofereceu servi\u00e7os de est\u00e9tica, como cortes de cabelo.<\/p>\n<p>\u201cA a\u00e7\u00e3o comprova mais uma vez o zelo que a gest\u00e3o municipal tem com o povo igaciense\u201d, afirma o prefeito de Igaci, Oliveiro Pianc\u00f3, que acompanhou a realiza\u00e7\u00e3o do programa acompanhado da primeira-dama e secret\u00e1ria de Assist\u00eancia Social, Adriana Almeida, do presidente do Sindicato Rural de Palmeira dos \u00cdndios, Nielson Correia Barros, e da secret\u00e1ria de Sa\u00fade de Igaci, Valdice Gomes.<\/p>\n<p><img decoding=\"async\" class=\"size-full wp-image-3075 aligncenter\" src=\"http:\/\/www.sistemafaeal.org.br\/senar\/wp-content\/uploads\/2019\/09\/WhatsApp-Image-2019-09-06-at-09.55.39.jpeg\" alt=\"\" width=\"780\" height=\"1029\" srcset=\"https:\/\/www.sistemafaeal.org.br\/senar\/wp-content\/uploads\/2019\/09\/WhatsApp-Image-2019-09-06-at-09.55.39.jpeg 780w, https:\/\/www.sistemafaeal.org.br\/senar\/wp-content\/uploads\/2019\/09\/WhatsApp-Image-2019-09-06-at-09.55.39-600x792.jpeg 600w, https:\/\/www.sistemafaeal.org.br\/senar\/wp-content\/uploads\/2019\/09\/WhatsApp-Image-2019-09-06-at-09.55.39-227x300.jpeg 227w, https:\/\/www.sistemafaeal.org.br\/senar\/wp-content\/uploads\/2019\/09\/WhatsApp-Image-2019-09-06-at-09.55.39-768x1013.jpeg 768w, https:\/\/www.sistemafaeal.org.br\/senar\/wp-content\/uploads\/2019\/09\/WhatsApp-Image-2019-09-06-at-09.55.39-776x1024.jpeg 776w, https:\/\/www.sistemafaeal.org.br\/senar\/wp-content\/uploads\/2019\/09\/WhatsApp-Image-2019-09-06-at-09.55.39-696x918.jpeg 696w, https:\/\/www.sistemafaeal.org.br\/senar\/wp-content\/uploads\/2019\/09\/WhatsApp-Image-2019-09-06-at-09.55.39-318x420.jpeg 318w\" sizes=\"(max-width: 780px) 100vw, 780px\" \/>Para a primeira-dama de Igaci, a parceria com o Senar \u00e9 uma forma de oferecer servi\u00e7os gratuitos de sa\u00fade para a comunidade mais carente do munic\u00edpio. \u201cAssim n\u00f3s promovemos a inclus\u00e3o social do p\u00fablico menos favorecido. Agradecemos \u00e0 equipe do Senar por toda a dedica\u00e7\u00e3o e n\u00e3o podemos esquecer a participa\u00e7\u00e3o do Sindicato Rural de Palmeira dos \u00cdndios, por meio do seu presidente, Nielson Barros, que tem sido uma ponte entre os munic\u00edpios e o Senar\u201d, afirma Adriana Almeida.<\/p>\n<p>O presidente da Associa\u00e7\u00e3o Beneficente Cultural Apr\u00edgio Bezerra, Expedito Bezerra, saiu do munic\u00edpio de Minador do Negr\u00e3o para conhecer de perto os programas de sa\u00fade do Senar. \u201c\u00c9 um prazer participar deste evento de grande dimens\u00e3o, que atende a muitas pessoas. Esta \u00e9 mais uma parceria que d\u00e1 certo entre munic\u00edpios da nossa regi\u00e3o, o Sindicato Rural de Palmeira dos \u00cdndios e o Senar. \u00c9 importante ressaltar que o Senar tamb\u00e9m tem nos ajudado muito em Minador do Negr\u00e3o, sobretudo, na oferta de cursos que estimulam o crescimento do homem do campo, especialmente, do pequeno produtor\u201d, avalia.<\/p>\n<p><img decoding=\"async\" class=\"size-full wp-image-3073 aligncenter\" src=\"http:\/\/www.sistemafaeal.org.br\/senar\/wp-content\/uploads\/2019\/09\/8.jpeg\" alt=\"\" width=\"1280\" height=\"960\" srcset=\"https:\/\/www.sistemafaeal.org.br\/senar\/wp-content\/uploads\/2019\/09\/8.jpeg 1280w, https:\/\/www.sistemafaeal.org.br\/senar\/wp-content\/uploads\/2019\/09\/8-600x450.jpeg 600w, https:\/\/www.sistemafaeal.org.br\/senar\/wp-content\/uploads\/2019\/09\/8-300x225.jpeg 300w, https:\/\/www.sistemafaeal.org.br\/senar\/wp-content\/uploads\/2019\/09\/8-768x576.jpeg 768w, https:\/\/www.sistemafaeal.org.br\/senar\/wp-content\/uploads\/2019\/09\/8-1024x768.jpeg 1024w, https:\/\/www.sistemafaeal.org.br\/senar\/wp-content\/uploads\/2019\/09\/8-80x60.jpeg 80w, https:\/\/www.sistemafaeal.org.br\/senar\/wp-content\/uploads\/2019\/09\/8-265x198.jpeg 265w, https:\/\/www.sistemafaeal.org.br\/senar\/wp-content\/uploads\/2019\/09\/8-696x522.jpeg 696w, https:\/\/www.sistemafaeal.org.br\/senar\/wp-content\/uploads\/2019\/09\/8-1068x801.jpeg 1068w, https:\/\/www.sistemafaeal.org.br\/senar\/wp-content\/uploads\/2019\/09\/8-560x420.jpeg 560w\" sizes=\"(max-width: 1280px) 100vw, 1280px\" \/>Para o presidente do Sindicato Rural de Palmeira dos \u00cdndios, Nielson Barros, realizar os programas de sa\u00fade na regi\u00e3o \u00e9 motivo de imensa satisfa\u00e7\u00e3o. \u201cDos \u00faltimos 15 programas de sa\u00fade realizados pelo Senar no Estado, cinco foram proporcionados para Palmeira dos \u00cdndios e as cidades circunvizinhas. Agradecemos ao apoio do presidente da Federa\u00e7\u00e3o da Agricultura e Pecu\u00e1ria do Estado de Alagoas (Faeal), \u00c1lvaro Almeida, ao prefeito Oliveiro Pianc\u00f3 e \u00e0 primeira dama, Adriana Almeida, que abra\u00e7aram o nosso programa e se empenharam em fazer o evento acontecer com perfei\u00e7\u00e3o\u201d, diz Nielson.<\/p>\n<p><img loading=\"lazy\" decoding=\"async\" class=\"size-full wp-image-3072 aligncenter\" src=\"http:\/\/www.sistemafaeal.org.br\/senar\/wp-content\/uploads\/2019\/09\/WhatsApp-Image-2019-09-06-at-12.01.41.jpeg\" alt=\"\" width=\"1280\" height=\"960\" srcset=\"https:\/\/www.sistemafaeal.org.br\/senar\/wp-content\/uploads\/2019\/09\/WhatsApp-Image-2019-09-06-at-12.01.41.jpeg 1280w, https:\/\/www.sistemafaeal.org.br\/senar\/wp-content\/uploads\/2019\/09\/WhatsApp-Image-2019-09-06-at-12.01.41-600x450.jpeg 600w, https:\/\/www.sistemafaeal.org.br\/senar\/wp-content\/uploads\/2019\/09\/WhatsApp-Image-2019-09-06-at-12.01.41-300x225.jpeg 300w, https:\/\/www.sistemafaeal.org.br\/senar\/wp-content\/uploads\/2019\/09\/WhatsApp-Image-2019-09-06-at-12.01.41-768x576.jpeg 768w, https:\/\/www.sistemafaeal.org.br\/senar\/wp-content\/uploads\/2019\/09\/WhatsApp-Image-2019-09-06-at-12.01.41-1024x768.jpeg 1024w, https:\/\/www.sistemafaeal.org.br\/senar\/wp-content\/uploads\/2019\/09\/WhatsApp-Image-2019-09-06-at-12.01.41-80x60.jpeg 80w, https:\/\/www.sistemafaeal.org.br\/senar\/wp-content\/uploads\/2019\/09\/WhatsApp-Image-2019-09-06-at-12.01.41-265x198.jpeg 265w, https:\/\/www.sistemafaeal.org.br\/senar\/wp-content\/uploads\/2019\/09\/WhatsApp-Image-2019-09-06-at-12.01.41-696x522.jpeg 696w, https:\/\/www.sistemafaeal.org.br\/senar\/wp-content\/uploads\/2019\/09\/WhatsApp-Image-2019-09-06-at-12.01.41-1068x801.jpeg 1068w, https:\/\/www.sistemafaeal.org.br\/senar\/wp-content\/uploads\/2019\/09\/WhatsApp-Image-2019-09-06-at-12.01.41-560x420.jpeg 560w\" sizes=\"(max-width: 1280px) 100vw, 1280px\" \/><\/p>\n<p>&nbsp;<\/p>\n","protected":false},"excerpt":{"rendered":"<p>A comunidade rural de Igaci atendeu ao chamado do Servi\u00e7o Nacional de Aprendizagem Rural \u2013 Senar Alagoas \u2013 e da Prefeitura do Munic\u00edpio e marcou presen\u00e7a em mais uma edi\u00e7\u00e3o dos Programas de Sa\u00fade da Mulher e do Homem, realizada nessa sexta-feira, 6 de setembro. Ao todo, 648 testes r\u00e1pidos de s\u00edfilis, HIV, hepatites B [&hellip;]<\/p>\n","protected":false},"author":7,"featured_media":3071,"comment_status":"open","ping_status":"open","sticky":false,"template":"","format":"standard","meta":{"footnotes":""},"categories":[5],"tags":[],"class_list":["post-3070","post","type-post","status-publish","format-standard","has-post-thumbnail","hentry","category-noticias"],"_links":{"self":[{"href":"https:\/\/www.sistemafaeal.org.br\/senar\/wp-json\/wp\/v2\/posts\/3070","targetHints":{"allow":["GET"]}}],"collection":[{"href":"https:\/\/www.sistemafaeal.org.br\/senar\/wp-json\/wp\/v2\/posts"}],"about":[{"href":"https:\/\/www.sistemafaeal.org.br\/senar\/wp-json\/wp\/v2\/types\/post"}],"author":[{"embeddable":true,"href":"https:\/\/www.sistemafaeal.org.br\/senar\/wp-json\/wp\/v2\/users\/7"}],"replies":[{"embeddable":true,"href":"https:\/\/www.sistemafaeal.org.br\/senar\/wp-json\/wp\/v2\/comments?post=3070"}],"version-history":[{"count":0,"href":"https:\/\/www.sistemafaeal.org.br\/senar\/wp-json\/wp\/v2\/posts\/3070\/revisions"}],"wp:featuredmedia":[{"embeddable":true,"href":"https:\/\/www.sistemafaeal.org.br\/senar\/wp-json\/wp\/v2\/media\/3071"}],"wp:attachment":[{"href":"https:\/\/www.sistemafaeal.org.br\/senar\/wp-json\/wp\/v2\/media?parent=3070"}],"wp:term":[{"taxonomy":"category","embeddable":true,"href":"https:\/\/www.sistemafaeal.org.br\/senar\/wp-json\/wp\/v2\/categories?post=3070"},{"taxonomy":"post_tag","embeddable":true,"href":"https:\/\/www.sistemafaeal.org.br\/senar\/wp-json\/wp\/v2\/tags?post=3070"}],"curies":[{"name":"wp","href":"https:\/\/api.w.org\/{rel}","templated":true}]}}