{"id":3089,"date":"2019-09-12T10:38:49","date_gmt":"2019-09-12T13:38:49","guid":{"rendered":"http:\/\/www.sistemafaeal.org.br\/senar\/?p=3089"},"modified":"2019-09-12T10:38:49","modified_gmt":"2019-09-12T13:38:49","slug":"encorte-2019-acontece-na-proxima-semana","status":"publish","type":"post","link":"https:\/\/www.sistemafaeal.org.br\/senar\/encorte-2019-acontece-na-proxima-semana\/","title":{"rendered":"Encorte 2019 acontece na pr\u00f3xima semana"},"content":{"rendered":"<p>Considerado o maior encontro da pecu\u00e1ria de corte do Nordeste Brasileiro, o Encorte j\u00e1 tem data para acontecer em 2019. Ser\u00e1 na pr\u00f3xima semana, entre os dias 18 e 20 de setembro, no Centro de Conven\u00e7\u00f5es de Macei\u00f3.<\/p>\n<p>O evento re\u00fane profissionais de renome nacional e oferece 20 palestras, dividas em cinco pain\u00e9is: Inovatec, Cria, Recria, Engorda e Gest\u00e3o. \u201cDentro de cada painel teremos o momento \u2018Prosa com o Produtor\u2019, quando produtores trocam seus casos e experi\u00eancias do dia a dia da fazenda\u201d, explica o m\u00e9dico veterin\u00e1rio e coordenador do Encorte, Marcelo Ara\u00fajo da Silva.<\/p>\n<p>A expectativa \u00e9 de que 300 pessoas participem do evento, al\u00e9m de 20 empresas que gerar\u00e3o neg\u00f3cios durante a Expoencorte. \u201cTemos como p\u00fablico-alvo produtores rurais, m\u00e9dicos veterin\u00e1rios, agr\u00f4nomos, zootecnistas, acad\u00eamicos em ci\u00eancias agr\u00e1rias, executivos, empres\u00e1rios, investidores e startups do agroneg\u00f3cio, centros de pesquisa e inova\u00e7\u00e3o e apaixonados pela pecu\u00e1ria de corte\u201d, observa Marcelo Ara\u00fajo.<\/p>\n<p>Informa\u00e7\u00f5es e inscri\u00e7\u00f5es: <a href=\"http:\/\/encorte.com.br\">encorte.com.br<\/a>.<\/p>\n","protected":false},"excerpt":{"rendered":"<p>Considerado o maior encontro da pecu\u00e1ria de corte do Nordeste Brasileiro, o Encorte j\u00e1 tem data para acontecer em 2019. Ser\u00e1 na pr\u00f3xima semana, entre os dias 18 e 20 de setembro, no Centro de Conven\u00e7\u00f5es de Macei\u00f3. O evento re\u00fane profissionais de renome nacional e oferece 20 palestras, dividas em cinco pain\u00e9is: Inovatec, Cria, [&hellip;]<\/p>\n","protected":false},"author":7,"featured_media":3090,"comment_status":"open","ping_status":"open","sticky":false,"template":"","format":"standard","meta":{"footnotes":""},"categories":[5],"tags":[],"class_list":["post-3089","post","type-post","status-publish","format-standard","has-post-thumbnail","hentry","category-noticias"],"_links":{"self":[{"href":"https:\/\/www.sistemafaeal.org.br\/senar\/wp-json\/wp\/v2\/posts\/3089","targetHints":{"allow":["GET"]}}],"collection":[{"href":"https:\/\/www.sistemafaeal.org.br\/senar\/wp-json\/wp\/v2\/posts"}],"about":[{"href":"https:\/\/www.sistemafaeal.org.br\/senar\/wp-json\/wp\/v2\/types\/post"}],"author":[{"embeddable":true,"href":"https:\/\/www.sistemafaeal.org.br\/senar\/wp-json\/wp\/v2\/users\/7"}],"replies":[{"embeddable":true,"href":"https:\/\/www.sistemafaeal.org.br\/senar\/wp-json\/wp\/v2\/comments?post=3089"}],"version-history":[{"count":0,"href":"https:\/\/www.sistemafaeal.org.br\/senar\/wp-json\/wp\/v2\/posts\/3089\/revisions"}],"wp:featuredmedia":[{"embeddable":true,"href":"https:\/\/www.sistemafaeal.org.br\/senar\/wp-json\/wp\/v2\/media\/3090"}],"wp:attachment":[{"href":"https:\/\/www.sistemafaeal.org.br\/senar\/wp-json\/wp\/v2\/media?parent=3089"}],"wp:term":[{"taxonomy":"category","embeddable":true,"href":"https:\/\/www.sistemafaeal.org.br\/senar\/wp-json\/wp\/v2\/categories?post=3089"},{"taxonomy":"post_tag","embeddable":true,"href":"https:\/\/www.sistemafaeal.org.br\/senar\/wp-json\/wp\/v2\/tags?post=3089"}],"curies":[{"name":"wp","href":"https:\/\/api.w.org\/{rel}","templated":true}]}}