{"id":3097,"date":"2019-09-18T11:24:50","date_gmt":"2019-09-18T14:24:50","guid":{"rendered":"http:\/\/www.sistemafaeal.org.br\/senar\/?p=3097"},"modified":"2019-09-18T11:25:32","modified_gmt":"2019-09-18T14:25:32","slug":"auditor-da-receita-federal-ministra-palestra-sobre-declaracao-de-itr","status":"publish","type":"post","link":"https:\/\/www.sistemafaeal.org.br\/senar\/auditor-da-receita-federal-ministra-palestra-sobre-declaracao-de-itr\/","title":{"rendered":"Auditor da Receita Federal ministra palestra sobre declara\u00e7\u00e3o de ITR"},"content":{"rendered":"<p><img fetchpriority=\"high\" decoding=\"async\" class=\"size-full wp-image-3098 aligncenter\" src=\"http:\/\/www.sistemafaeal.org.br\/senar\/wp-content\/uploads\/2019\/09\/palestrarfitr19.jpg\" alt=\"\" width=\"886\" height=\"611\" srcset=\"https:\/\/www.sistemafaeal.org.br\/senar\/wp-content\/uploads\/2019\/09\/palestrarfitr19.jpg 886w, https:\/\/www.sistemafaeal.org.br\/senar\/wp-content\/uploads\/2019\/09\/palestrarfitr19-600x414.jpg 600w, https:\/\/www.sistemafaeal.org.br\/senar\/wp-content\/uploads\/2019\/09\/palestrarfitr19-300x207.jpg 300w, https:\/\/www.sistemafaeal.org.br\/senar\/wp-content\/uploads\/2019\/09\/palestrarfitr19-768x530.jpg 768w, https:\/\/www.sistemafaeal.org.br\/senar\/wp-content\/uploads\/2019\/09\/palestrarfitr19-100x70.jpg 100w, https:\/\/www.sistemafaeal.org.br\/senar\/wp-content\/uploads\/2019\/09\/palestrarfitr19-218x150.jpg 218w, https:\/\/www.sistemafaeal.org.br\/senar\/wp-content\/uploads\/2019\/09\/palestrarfitr19-696x480.jpg 696w, https:\/\/www.sistemafaeal.org.br\/senar\/wp-content\/uploads\/2019\/09\/palestrarfitr19-609x420.jpg 609w\" sizes=\"(max-width: 886px) 100vw, 886px\" \/>O auditor fiscal da Receita Federal, Reinaldo Carlos Alves de Almeida, ministrou uma palestra na manh\u00e3 desta quarta-feira, 18, na sede da Federa\u00e7\u00e3o da Agricultura e Pecu\u00e1ria do Estado de Alagoas \u2013 Faeal \u2013, sobre a declara\u00e7\u00e3o do Imposto sobre a Propriedade Territorial Rural \u2013 ITR referente ao exerc\u00edcio de 2019.<\/p>\n<p>Fruto de uma parceria entre a Faeal e a Receita Federal, a palestra foi uma oportunidade para que os produtores rurais pudessem tirar d\u00favidas sobre como declarar o ITR. O prazo para fazer a declara\u00e7\u00e3o \u00e9 at\u00e9 o dia 30 deste m\u00eas. A declara\u00e7\u00e3o \u00e9 obrigat\u00f3ria para pessoas f\u00edsicas e jur\u00eddicas propriet\u00e1rias, titulares do dom\u00ednio \u00fatil ou que possuam t\u00edtulo do im\u00f3vel rural. O produtor que perdeu ou transferiu a posse ou o direito de propriedade da terra em 2019 tamb\u00e9m precisa declarar.<\/p>\n<p>Somente os contribuintes imunes ou isentos est\u00e3o dispensados de entregar o documento. \u201cN\u00e3o existe mais obrigatoriedade do im\u00f3vel imune ou isento apresentar a declara\u00e7\u00e3o de ITR, mesmo que tenha ocorrido altera\u00e7\u00e3o cadastral no im\u00f3vel\u201d, explica o auditor Reinaldo de Almeida.<\/p>\n<p>Al\u00e9m de promover a palestra, a Federa\u00e7\u00e3o da Agricultura e Pecu\u00e1ria tem orientado os produtores rurais que est\u00e3o em dia com a contribui\u00e7\u00e3o sindical e precisam de aux\u00edlio para enviar a Declara\u00e7\u00e3o do Imposto sobre a Propriedade Territorial Rural. Os atendimentos acontecem de segunda a sexta-feira, das 8h \u00e0s 12h e das 13h \u00e0s 17 horas.<\/p>\n<p>Quem perder o prazo pagar\u00e1 multa de 1% ao m\u00eas sobre o imposto devido, com valor m\u00ednimo de R$ 50.\u00a0\u00c9 importante que todos os propriet\u00e1rios cumpram o prazo, especialmente, quem possui \u00e1rea de mata, pois, paralelo ao preenchimento obrigat\u00f3rio da declara\u00e7\u00e3o de ITR, \u00e9 preciso fazer o Ato Declarat\u00f3rio Ambiental (ADA), no site do Ibama, e, a partir deste ano, o preenchimento do recibo do Cadastro Ambiental Rural (CAR).<\/p>\n<p>Tamb\u00e9m \u00e9 importante o produtor emitir o Certificado do Cadastro de Im\u00f3vel Rural \u2013 CCIR \u2013 junto ao Incra. \u201cCaso o produtor necessite emitir o CCIR, n\u00f3s tamb\u00e9m fazemos na Federa\u00e7\u00e3o. Caso n\u00e3o possa ser emitido, ele precisa ir ao Incra verificar que problema est\u00e1 impedindo a emiss\u00e3o do documento\u201d, orienta Carla Christine Lima, coordenadora de Arrecada\u00e7\u00e3o da Faeal.<\/p>\n","protected":false},"excerpt":{"rendered":"<p>O auditor fiscal da Receita Federal, Reinaldo Carlos Alves de Almeida, ministrou uma palestra na manh\u00e3 desta quarta-feira, 18, na sede da Federa\u00e7\u00e3o da Agricultura e Pecu\u00e1ria do Estado de Alagoas \u2013 Faeal \u2013, sobre a declara\u00e7\u00e3o do Imposto sobre a Propriedade Territorial Rural \u2013 ITR referente ao exerc\u00edcio de 2019. Fruto de uma parceria [&hellip;]<\/p>\n","protected":false},"author":7,"featured_media":3098,"comment_status":"open","ping_status":"open","sticky":false,"template":"","format":"standard","meta":{"footnotes":""},"categories":[5],"tags":[],"class_list":["post-3097","post","type-post","status-publish","format-standard","has-post-thumbnail","hentry","category-noticias"],"_links":{"self":[{"href":"https:\/\/www.sistemafaeal.org.br\/senar\/wp-json\/wp\/v2\/posts\/3097","targetHints":{"allow":["GET"]}}],"collection":[{"href":"https:\/\/www.sistemafaeal.org.br\/senar\/wp-json\/wp\/v2\/posts"}],"about":[{"href":"https:\/\/www.sistemafaeal.org.br\/senar\/wp-json\/wp\/v2\/types\/post"}],"author":[{"embeddable":true,"href":"https:\/\/www.sistemafaeal.org.br\/senar\/wp-json\/wp\/v2\/users\/7"}],"replies":[{"embeddable":true,"href":"https:\/\/www.sistemafaeal.org.br\/senar\/wp-json\/wp\/v2\/comments?post=3097"}],"version-history":[{"count":0,"href":"https:\/\/www.sistemafaeal.org.br\/senar\/wp-json\/wp\/v2\/posts\/3097\/revisions"}],"wp:featuredmedia":[{"embeddable":true,"href":"https:\/\/www.sistemafaeal.org.br\/senar\/wp-json\/wp\/v2\/media\/3098"}],"wp:attachment":[{"href":"https:\/\/www.sistemafaeal.org.br\/senar\/wp-json\/wp\/v2\/media?parent=3097"}],"wp:term":[{"taxonomy":"category","embeddable":true,"href":"https:\/\/www.sistemafaeal.org.br\/senar\/wp-json\/wp\/v2\/categories?post=3097"},{"taxonomy":"post_tag","embeddable":true,"href":"https:\/\/www.sistemafaeal.org.br\/senar\/wp-json\/wp\/v2\/tags?post=3097"}],"curies":[{"name":"wp","href":"https:\/\/api.w.org\/{rel}","templated":true}]}}