{"id":3101,"date":"2019-09-18T19:07:09","date_gmt":"2019-09-18T22:07:09","guid":{"rendered":"http:\/\/www.sistemafaeal.org.br\/senar\/?p=3101"},"modified":"2019-09-18T19:07:09","modified_gmt":"2019-09-18T22:07:09","slug":"presidente-da-faeal-defende-inovacao-na-pecuaria","status":"publish","type":"post","link":"https:\/\/www.sistemafaeal.org.br\/senar\/presidente-da-faeal-defende-inovacao-na-pecuaria\/","title":{"rendered":"Presidente da Faeal defende inova\u00e7\u00e3o na pecu\u00e1ria"},"content":{"rendered":"<figure id=\"attachment_3102\" aria-describedby=\"caption-attachment-3102\" style=\"width: 1280px\" class=\"wp-caption aligncenter\"><img fetchpriority=\"high\" decoding=\"async\" class=\"wp-image-3102 size-full\" src=\"http:\/\/www.sistemafaeal.org.br\/senar\/wp-content\/uploads\/2019\/09\/WhatsApp-Image-2019-09-18-at-21.24.27.jpeg\" alt=\"\" width=\"1280\" height=\"853\" srcset=\"https:\/\/www.sistemafaeal.org.br\/senar\/wp-content\/uploads\/2019\/09\/WhatsApp-Image-2019-09-18-at-21.24.27.jpeg 1280w, https:\/\/www.sistemafaeal.org.br\/senar\/wp-content\/uploads\/2019\/09\/WhatsApp-Image-2019-09-18-at-21.24.27-600x400.jpeg 600w, https:\/\/www.sistemafaeal.org.br\/senar\/wp-content\/uploads\/2019\/09\/WhatsApp-Image-2019-09-18-at-21.24.27-300x200.jpeg 300w, https:\/\/www.sistemafaeal.org.br\/senar\/wp-content\/uploads\/2019\/09\/WhatsApp-Image-2019-09-18-at-21.24.27-768x512.jpeg 768w, https:\/\/www.sistemafaeal.org.br\/senar\/wp-content\/uploads\/2019\/09\/WhatsApp-Image-2019-09-18-at-21.24.27-1024x682.jpeg 1024w, https:\/\/www.sistemafaeal.org.br\/senar\/wp-content\/uploads\/2019\/09\/WhatsApp-Image-2019-09-18-at-21.24.27-696x464.jpeg 696w, https:\/\/www.sistemafaeal.org.br\/senar\/wp-content\/uploads\/2019\/09\/WhatsApp-Image-2019-09-18-at-21.24.27-1068x712.jpeg 1068w, https:\/\/www.sistemafaeal.org.br\/senar\/wp-content\/uploads\/2019\/09\/WhatsApp-Image-2019-09-18-at-21.24.27-630x420.jpeg 630w\" sizes=\"(max-width: 1280px) 100vw, 1280px\" \/><figcaption id=\"caption-attachment-3102\" class=\"wp-caption-text\">\u00c1lvaro Almeida na abertura do Encorte (Foto: Morgana Oliveira\/Algo Mais Consultoria e Assessoria)<\/figcaption><\/figure>\n<p>O presidente da Federa\u00e7\u00e3o da Agricultura e Pecu\u00e1ria do Estado de Alagoas \u2013 Faeal \u2013, \u00c1lvaro Almeida, defendeu a import\u00e2ncia da inova\u00e7\u00e3o para o desenvolvimento da pecu\u00e1ria, na tarde desta quarta-feira, 18, durante a abertura do 3\u00ba Encontro da Pecu\u00e1ria de Corte no Nordeste \u2013 Encorte. Promovido pela Start Solu\u00e7\u00f5es no Agroneg\u00f3cio e Karina Costa Agromarketing, com correaliza\u00e7\u00e3o do Sebrae AL, o evento acontece at\u00e9 esta sexta, 20, no Centro Cultural e de Exposi\u00e7\u00e3o Ruth Cardoso, em Macei\u00f3. O objetivo \u00e9 disseminar novos conceitos sobre o segmento.<\/p>\n<p>\u201cA inova\u00e7\u00e3o contribui para o desenvolvimento n\u00e3o apenas da pecu\u00e1ria, mas de todo e qualquer setor. N\u00e3o d\u00e1 mais para o produtor rural acreditar que tudo que o bisav\u00f4, o av\u00f4 ou o pai dele faziam continuar\u00e1 dando certo. \u00c9 preciso inovar e buscar tecnologias que reduzam custos e aumentem a produtividade, para que se possa contribuir cada vez mais com a gera\u00e7\u00e3o de empregos e a distribui\u00e7\u00e3o de renda no campo. Isso tem um valor social muito grande\u201d, avaliou Almeida.<\/p>\n<p>O presidente da Faeal ressaltou a import\u00e2ncia da pecu\u00e1ria para o desenvolvimento de Alagoas, sobretudo, nesta fase de dificuldades enfrentadas na produ\u00e7\u00e3o da cana-de-a\u00e7\u00facar. \u201cN\u00f3s temos a expectativa de que essa crise n\u00e3o se agrave, pois a lavoura canavieira \u00e9 imprescind\u00edvel e precisa continuar existindo, mas a pecu\u00e1ria \u00e9 de grande import\u00e2ncia e a tend\u00eancia \u00e9 de crescimento. Um encontro como este \u00e9 de suma import\u00e2ncia para o momento que estamos atravessando e aqui, neste encontro, est\u00e3o especialistas que falar\u00e3o n\u00e3o s\u00f3 sobre a atualidade, mas sobre o futuro do nosso segmento\u201d, comentou \u00c1lvaro.<\/p>\n<p><strong>Matadouros<br \/>\n<\/strong>Almeida ainda apontou a necessidade de cria\u00e7\u00e3o de matadouros p\u00fablicos como a grande dificuldade para os pecuaristas alagoanos. \u201cEstamos muito bem da porteira para dentro e isso n\u00e3o \u00e9 puro otimismo, \u00e9 uma realidade. A nossa pecu\u00e1ria \u00e9 de qualidade, tanto leiteira, quanto de corte, mas n\u00e3o temos ainda como entregar os nossos produtos devidamente, por conta dessa defici\u00eancia de matadouros. A reclama\u00e7\u00e3o n\u00e3o \u00e9 que o Governo do Estado esteja falhando nesse aspecto, mas ele precisa colocar essa necessidade como prioridade m\u00e1xima\u201d, destacou o presidente da Faeal.<\/p>\n<p>Para \u00c1lvaro, \u00e9 importante que este tipo de reivindica\u00e7\u00e3o tamb\u00e9m seja exposto em eventos como o Encorte. \u201cUm encontro deste tamb\u00e9m \u00e9 um importante espa\u00e7o para essas quest\u00f5es, no sentido de que a situa\u00e7\u00e3o possa melhorar a pecu\u00e1ria, este segmento econ\u00f4mico que tanto contribui para o desenvolvimento do estado de Alagoas\u201d, concluiu.<\/p>\n","protected":false},"excerpt":{"rendered":"<p>O presidente da Federa\u00e7\u00e3o da Agricultura e Pecu\u00e1ria do Estado de Alagoas \u2013 Faeal \u2013, \u00c1lvaro Almeida, defendeu a import\u00e2ncia da inova\u00e7\u00e3o para o desenvolvimento da pecu\u00e1ria, na tarde desta quarta-feira, 18, durante a abertura do 3\u00ba Encontro da Pecu\u00e1ria de Corte no Nordeste \u2013 Encorte. Promovido pela Start Solu\u00e7\u00f5es no Agroneg\u00f3cio e Karina Costa [&hellip;]<\/p>\n","protected":false},"author":7,"featured_media":3102,"comment_status":"open","ping_status":"open","sticky":false,"template":"","format":"standard","meta":{"footnotes":""},"categories":[5],"tags":[],"class_list":["post-3101","post","type-post","status-publish","format-standard","has-post-thumbnail","hentry","category-noticias"],"_links":{"self":[{"href":"https:\/\/www.sistemafaeal.org.br\/senar\/wp-json\/wp\/v2\/posts\/3101","targetHints":{"allow":["GET"]}}],"collection":[{"href":"https:\/\/www.sistemafaeal.org.br\/senar\/wp-json\/wp\/v2\/posts"}],"about":[{"href":"https:\/\/www.sistemafaeal.org.br\/senar\/wp-json\/wp\/v2\/types\/post"}],"author":[{"embeddable":true,"href":"https:\/\/www.sistemafaeal.org.br\/senar\/wp-json\/wp\/v2\/users\/7"}],"replies":[{"embeddable":true,"href":"https:\/\/www.sistemafaeal.org.br\/senar\/wp-json\/wp\/v2\/comments?post=3101"}],"version-history":[{"count":0,"href":"https:\/\/www.sistemafaeal.org.br\/senar\/wp-json\/wp\/v2\/posts\/3101\/revisions"}],"wp:featuredmedia":[{"embeddable":true,"href":"https:\/\/www.sistemafaeal.org.br\/senar\/wp-json\/wp\/v2\/media\/3102"}],"wp:attachment":[{"href":"https:\/\/www.sistemafaeal.org.br\/senar\/wp-json\/wp\/v2\/media?parent=3101"}],"wp:term":[{"taxonomy":"category","embeddable":true,"href":"https:\/\/www.sistemafaeal.org.br\/senar\/wp-json\/wp\/v2\/categories?post=3101"},{"taxonomy":"post_tag","embeddable":true,"href":"https:\/\/www.sistemafaeal.org.br\/senar\/wp-json\/wp\/v2\/tags?post=3101"}],"curies":[{"name":"wp","href":"https:\/\/api.w.org\/{rel}","templated":true}]}}