{"id":3228,"date":"2019-11-01T16:07:25","date_gmt":"2019-11-01T19:07:25","guid":{"rendered":"http:\/\/www.sistemafaeal.org.br\/senar\/?p=3228"},"modified":"2019-11-01T16:08:26","modified_gmt":"2019-11-01T19:08:26","slug":"3228-2","status":"publish","type":"post","link":"https:\/\/www.sistemafaeal.org.br\/senar\/3228-2\/","title":{"rendered":"Governo concede incentivo fiscal \u00e0 produ\u00e7\u00e3o de gr\u00e3os em AL"},"content":{"rendered":"<figure id=\"attachment_3230\" aria-describedby=\"caption-attachment-3230\" style=\"width: 1200px\" class=\"wp-caption aligncenter\"><img fetchpriority=\"high\" decoding=\"async\" class=\"wp-image-3230 size-full\" src=\"http:\/\/www.sistemafaeal.org.br\/senar\/wp-content\/uploads\/2019\/11\/thiago_sampaio_20191031_1280593841-1.jpg\" alt=\"\" width=\"1200\" height=\"748\" srcset=\"https:\/\/www.sistemafaeal.org.br\/senar\/wp-content\/uploads\/2019\/11\/thiago_sampaio_20191031_1280593841-1.jpg 1200w, https:\/\/www.sistemafaeal.org.br\/senar\/wp-content\/uploads\/2019\/11\/thiago_sampaio_20191031_1280593841-1-600x374.jpg 600w, https:\/\/www.sistemafaeal.org.br\/senar\/wp-content\/uploads\/2019\/11\/thiago_sampaio_20191031_1280593841-1-300x187.jpg 300w, https:\/\/www.sistemafaeal.org.br\/senar\/wp-content\/uploads\/2019\/11\/thiago_sampaio_20191031_1280593841-1-768x479.jpg 768w, https:\/\/www.sistemafaeal.org.br\/senar\/wp-content\/uploads\/2019\/11\/thiago_sampaio_20191031_1280593841-1-1024x638.jpg 1024w, https:\/\/www.sistemafaeal.org.br\/senar\/wp-content\/uploads\/2019\/11\/thiago_sampaio_20191031_1280593841-1-696x434.jpg 696w, https:\/\/www.sistemafaeal.org.br\/senar\/wp-content\/uploads\/2019\/11\/thiago_sampaio_20191031_1280593841-1-1068x666.jpg 1068w, https:\/\/www.sistemafaeal.org.br\/senar\/wp-content\/uploads\/2019\/11\/thiago_sampaio_20191031_1280593841-1-674x420.jpg 674w\" sizes=\"(max-width: 1200px) 100vw, 1200px\" \/><figcaption id=\"caption-attachment-3230\" class=\"wp-caption-text\">Presidente da Faeal faz agradecimento ao governador do Estado (Foto: Thiago Sampaio\/Ag\u00eancia Alagoas)<\/figcaption><\/figure>\n<p><strong>Com informa\u00e7\u00f5es da Ag\u00eancia Alagoas<\/strong><\/p>\n<p>O governador Renan Filho atendeu ao pleito dos produtores de gr\u00e3os alagoanos, representados pela Federa\u00e7\u00e3o da Agricultura e Pecu\u00e1ria do Estado de Alagoas \u2013 Faeal \u2013, e assinou o decreto que concede cr\u00e9dito presumido do Imposto sobre Circula\u00e7\u00e3o de Mercadorias e Presta\u00e7\u00e3o de Servi\u00e7os \u2013 ICMS \u2013 nas opera\u00e7\u00f5es internas e interestaduais do milho, milheto, soja e sorgo, feitas por produtores estabelecidos em Alagoas.<\/p>\n<p>A solenidade de assinatura aconteceu nessa quinta-feira, 31 de outubro, na programa\u00e7\u00e3o da Expoagro. Na oportunidade, Renan tamb\u00e9m visitou o estande da Faeal e do Servi\u00e7o Nacional de Aprendizagem Rural \u2013 Senar Alagoas \u2013 montado no Parque da Pecu\u00e1ria, em Macei\u00f3.<\/p>\n<p>\u201c\u00c9 importante registrar os nossos agradecimentos ao governador Renan Filho; aos secret\u00e1rios de Estado da Fazenda, George Santoro; da Agricultura, Silvio Bulh\u00f5es; do Gabinete Civil, F\u00e1bio Farias; ao deputado federal Isnaldo Bulh\u00f5es e a todos os que apoiaram o nosso pleito. At\u00e9 o momento, todas as solicita\u00e7\u00f5es da Faeal foram atendidas por esta gest\u00e3o e n\u00f3s temos a certeza de que continuaremos contando com este apoio, pois o governo sabe que o setor rural contribui muito com a gera\u00e7\u00e3o de renda e o desenvolvimento social no Estado\u201d, afirma o presidente da Federa\u00e7\u00e3o da Agricultura, \u00c1lvaro Almeida.<\/p>\n<figure id=\"attachment_3231\" aria-describedby=\"caption-attachment-3231\" style=\"width: 1772px\" class=\"wp-caption aligncenter\"><img decoding=\"async\" class=\"wp-image-3231 size-full\" src=\"http:\/\/www.sistemafaeal.org.br\/senar\/wp-content\/uploads\/2019\/11\/visitgovexpo1.jpg\" alt=\"\" width=\"1772\" height=\"1181\" srcset=\"https:\/\/www.sistemafaeal.org.br\/senar\/wp-content\/uploads\/2019\/11\/visitgovexpo1.jpg 1772w, https:\/\/www.sistemafaeal.org.br\/senar\/wp-content\/uploads\/2019\/11\/visitgovexpo1-600x400.jpg 600w, https:\/\/www.sistemafaeal.org.br\/senar\/wp-content\/uploads\/2019\/11\/visitgovexpo1-300x200.jpg 300w, https:\/\/www.sistemafaeal.org.br\/senar\/wp-content\/uploads\/2019\/11\/visitgovexpo1-768x512.jpg 768w, https:\/\/www.sistemafaeal.org.br\/senar\/wp-content\/uploads\/2019\/11\/visitgovexpo1-1024x682.jpg 1024w, https:\/\/www.sistemafaeal.org.br\/senar\/wp-content\/uploads\/2019\/11\/visitgovexpo1-696x464.jpg 696w, https:\/\/www.sistemafaeal.org.br\/senar\/wp-content\/uploads\/2019\/11\/visitgovexpo1-1068x712.jpg 1068w, https:\/\/www.sistemafaeal.org.br\/senar\/wp-content\/uploads\/2019\/11\/visitgovexpo1-630x420.jpg 630w\" sizes=\"(max-width: 1772px) 100vw, 1772px\" \/><figcaption id=\"caption-attachment-3231\" class=\"wp-caption-text\">Governador, secret\u00e1rio da Agricultura e gestores da ACA, Faeal e Emater visitam estande da Faeal e Senar na Expoagro<\/figcaption><\/figure>\n<p>O novo decreto desonera e reduz a carga tribut\u00e1ria em 2% na venda dos gr\u00e3os para dentro e fora de Alagoas. &#8220;O Governo do Estado j\u00e1 fez isso em benef\u00edcio de outros segmentos. N\u00f3s desoneramos as cadeias produtivas do frango, do coco, do leite, da carne e agora dos gr\u00e3os. Isso vai garantir aumento da \u00e1rea plantada, da produ\u00e7\u00e3o e, por consequ\u00eancia, a gera\u00e7\u00e3o de novos empregos&#8221;, explica o governador Renan Filho.<\/p>\n<p>Um dos maiores produtores de milho do estado, Jos\u00e9 Almeida afirma que a medida \u00e9 muito importante porque garante liquidez \u00e0 produ\u00e7\u00e3o. &#8220;Temos dificuldade de escoar a produ\u00e7\u00e3o e, com esse incentivo, vamos conseguir chegar a outros Estados, a exemplo de Pernambuco e da Para\u00edba, com pre\u00e7o competitivo, que nos dar\u00e1 condi\u00e7\u00f5es de brigar no mercado&#8221;, observa.<\/p>\n<p>O produtor de gr\u00e3os Ivanilson Ara\u00fajo recorda que a assinatura do decreto atende a um pleito do setor. Segundo ele, a medida garante seguran\u00e7a comercial.\u00a0&#8220;O governador foi sens\u00edvel ao nosso pleito. N\u00f3s estamos muito satisfeitos porque o decreto vai nos dar uma abertura comercial muito grande. Vai possibilitar, tamb\u00e9m, a vinda de outros produtores aqui para o estado, porque temos ainda muita terra \u00e0 disposi\u00e7\u00e3o para a produ\u00e7\u00e3o de gr\u00e3os&#8221;, avalia.<\/p>\n<figure id=\"attachment_3232\" aria-describedby=\"caption-attachment-3232\" style=\"width: 1772px\" class=\"wp-caption aligncenter\"><img decoding=\"async\" class=\"wp-image-3232 size-full\" src=\"http:\/\/www.sistemafaeal.org.br\/senar\/wp-content\/uploads\/2019\/11\/visitgovexpo2.jpg\" alt=\"\" width=\"1772\" height=\"1181\" srcset=\"https:\/\/www.sistemafaeal.org.br\/senar\/wp-content\/uploads\/2019\/11\/visitgovexpo2.jpg 1772w, https:\/\/www.sistemafaeal.org.br\/senar\/wp-content\/uploads\/2019\/11\/visitgovexpo2-600x400.jpg 600w, https:\/\/www.sistemafaeal.org.br\/senar\/wp-content\/uploads\/2019\/11\/visitgovexpo2-300x200.jpg 300w, https:\/\/www.sistemafaeal.org.br\/senar\/wp-content\/uploads\/2019\/11\/visitgovexpo2-768x512.jpg 768w, https:\/\/www.sistemafaeal.org.br\/senar\/wp-content\/uploads\/2019\/11\/visitgovexpo2-1024x682.jpg 1024w, https:\/\/www.sistemafaeal.org.br\/senar\/wp-content\/uploads\/2019\/11\/visitgovexpo2-696x464.jpg 696w, https:\/\/www.sistemafaeal.org.br\/senar\/wp-content\/uploads\/2019\/11\/visitgovexpo2-1068x712.jpg 1068w, https:\/\/www.sistemafaeal.org.br\/senar\/wp-content\/uploads\/2019\/11\/visitgovexpo2-630x420.jpg 630w\" sizes=\"(max-width: 1772px) 100vw, 1772px\" \/><figcaption id=\"caption-attachment-3232\" class=\"wp-caption-text\">Visita \u00e0 sala do programa Bem+Agro<\/figcaption><\/figure>\n<p>A previs\u00e3o da Secretaria de Estado da Agricultura, Pecu\u00e1ria, Pesca e Aquicultura \u2013 Seagri \u2013 \u00e9 de que a safra de gr\u00e3os 2019\/2020 em Alagoas atinja a marca recorde de 5,7 mil toneladas.<\/p>\n<p>&#8220;Desde 2015, quando o Governo do Estado passou a tratar a produ\u00e7\u00e3o de gr\u00e3os como prioridade, chegamos a aproximadamente 7 mil hectares cultivados com alt\u00edssima tecnologia. Trata-se de uma das culturas que mais crescem em Alagoas&#8221;, revelou o secret\u00e1rio de Estado da Agricultura, Pecu\u00e1ria, Pesca e Aquicultura, S\u00edlvio Bulh\u00f5es.<\/p>\n<p>&nbsp;<\/p>\n","protected":false},"excerpt":{"rendered":"<p>Com informa\u00e7\u00f5es da Ag\u00eancia Alagoas O governador Renan Filho atendeu ao pleito dos produtores de gr\u00e3os alagoanos, representados pela Federa\u00e7\u00e3o da Agricultura e Pecu\u00e1ria do Estado de Alagoas \u2013 Faeal \u2013, e assinou o decreto que concede cr\u00e9dito presumido do Imposto sobre Circula\u00e7\u00e3o de Mercadorias e Presta\u00e7\u00e3o de Servi\u00e7os \u2013 ICMS \u2013 nas opera\u00e7\u00f5es internas [&hellip;]<\/p>\n","protected":false},"author":7,"featured_media":3230,"comment_status":"open","ping_status":"open","sticky":false,"template":"","format":"standard","meta":{"footnotes":""},"categories":[5],"tags":[],"class_list":["post-3228","post","type-post","status-publish","format-standard","has-post-thumbnail","hentry","category-noticias"],"_links":{"self":[{"href":"https:\/\/www.sistemafaeal.org.br\/senar\/wp-json\/wp\/v2\/posts\/3228","targetHints":{"allow":["GET"]}}],"collection":[{"href":"https:\/\/www.sistemafaeal.org.br\/senar\/wp-json\/wp\/v2\/posts"}],"about":[{"href":"https:\/\/www.sistemafaeal.org.br\/senar\/wp-json\/wp\/v2\/types\/post"}],"author":[{"embeddable":true,"href":"https:\/\/www.sistemafaeal.org.br\/senar\/wp-json\/wp\/v2\/users\/7"}],"replies":[{"embeddable":true,"href":"https:\/\/www.sistemafaeal.org.br\/senar\/wp-json\/wp\/v2\/comments?post=3228"}],"version-history":[{"count":0,"href":"https:\/\/www.sistemafaeal.org.br\/senar\/wp-json\/wp\/v2\/posts\/3228\/revisions"}],"wp:featuredmedia":[{"embeddable":true,"href":"https:\/\/www.sistemafaeal.org.br\/senar\/wp-json\/wp\/v2\/media\/3230"}],"wp:attachment":[{"href":"https:\/\/www.sistemafaeal.org.br\/senar\/wp-json\/wp\/v2\/media?parent=3228"}],"wp:term":[{"taxonomy":"category","embeddable":true,"href":"https:\/\/www.sistemafaeal.org.br\/senar\/wp-json\/wp\/v2\/categories?post=3228"},{"taxonomy":"post_tag","embeddable":true,"href":"https:\/\/www.sistemafaeal.org.br\/senar\/wp-json\/wp\/v2\/tags?post=3228"}],"curies":[{"name":"wp","href":"https:\/\/api.w.org\/{rel}","templated":true}]}}