{"id":3235,"date":"2019-11-01T19:09:14","date_gmt":"2019-11-01T22:09:14","guid":{"rendered":"http:\/\/www.sistemafaeal.org.br\/senar\/?p=3235"},"modified":"2019-11-01T19:09:56","modified_gmt":"2019-11-01T22:09:56","slug":"69a-expoagro-produtores-serao-orientados-sobre-contratacao-de-jovens-aprendizes","status":"publish","type":"post","link":"https:\/\/www.sistemafaeal.org.br\/senar\/69a-expoagro-produtores-serao-orientados-sobre-contratacao-de-jovens-aprendizes\/","title":{"rendered":"69\u00aa Expoagro: produtores ser\u00e3o orientados sobre contrata\u00e7\u00e3o de jovens aprendizes"},"content":{"rendered":"<figure id=\"attachment_3236\" aria-describedby=\"caption-attachment-3236\" style=\"width: 3456px\" class=\"wp-caption aligncenter\"><img fetchpriority=\"high\" decoding=\"async\" class=\"wp-image-3236 size-full\" src=\"http:\/\/www.sistemafaeal.org.br\/senar\/wp-content\/uploads\/2019\/11\/IMG_8386.jpg\" alt=\"\" width=\"3456\" height=\"2304\" \/><figcaption id=\"caption-attachment-3236\" class=\"wp-caption-text\">Procuradora do MPT, coordenadora t\u00e9cnica do Senar e auditoras fiscais discutem a\u00e7\u00e3o na Expoagro<\/figcaption><\/figure>\n<p>Na tarde deste s\u00e1bado, 2 de novembro, equipes do Minist\u00e9rio P\u00fablico do Trabalho (MPT), da Superintend\u00eancia Regional do Trabalho em Alagoas (SRTb-AL) e do Servi\u00e7o Nacional de Aprendizagem Rural (Senar Alagoas) estar\u00e3o no Parque da Pecu\u00e1ria, durante a 69\u00aa edi\u00e7\u00e3o da Expoagro, para conscientizar e orientar os produtores sobre a import\u00e2ncia da contrata\u00e7\u00e3o de jovens aprendizes nas propriedades rurais.<\/p>\n<p>O objetivo \u00e9 tirar d\u00favidas e sensibilizar os produtores sobre a import\u00e2ncia do investimento em m\u00e3o de obra qualificada para o crescimento dos neg\u00f3cios no campo. \u201cVivemos um momento de abertura de mercados internacionais, o Governo Federal tem firmado parcerias, nosso pa\u00eds j\u00e1 se destaca no agroneg\u00f3cio e a tend\u00eancia \u00e9 de que o mundo demande cada vez mais os nossos produtos. Podemos expandir a nossa produ\u00e7\u00e3o, mas, para isso, precisamos da m\u00e3o de obra qualificada\u201d, analisa a procuradora do MPT, Virg\u00ednia Ferreira.<\/p>\n<p>Segundo Virg\u00ednia, a falta de investimentos em qualifica\u00e7\u00e3o de m\u00e3o de obra reduz a produtividade no pa\u00eds. \u201cO que o trabalhador brasileiro faz em uma hora, o norte-americano faz em 15 minutos e o alem\u00e3o, em 20 minutos. Essa diferen\u00e7a se explica pela car\u00eancia de profissionais qualificados, por isso, n\u00f3s contamos com o Sistema S como um todo e com o Senar, especialmente, nessa aproxima\u00e7\u00e3o com o agroneg\u00f3cio, para que consigamos avan\u00e7ar na qualifica\u00e7\u00e3o dos nossos jovens e fazer com que eles tenham a oportunidade de se inserir no mercado de trabalho\u201d, ressalta a procuradora.<\/p>\n<p>Virg\u00ednia Ferreira destaca, ainda, a import\u00e2ncia de programas como o Jovem Agricultor Aprendiz, do Senar, para que a juventude permane\u00e7a e produza na zona rural. \u201cO \u00faltimo Censo do IBGE apontou que 70% da popula\u00e7\u00e3o do campo tem idade acima de 45 anos, ou seja, temos um envelhecimento em \u00e1reas rurais porque o jovem n\u00e3o quer ficar. Precisamos fazer com que ele tenha oportunidade de permanecer, goste e se identifique com as atividade do campo, que s\u00e3o t\u00e3o importantes para o nosso pa\u00eds\u201d, argumenta.<\/p>\n<p><strong>Reuni\u00e3o em dezembro<br \/>\n<\/strong>De acordo com a lei, a presen\u00e7a de jovens aprendizes \u00e9 obrigat\u00f3ria em todo empreendimento rural onde haja, no m\u00ednimo, sete funcion\u00e1rios. O percentual de aprendizes varia entre 5% e 15% do quadro funcional. O Minist\u00e9rio da Economia j\u00e1 notificou 145 produtores rurais alagoanos, para que atendam \u00e0 legisla\u00e7\u00e3o. A partir de uma interlocu\u00e7\u00e3o com a Federa\u00e7\u00e3o da Agricultura e Pecu\u00e1ria do Estado de Alagoas (Faeal), o Senar e o MPT, as notifica\u00e7\u00f5es foram suspensas, enquanto se busca uma solu\u00e7\u00e3o para os produtores e para os jovens.<\/p>\n<p>No dia 4 de dezembro, representantes das institui\u00e7\u00f5es se reunir\u00e3o com produtores rurais, na sede do Senar, em Macei\u00f3, para discutir a import\u00e2ncia da aprendizagem no campo. \u201cNosso estado tem muitas vagas de aprendizes a serem preenchidas e n\u00f3s estamos buscando o cumprimento da legisla\u00e7\u00e3o\u201d, destaca a procuradora do MPT, Virg\u00ednia Ferreira.<\/p>\n<p>Segundo Graziela Freitas, coordenadora do Departamento T\u00e9cnico do Senar em Alagoas, o Programa Jovem Agricultor Aprendiz \u00e9 uma excelente oportunidade para os produtores e, sobretudo, para os jovens do campo, que n\u00e3o t\u00eam muitas oportunidades de aprender uma profiss\u00e3o. \u201cEssa pode ser a grande chance na vida desses jovens, de ter uma ocupa\u00e7\u00e3o, construir novos caminhos, mudar de vida e de comportamento, pois os cursos do Senar n\u00e3o focam somente em profissionaliza\u00e7\u00e3o, eles englobam habilidades que qualquer cidad\u00e3o precisa saber para transitar bem dentro das empresas. Isso tamb\u00e9m \u00e9 muito importante\u201d, diz.<\/p>\n<p>A auditora fiscal da Superintend\u00eancia Regional do Trabalho em Alagoas, Dulciane Alencar, tamb\u00e9m refor\u00e7a a import\u00e2ncia da qualifica\u00e7\u00e3o para os jovens da \u00e1rea rural. \u201cPrecisamos de uma educa\u00e7\u00e3o de qualidade, voltada para a teoria e pr\u00e1tica, o campo \u00e9 um setor chave para Alagoas e \u00e9 preciso investir nessa m\u00e3o de obra. Sabemos que isso demanda uma mudan\u00e7a de mentalidade dos empregadores, mas estamos trabalhando para que eles se sensibilizem e percebam o quanto a falta de qualifica\u00e7\u00e3o causa dificuldades, inclusive, para os neg\u00f3cios deles. O Brasil tem muita voca\u00e7\u00e3o agr\u00edcola, mas precisa de treinamento\u201d, refor\u00e7a.<\/p>\n","protected":false},"excerpt":{"rendered":"<p>Na tarde deste s\u00e1bado, 2 de novembro, equipes do Minist\u00e9rio P\u00fablico do Trabalho (MPT), da Superintend\u00eancia Regional do Trabalho em Alagoas (SRTb-AL) e do Servi\u00e7o Nacional de Aprendizagem Rural (Senar Alagoas) estar\u00e3o no Parque da Pecu\u00e1ria, durante a 69\u00aa edi\u00e7\u00e3o da Expoagro, para conscientizar e orientar os produtores sobre a import\u00e2ncia da contrata\u00e7\u00e3o de jovens [&hellip;]<\/p>\n","protected":false},"author":7,"featured_media":3236,"comment_status":"open","ping_status":"open","sticky":false,"template":"","format":"standard","meta":{"footnotes":""},"categories":[5],"tags":[],"class_list":["post-3235","post","type-post","status-publish","format-standard","has-post-thumbnail","hentry","category-noticias"],"_links":{"self":[{"href":"https:\/\/www.sistemafaeal.org.br\/senar\/wp-json\/wp\/v2\/posts\/3235","targetHints":{"allow":["GET"]}}],"collection":[{"href":"https:\/\/www.sistemafaeal.org.br\/senar\/wp-json\/wp\/v2\/posts"}],"about":[{"href":"https:\/\/www.sistemafaeal.org.br\/senar\/wp-json\/wp\/v2\/types\/post"}],"author":[{"embeddable":true,"href":"https:\/\/www.sistemafaeal.org.br\/senar\/wp-json\/wp\/v2\/users\/7"}],"replies":[{"embeddable":true,"href":"https:\/\/www.sistemafaeal.org.br\/senar\/wp-json\/wp\/v2\/comments?post=3235"}],"version-history":[{"count":0,"href":"https:\/\/www.sistemafaeal.org.br\/senar\/wp-json\/wp\/v2\/posts\/3235\/revisions"}],"wp:featuredmedia":[{"embeddable":true,"href":"https:\/\/www.sistemafaeal.org.br\/senar\/wp-json\/wp\/v2\/media\/3236"}],"wp:attachment":[{"href":"https:\/\/www.sistemafaeal.org.br\/senar\/wp-json\/wp\/v2\/media?parent=3235"}],"wp:term":[{"taxonomy":"category","embeddable":true,"href":"https:\/\/www.sistemafaeal.org.br\/senar\/wp-json\/wp\/v2\/categories?post=3235"},{"taxonomy":"post_tag","embeddable":true,"href":"https:\/\/www.sistemafaeal.org.br\/senar\/wp-json\/wp\/v2\/tags?post=3235"}],"curies":[{"name":"wp","href":"https:\/\/api.w.org\/{rel}","templated":true}]}}