{"id":3244,"date":"2019-11-04T10:56:24","date_gmt":"2019-11-04T13:56:24","guid":{"rendered":"http:\/\/www.sistemafaeal.org.br\/senar\/?p=3244"},"modified":"2019-11-04T11:10:08","modified_gmt":"2019-11-04T14:10:08","slug":"programas-de-saude-de-mar-vermelho","status":"publish","type":"post","link":"https:\/\/www.sistemafaeal.org.br\/senar\/programas-de-saude-de-mar-vermelho\/","title":{"rendered":"Senar j\u00e1 realizou 1.463 exames de PSA, Toque e Citologia em Mar Vermelho"},"content":{"rendered":"<figure id=\"attachment_3245\" aria-describedby=\"caption-attachment-3245\" style=\"width: 640px\" class=\"wp-caption aligncenter\"><img fetchpriority=\"high\" decoding=\"async\" class=\"wp-image-3245 size-full\" src=\"http:\/\/www.sistemafaeal.org.br\/senar\/wp-content\/uploads\/2019\/11\/senaralmar1.jpg\" alt=\"\" width=\"640\" height=\"427\" srcset=\"https:\/\/www.sistemafaeal.org.br\/senar\/wp-content\/uploads\/2019\/11\/senaralmar1.jpg 640w, https:\/\/www.sistemafaeal.org.br\/senar\/wp-content\/uploads\/2019\/11\/senaralmar1-600x400.jpg 600w, https:\/\/www.sistemafaeal.org.br\/senar\/wp-content\/uploads\/2019\/11\/senaralmar1-300x200.jpg 300w, https:\/\/www.sistemafaeal.org.br\/senar\/wp-content\/uploads\/2019\/11\/senaralmar1-630x420.jpg 630w\" sizes=\"(max-width: 640px) 100vw, 640px\" \/><figcaption id=\"caption-attachment-3245\" class=\"wp-caption-text\">Ap\u00f3s vencer o c\u00e2ncer, a m\u00e9dica Eliane Rosas usa a pr\u00f3pria hist\u00f3ria para conscientizar mulheres em Mar Vermelho<\/figcaption><\/figure>\n<p>O Servi\u00e7o Nacional de Aprendizagem Rural \u2013 Senar Alagoas \u2013 j\u00e1 realizou 1.463 exames em Mar Vermelho, entre PSA (773) toques retais (405) e citologias (285). O balan\u00e7o \u00e9 das cinco edi\u00e7\u00f5es dos programas de sa\u00fade realizadas em parceria com a Prefeitura do munic\u00edpio, de 2013 a 2019. A \u00faltima edi\u00e7\u00e3o aconteceu nessa sexta-feira, 1\u00ba de novembro.<\/p>\n<p>A a\u00e7\u00e3o marcou o fim da campanha Outubro Rosa e o in\u00edcio do Novembro Azul. Os homens lotaram a Creche Maria Odete Lopes de Almeida, assistiram \u00e0 palestra do urologista M\u00e1rio Ronalsa, da Sociedade Brasileira de Urologia \u2013 SBU \u2013, sobre doen\u00e7as da pr\u00f3stata, e se submeteram aos exames de PSA e Toque.<\/p>\n<p>\u201cN\u00e3o s\u00f3 as mulheres, mas os homens aqui em Mar Vermelho est\u00e3o mostrando que querem se cuidar. Come\u00e7amos o nosso Novembro Azul com o p\u00e9 direito mais uma vez e s\u00f3 temos a agradecer ao Senar, pela parceria, e, especialmente, \u00e0 nossa equipe da Sa\u00fade pela mobiliza\u00e7\u00e3o\u201d, comenta a prefeita de Mar Vermelho, Juliana Almeida.<\/p>\n<figure id=\"attachment_3247\" aria-describedby=\"caption-attachment-3247\" style=\"width: 640px\" class=\"wp-caption aligncenter\"><img decoding=\"async\" class=\"wp-image-3247 size-full\" src=\"http:\/\/www.sistemafaeal.org.br\/senar\/wp-content\/uploads\/2019\/11\/senaralmar3.jpg\" alt=\"\" width=\"640\" height=\"427\" srcset=\"https:\/\/www.sistemafaeal.org.br\/senar\/wp-content\/uploads\/2019\/11\/senaralmar3.jpg 640w, https:\/\/www.sistemafaeal.org.br\/senar\/wp-content\/uploads\/2019\/11\/senaralmar3-600x400.jpg 600w, https:\/\/www.sistemafaeal.org.br\/senar\/wp-content\/uploads\/2019\/11\/senaralmar3-300x200.jpg 300w, https:\/\/www.sistemafaeal.org.br\/senar\/wp-content\/uploads\/2019\/11\/senaralmar3-630x420.jpg 630w\" sizes=\"(max-width: 640px) 100vw, 640px\" \/><figcaption id=\"caption-attachment-3247\" class=\"wp-caption-text\">Prefeita Juliana Almeida entrega kit a Expedito dos Santos, o primeiro homem a concluir todos os exames<\/figcaption><\/figure>\n<p>Aos 53 anos, o pintor Expedito Alves dos Santos retornou a Mar Vermelho ap\u00f3s morar 32 anos em S\u00e3o Paulo. E foi na cidade natal que ele se submeteu, pela primeira vez, ao exame do toque. \u201cEu s\u00f3 fazia o de sangue, mas aqui, na palestra, o m\u00e9dico mostrou a import\u00e2ncia de fazer todos os exames e eu fiz. \u00c9 tudo muito r\u00e1pido, tranquilo, n\u00e3o h\u00e1 o que ter medo. O importante \u00e9 se cuidar\u201d, diz.<\/p>\n<p>J\u00e1 as mulheres foram atendidas na Unidade B\u00e1sica de Sa\u00fade Humberto Gomes de Melo. A a\u00e7\u00e3o registrou 160 testes r\u00e1pidos de HIV, S\u00edfilis, Hepatites B e C. Tamb\u00e9m foram realizados testes de glicemia, aferi\u00e7\u00e3o de press\u00e3o arterial, consultas m\u00e9dicas e uma palestra sobre c\u00e2ncer de mama e de \u00fatero ministrada pela cl\u00ednica geral do munic\u00edpio, Eliane Rosa. H\u00e1 cinco anos, ela foi diagnosticada com c\u00e2ncer de mama e hoje usa o seu exemplo de vida para conscientizar outras mulheres.<\/p>\n<p>\u201cSempre deixo elas cientes de que a preven\u00e7\u00e3o \u00e9 o melhor caminho. N\u00e3o que eu n\u00e3o tenha me prevenido, eu sempre mantive meus exames em dia, mas fui pega de surpresa. Senti um inc\u00f4modo no peito, n\u00e3o encontrei nada no autoexame, como \u00e9 de costume, mas imediatamente corri para fazer exames, fui diagnosticada, passei por quimioterapia, radioterapia e me curei\u201d, relembra Eliane.<\/p>\n<figure id=\"attachment_3248\" aria-describedby=\"caption-attachment-3248\" style=\"width: 640px\" class=\"wp-caption aligncenter\"><img decoding=\"async\" class=\"wp-image-3248 size-full\" src=\"http:\/\/www.sistemafaeal.org.br\/senar\/wp-content\/uploads\/2019\/11\/senaralmar4.jpg\" alt=\"\" width=\"640\" height=\"427\" srcset=\"https:\/\/www.sistemafaeal.org.br\/senar\/wp-content\/uploads\/2019\/11\/senaralmar4.jpg 640w, https:\/\/www.sistemafaeal.org.br\/senar\/wp-content\/uploads\/2019\/11\/senaralmar4-600x400.jpg 600w, https:\/\/www.sistemafaeal.org.br\/senar\/wp-content\/uploads\/2019\/11\/senaralmar4-300x200.jpg 300w, https:\/\/www.sistemafaeal.org.br\/senar\/wp-content\/uploads\/2019\/11\/senaralmar4-630x420.jpg 630w\" sizes=\"(max-width: 640px) 100vw, 640px\" \/><figcaption id=\"caption-attachment-3248\" class=\"wp-caption-text\">\u00c1lvaro Almeida fala para mulheres de Mar Vermelho<\/figcaption><\/figure>\n<p>Os programas de Sa\u00fade do Senar tamb\u00e9m oferecem outros servi\u00e7os como distribui\u00e7\u00e3o de cartilhas sobre c\u00e2ncer, cuidados com o cora\u00e7\u00e3o e com a pele, kits de higiene pessoal e lanche para a comunidade.<\/p>\n<p>\u201cA cada realiza\u00e7\u00e3o dos programas de sa\u00fade, n\u00f3s nos sentimos realizados, pois cumprimos fielmente a miss\u00e3o do Senar, que, al\u00e9m da educa\u00e7\u00e3o profissional e assist\u00eancia t\u00e9cnica, tamb\u00e9m contempla atividades de promo\u00e7\u00e3o social. O estado de Alagoas \u00e9 pioneiro na realiza\u00e7\u00e3o de programas de sa\u00fade reunindo homens e mulheres, serviu de modelo para todo o pa\u00eds. N\u00e3o h\u00e1 d\u00favidas de que n\u00f3s j\u00e1 ajudamos a salvar muitas vidas por meio dessas a\u00e7\u00f5es e isso nos enche de orgulho\u201d, afirma o presidente do Conselho Administrativo do Senar AL e da Federa\u00e7\u00e3o da Agricultura e Pecu\u00e1ria do Estado de Alagoas, \u00c1lvaro Almeida.<\/p>\n<figure id=\"attachment_3246\" aria-describedby=\"caption-attachment-3246\" style=\"width: 640px\" class=\"wp-caption aligncenter\"><img loading=\"lazy\" decoding=\"async\" class=\"wp-image-3246 size-full\" src=\"http:\/\/www.sistemafaeal.org.br\/senar\/wp-content\/uploads\/2019\/11\/senaralmar2.jpg\" alt=\"\" width=\"640\" height=\"413\" srcset=\"https:\/\/www.sistemafaeal.org.br\/senar\/wp-content\/uploads\/2019\/11\/senaralmar2.jpg 640w, https:\/\/www.sistemafaeal.org.br\/senar\/wp-content\/uploads\/2019\/11\/senaralmar2-600x387.jpg 600w, https:\/\/www.sistemafaeal.org.br\/senar\/wp-content\/uploads\/2019\/11\/senaralmar2-300x194.jpg 300w\" sizes=\"(max-width: 640px) 100vw, 640px\" \/><figcaption id=\"caption-attachment-3246\" class=\"wp-caption-text\">Palestra sobre doen\u00e7as da pr\u00f3stata, ministrada pelo urologista M\u00e1rio Ronalsa<\/figcaption><\/figure>\n","protected":false},"excerpt":{"rendered":"<p>O Servi\u00e7o Nacional de Aprendizagem Rural \u2013 Senar Alagoas \u2013 j\u00e1 realizou 1.463 exames em Mar Vermelho, entre PSA (773) toques retais (405) e citologias (285). O balan\u00e7o \u00e9 das cinco edi\u00e7\u00f5es dos programas de sa\u00fade realizadas em parceria com a Prefeitura do munic\u00edpio, de 2013 a 2019. A \u00faltima edi\u00e7\u00e3o aconteceu nessa sexta-feira, 1\u00ba [&hellip;]<\/p>\n","protected":false},"author":7,"featured_media":3245,"comment_status":"open","ping_status":"open","sticky":false,"template":"","format":"standard","meta":{"footnotes":""},"categories":[5],"tags":[],"class_list":["post-3244","post","type-post","status-publish","format-standard","has-post-thumbnail","hentry","category-noticias"],"_links":{"self":[{"href":"https:\/\/www.sistemafaeal.org.br\/senar\/wp-json\/wp\/v2\/posts\/3244","targetHints":{"allow":["GET"]}}],"collection":[{"href":"https:\/\/www.sistemafaeal.org.br\/senar\/wp-json\/wp\/v2\/posts"}],"about":[{"href":"https:\/\/www.sistemafaeal.org.br\/senar\/wp-json\/wp\/v2\/types\/post"}],"author":[{"embeddable":true,"href":"https:\/\/www.sistemafaeal.org.br\/senar\/wp-json\/wp\/v2\/users\/7"}],"replies":[{"embeddable":true,"href":"https:\/\/www.sistemafaeal.org.br\/senar\/wp-json\/wp\/v2\/comments?post=3244"}],"version-history":[{"count":0,"href":"https:\/\/www.sistemafaeal.org.br\/senar\/wp-json\/wp\/v2\/posts\/3244\/revisions"}],"wp:featuredmedia":[{"embeddable":true,"href":"https:\/\/www.sistemafaeal.org.br\/senar\/wp-json\/wp\/v2\/media\/3245"}],"wp:attachment":[{"href":"https:\/\/www.sistemafaeal.org.br\/senar\/wp-json\/wp\/v2\/media?parent=3244"}],"wp:term":[{"taxonomy":"category","embeddable":true,"href":"https:\/\/www.sistemafaeal.org.br\/senar\/wp-json\/wp\/v2\/categories?post=3244"},{"taxonomy":"post_tag","embeddable":true,"href":"https:\/\/www.sistemafaeal.org.br\/senar\/wp-json\/wp\/v2\/tags?post=3244"}],"curies":[{"name":"wp","href":"https:\/\/api.w.org\/{rel}","templated":true}]}}