{"id":3253,"date":"2019-11-07T12:40:47","date_gmt":"2019-11-07T15:40:47","guid":{"rendered":"http:\/\/www.sistemafaeal.org.br\/senar\/?p=3253"},"modified":"2019-11-07T12:44:46","modified_gmt":"2019-11-07T15:44:46","slug":"seminario-arbitragem-no-agronegocio-acontece-este-mes","status":"publish","type":"post","link":"https:\/\/www.sistemafaeal.org.br\/senar\/seminario-arbitragem-no-agronegocio-acontece-este-mes\/","title":{"rendered":"Semin\u00e1rio Arbitragem no Agroneg\u00f3cio acontece este m\u00eas"},"content":{"rendered":"<figure id=\"attachment_3255\" aria-describedby=\"caption-attachment-3255\" style=\"width: 1772px\" class=\"wp-caption aligncenter\"><img fetchpriority=\"high\" decoding=\"async\" class=\"size-full wp-image-3255\" src=\"http:\/\/www.sistemafaeal.org.br\/senar\/wp-content\/uploads\/2019\/11\/arbitragem_AL-1.jpg\" alt=\"\" width=\"1772\" height=\"1181\" srcset=\"https:\/\/www.sistemafaeal.org.br\/senar\/wp-content\/uploads\/2019\/11\/arbitragem_AL-1.jpg 1772w, https:\/\/www.sistemafaeal.org.br\/senar\/wp-content\/uploads\/2019\/11\/arbitragem_AL-1-600x400.jpg 600w, https:\/\/www.sistemafaeal.org.br\/senar\/wp-content\/uploads\/2019\/11\/arbitragem_AL-1-300x200.jpg 300w, https:\/\/www.sistemafaeal.org.br\/senar\/wp-content\/uploads\/2019\/11\/arbitragem_AL-1-768x512.jpg 768w, https:\/\/www.sistemafaeal.org.br\/senar\/wp-content\/uploads\/2019\/11\/arbitragem_AL-1-1024x682.jpg 1024w, https:\/\/www.sistemafaeal.org.br\/senar\/wp-content\/uploads\/2019\/11\/arbitragem_AL-1-696x464.jpg 696w, https:\/\/www.sistemafaeal.org.br\/senar\/wp-content\/uploads\/2019\/11\/arbitragem_AL-1-1068x712.jpg 1068w, https:\/\/www.sistemafaeal.org.br\/senar\/wp-content\/uploads\/2019\/11\/arbitragem_AL-1-630x420.jpg 630w\" sizes=\"(max-width: 1772px) 100vw, 1772px\" \/><figcaption id=\"caption-attachment-3255\" class=\"wp-caption-text\">Presidente da Faeal e gestores da Cameal discutem detalhes do semin\u00e1rio<\/figcaption><\/figure>\n<p>A Federa\u00e7\u00e3o da Agricultura e Pecu\u00e1ria do Estado de Alagoas \u2013 Faeal \u2013 e a C\u00e2mara de Media\u00e7\u00e3o e Arbitragem de Alagoas \u2013 Cameal \u2013 realizar\u00e3o, no pr\u00f3ximo dia 25 de novembro, a partir das 9 horas, o Semin\u00e1rio Arbitragem no Agroneg\u00f3cio. O evento gratuito acontecer\u00e1 na sede da Faeal e ser\u00e1 ministrado por Eliana Baraldi, advogada, \u00e1rbitra de diversas c\u00e2maras nacionais e estrangeiras, mediadora, ex-presidente da C\u00e2mara de Media\u00e7\u00e3o e Arbitragem das Sociedades dos Advogados da OAB\/SP e doutora em Direito Internacional pela USP.<\/p>\n<p>O objetivo da palestra \u00e9 difundir a arbitragem como um importante instrumento para que o produtor rural possa resolver seus lit\u00edgios de forma extra-judicial, sobretudo, em quest\u00f5es patrimoniais. Para isso, basta que as partes incluam, em contrato, uma cl\u00e1usula se comprometendo a submeter eventuais lit\u00edgios ao ju\u00edzo arbitral. A partir do acordo de vontades, a decis\u00e3o, em situa\u00e7\u00f5es de lit\u00edgio, passa a ser dos \u00e1rbitros escolhidos pelas partes.<\/p>\n<p>\u201cA arbitragem \u00e9 um caminho diferente do judici\u00e1rio. \u00c9 um processo extra-judicial, com muito mais celeridade e sigilo. O grande ganho do produtor rural ou de qualquer pessoa que utiliza a arbitragem \u00e9 que, diferentemente do poder judici\u00e1rio, onde um processo pode demorar anos, \u00e9 poss\u00edvel resolver lit\u00edgios em at\u00e9 tr\u00eas meses. Al\u00e9m disso, h\u00e1 a quest\u00e3o da confidencialidade. Tudo o que \u00e9 tratado na C\u00e2mara fica restrito \u00e0s partes\u201d, explica a presidente da Cameal, Lav\u00ednia Guimar\u00e3es Mata.<\/p>\n<p>Segundo Lav\u00ednia, a utiliza\u00e7\u00e3o da arbitragem no agroneg\u00f3cio j\u00e1 \u00e9 uma realidade em outros estados brasileiros. \u201cPrecisamos avan\u00e7ar em Alagoas e, por isso, viemos buscar parceria com a Federa\u00e7\u00e3o da Agricultura. Come\u00e7aremos a aproximar a arbitragem dos produtores rurais locais\u201d, comenta a presidente da Cameal.<\/p>\n<p>\u201cEssa parceria da Faeal com a C\u00e2mara de Arbitragem \u00e9 mais um importante passo no sentido de garantir, aos produtores rurais de Alagoas, o portunidades para que eles possam resolver seus lit\u00edgios de forma muito mais c\u00e9lere. A Cameal tem sua legisla\u00e7\u00e3o pr\u00f3pria e permite que isso aconte\u00e7a, sem maiores constrangimentos entre as partes e sem a morosidade que infelizmente verificamos no judici\u00e1rio. Se o produtor absorver esta mensagem, sem d\u00favida, o maior beneficiado ser\u00e1 ele\u201d, ressalta o presidente da Federa\u00e7\u00e3o da Agricultura, \u00c1lvaro Almeida.<\/p>\n","protected":false},"excerpt":{"rendered":"<p>A Federa\u00e7\u00e3o da Agricultura e Pecu\u00e1ria do Estado de Alagoas \u2013 Faeal \u2013 e a C\u00e2mara de Media\u00e7\u00e3o e Arbitragem de Alagoas \u2013 Cameal \u2013 realizar\u00e3o, no pr\u00f3ximo dia 25 de novembro, a partir das 9 horas, o Semin\u00e1rio Arbitragem no Agroneg\u00f3cio. O evento gratuito acontecer\u00e1 na sede da Faeal e ser\u00e1 ministrado por Eliana [&hellip;]<\/p>\n","protected":false},"author":7,"featured_media":3255,"comment_status":"open","ping_status":"open","sticky":false,"template":"","format":"standard","meta":{"footnotes":""},"categories":[5],"tags":[],"class_list":["post-3253","post","type-post","status-publish","format-standard","has-post-thumbnail","hentry","category-noticias"],"_links":{"self":[{"href":"https:\/\/www.sistemafaeal.org.br\/senar\/wp-json\/wp\/v2\/posts\/3253","targetHints":{"allow":["GET"]}}],"collection":[{"href":"https:\/\/www.sistemafaeal.org.br\/senar\/wp-json\/wp\/v2\/posts"}],"about":[{"href":"https:\/\/www.sistemafaeal.org.br\/senar\/wp-json\/wp\/v2\/types\/post"}],"author":[{"embeddable":true,"href":"https:\/\/www.sistemafaeal.org.br\/senar\/wp-json\/wp\/v2\/users\/7"}],"replies":[{"embeddable":true,"href":"https:\/\/www.sistemafaeal.org.br\/senar\/wp-json\/wp\/v2\/comments?post=3253"}],"version-history":[{"count":0,"href":"https:\/\/www.sistemafaeal.org.br\/senar\/wp-json\/wp\/v2\/posts\/3253\/revisions"}],"wp:featuredmedia":[{"embeddable":true,"href":"https:\/\/www.sistemafaeal.org.br\/senar\/wp-json\/wp\/v2\/media\/3255"}],"wp:attachment":[{"href":"https:\/\/www.sistemafaeal.org.br\/senar\/wp-json\/wp\/v2\/media?parent=3253"}],"wp:term":[{"taxonomy":"category","embeddable":true,"href":"https:\/\/www.sistemafaeal.org.br\/senar\/wp-json\/wp\/v2\/categories?post=3253"},{"taxonomy":"post_tag","embeddable":true,"href":"https:\/\/www.sistemafaeal.org.br\/senar\/wp-json\/wp\/v2\/tags?post=3253"}],"curies":[{"name":"wp","href":"https:\/\/api.w.org\/{rel}","templated":true}]}}