{"id":3258,"date":"2019-11-13T09:37:33","date_gmt":"2019-11-13T12:37:33","guid":{"rendered":"http:\/\/www.sistemafaeal.org.br\/senar\/?p=3258"},"modified":"2019-11-13T09:37:58","modified_gmt":"2019-11-13T12:37:58","slug":"seminario-de-producao-de-graos-2019-reune-especialistas-de-todo-o-pais","status":"publish","type":"post","link":"https:\/\/www.sistemafaeal.org.br\/senar\/seminario-de-producao-de-graos-2019-reune-especialistas-de-todo-o-pais\/","title":{"rendered":"Semin\u00e1rio de Produ\u00e7\u00e3o de Gr\u00e3os 2019 re\u00fane especialistas de todo o pa\u00eds"},"content":{"rendered":"<figure id=\"attachment_3261\" aria-describedby=\"caption-attachment-3261\" style=\"width: 1280px\" class=\"wp-caption aligncenter\"><img fetchpriority=\"high\" decoding=\"async\" class=\"wp-image-3261 size-full\" src=\"http:\/\/www.sistemafaeal.org.br\/senar\/wp-content\/uploads\/2019\/11\/WhatsApp-Image-2019-11-12-at-10.11.54-C\u00f3pia.jpeg\" alt=\"\" width=\"1280\" height=\"853\" srcset=\"https:\/\/www.sistemafaeal.org.br\/senar\/wp-content\/uploads\/2019\/11\/WhatsApp-Image-2019-11-12-at-10.11.54-C\u00f3pia.jpeg 1280w, https:\/\/www.sistemafaeal.org.br\/senar\/wp-content\/uploads\/2019\/11\/WhatsApp-Image-2019-11-12-at-10.11.54-C\u00f3pia-600x400.jpeg 600w, https:\/\/www.sistemafaeal.org.br\/senar\/wp-content\/uploads\/2019\/11\/WhatsApp-Image-2019-11-12-at-10.11.54-C\u00f3pia-300x200.jpeg 300w, https:\/\/www.sistemafaeal.org.br\/senar\/wp-content\/uploads\/2019\/11\/WhatsApp-Image-2019-11-12-at-10.11.54-C\u00f3pia-768x512.jpeg 768w, https:\/\/www.sistemafaeal.org.br\/senar\/wp-content\/uploads\/2019\/11\/WhatsApp-Image-2019-11-12-at-10.11.54-C\u00f3pia-1024x682.jpeg 1024w, https:\/\/www.sistemafaeal.org.br\/senar\/wp-content\/uploads\/2019\/11\/WhatsApp-Image-2019-11-12-at-10.11.54-C\u00f3pia-696x464.jpeg 696w, https:\/\/www.sistemafaeal.org.br\/senar\/wp-content\/uploads\/2019\/11\/WhatsApp-Image-2019-11-12-at-10.11.54-C\u00f3pia-1068x712.jpeg 1068w, https:\/\/www.sistemafaeal.org.br\/senar\/wp-content\/uploads\/2019\/11\/WhatsApp-Image-2019-11-12-at-10.11.54-C\u00f3pia-630x420.jpeg 630w\" sizes=\"(max-width: 1280px) 100vw, 1280px\" \/><figcaption id=\"caption-attachment-3261\" class=\"wp-caption-text\">Evento acontece no audit\u00f3rio da Faeal (Fotos: Saulo Coelho\/Embrapa)<\/figcaption><\/figure>\n<p class=\"leftText\">Produtores alagoanos e de outros estados participam, nos dias 12 e 13, do Semin\u00e1rio de Produ\u00e7\u00e3o de Gr\u00e3os 2019. Promovido pela Federa\u00e7\u00e3o da Agricultura e Pecu\u00e1ria do Estado de Alagoas (Faeal), Sebrae Alagoas, Servi\u00e7o Nacional de Aprendizagem Rural (Senar), Embrapa e Secretaria de Estado da Agricultura, Pesca e Aquicultura (Seagri), o evento re\u00fane especialistas de todo o Brasil, no audit\u00f3rio da Faeal, para discutir quest\u00f5es relacionadas ao cultivo e a diversifica\u00e7\u00e3o de gr\u00e3os, com foco em novas tecnologias e baixo custo.<\/p>\n<p class=\"leftText\">A programa\u00e7\u00e3o inclui 12 palestras e temas como implanta\u00e7\u00e3o do sistema de plantio direto em solos de \u00e1reas de produ\u00e7\u00e3o de gr\u00e3os da regi\u00e3o SEALBA (Sergipe, Alagoas e Bahia); oportunidades e desafios para o cultivo do milho em Alagoas; estrat\u00e9gias para o aumento da efici\u00eancia da fixa\u00e7\u00e3o biol\u00f3gica do nitrog\u00eanio em soja, nas \u00e1reas de primeiro ano de cultivo; perspectivas de produ\u00e7\u00e3o de algod\u00e3o e pulses, entre outros.<\/p>\n<p class=\"leftText\">\u201cAs discuss\u00f5es das quatro primeiras edi\u00e7\u00f5es do semin\u00e1rio sempre foram focadas nos materiais dispon\u00edveis e adaptados para a regi\u00e3o. A partir desta quinta edi\u00e7\u00e3o, come\u00e7amos a direcionar o foco para quest\u00f5es sobre as tecnologias e de que forma elas podem ajudar a resolver problemas enfrentados pelos produtores pioneiros na regi\u00e3o SEALBA, a exemplo da baixa produtividade da soja de primeiro ano em algumas \u00e1reas\u201d, exemplifica a coordenadora da Unidade de Execu\u00e7\u00e3o de Pesquisa da Embrapa em Rio Largo, Walane Ivo.<\/p>\n<p class=\"leftText\">Segundo o diretor t\u00e9cnico do Sebrae em Alagoas, Ronaldo Moraes, o investimento na diversifica\u00e7\u00e3o de culturas \u00e9 importante para o desenvolvimento do Estado. \u201cH\u00e1 alguns anos estamos buscando alternativas para as \u00e1reas deixadas pela cana de a\u00e7\u00facar, num trabalho de parceria entre Governo do Estado, Sebrae, Faeal, Embrapa, empresas de fertilizantes, sementes, entre outros grandes neg\u00f3cios. O objetivo \u00e9 fortalecer a produ\u00e7\u00e3o de gr\u00e3os que, por sua vez, acaba dando suporte para outras cadeias, como avicultura, suinocultura, bovinocultura de corte e leite\u201d, observa o diretor.<\/p>\n<p class=\"leftText\">Para o secret\u00e1rio de Estado da Agricultura, Pesca e Aquicultura, Silvio Bulh\u00f5es, Alagoas tem potencial para triplicar ou quadruplicar a \u00e1rea de produ\u00e7\u00e3o de gr\u00e3os nos pr\u00f3ximos anos. \u201cTemos diferenciais competitivos, n\u00e3o s\u00f3 por quest\u00f5es de solo e clima, como pela qualidade do gr\u00e3o que produzimos. Na quest\u00e3o comercial, a nossa produ\u00e7\u00e3o se d\u00e1 em momento anterior ao dos grandes estados e isso pode fazer de Alagoas um grande vendedor de sementes. Al\u00e9m disso, temos um consumo consider\u00e1vel de gr\u00e3os e ainda importamos cerca de 90% do que consumimos. Tudo isso mostra que h\u00e1 um grande espa\u00e7o para o crescimento\u201d, avalia.<\/p>\n<p class=\"leftText\">O presidente da Comiss\u00e3o de Gr\u00e3os na Seagri, Hibernon Cavalcante, ressalta que o crescimento da produ\u00e7\u00e3o em Alagoas tem chamado a aten\u00e7\u00e3o de produtores de outros estados. \u201cCome\u00e7amos com algumas centenas de hectares e hoje temos entre 6,5 mil e 7 mil ha tecnificados, ou seja, uma evolu\u00e7\u00e3o muito grande em cinco anos, que est\u00e1 causando curiosidade. Estamos recebendo solicita\u00e7\u00f5es de novas \u00e1reas para plantio, vindas do Rio Grande do Sul ao Maranh\u00e3o\u201d, diz.<\/p>\n<figure id=\"attachment_3260\" aria-describedby=\"caption-attachment-3260\" style=\"width: 1207px\" class=\"wp-caption aligncenter\"><img decoding=\"async\" class=\"wp-image-3260 size-full\" src=\"http:\/\/www.sistemafaeal.org.br\/senar\/wp-content\/uploads\/2019\/11\/WhatsApp-Image-2019-11-12-at-10.11.54-1-C\u00f3pia.jpeg\" alt=\"\" width=\"1207\" height=\"845\" srcset=\"https:\/\/www.sistemafaeal.org.br\/senar\/wp-content\/uploads\/2019\/11\/WhatsApp-Image-2019-11-12-at-10.11.54-1-C\u00f3pia.jpeg 1207w, https:\/\/www.sistemafaeal.org.br\/senar\/wp-content\/uploads\/2019\/11\/WhatsApp-Image-2019-11-12-at-10.11.54-1-C\u00f3pia-600x420.jpeg 600w, https:\/\/www.sistemafaeal.org.br\/senar\/wp-content\/uploads\/2019\/11\/WhatsApp-Image-2019-11-12-at-10.11.54-1-C\u00f3pia-300x210.jpeg 300w, https:\/\/www.sistemafaeal.org.br\/senar\/wp-content\/uploads\/2019\/11\/WhatsApp-Image-2019-11-12-at-10.11.54-1-C\u00f3pia-768x538.jpeg 768w, https:\/\/www.sistemafaeal.org.br\/senar\/wp-content\/uploads\/2019\/11\/WhatsApp-Image-2019-11-12-at-10.11.54-1-C\u00f3pia-1024x717.jpeg 1024w, https:\/\/www.sistemafaeal.org.br\/senar\/wp-content\/uploads\/2019\/11\/WhatsApp-Image-2019-11-12-at-10.11.54-1-C\u00f3pia-100x70.jpeg 100w, https:\/\/www.sistemafaeal.org.br\/senar\/wp-content\/uploads\/2019\/11\/WhatsApp-Image-2019-11-12-at-10.11.54-1-C\u00f3pia-696x487.jpeg 696w, https:\/\/www.sistemafaeal.org.br\/senar\/wp-content\/uploads\/2019\/11\/WhatsApp-Image-2019-11-12-at-10.11.54-1-C\u00f3pia-1068x748.jpeg 1068w\" sizes=\"(max-width: 1207px) 100vw, 1207px\" \/><figcaption id=\"caption-attachment-3260\" class=\"wp-caption-text\">\u00c1lvaro Almeida: &#8220;Seremos um dos maiores produtores de gr\u00e3os do Nordeste&#8221;<\/figcaption><\/figure>\n<p class=\"leftText\">\u201cN\u00f3s temos um solo perfeito, o incentivo do Governo do Estado para que possamos exercitar a produ\u00e7\u00e3o de gr\u00e3os, considerada t\u00e3o muito importante para o produtor e o Estado de Alagoas, pois ocupa \u00e1reas ociosas, gera emprego e renda. N\u00e3o tenho d\u00favidas de que, em breve, Alagoas ser\u00e1 um dos maiores produtores e gr\u00e3os do Nordeste brasileiro\u201d, vislumbra o presidente da Federa\u00e7\u00e3o da Agricultura, \u00c1lvaro Almeida.<\/p>\n<p class=\"leftText\">O produtor alagoano Everaldo Ten\u00f3rio foi o primeiro no Nordeste a vender soja para outros estados. Na sua avalia\u00e7\u00e3o, o investimento na produ\u00e7\u00e3o do gr\u00e3o foi assertivo. \u201cO Nordeste tem uma defici\u00eancia muito grande de prote\u00edna e hoje eu forne\u00e7o para a regi\u00e3o, tudo isso porque passei a trabalhar com uma nova cultura, que tamb\u00e9m ajudou a melhorar a produtividade da cana e garantiu aumento de renda\u201d, avalia.<\/p>\n<p class=\"leftText\"><strong>De olho no mundo<\/strong><\/p>\n<p class=\"leftText\">O superintendente regional do Minist\u00e9rio da Agricultura, Pecu\u00e1ria e Abastecimento (Mapa), Alay Correia, destaca a import\u00e2ncia do incentivo \u00e0 produ\u00e7\u00e3o de gr\u00e3os, sobretudo, pelo potencial do Brasil no cen\u00e1rio internacional. Uma proje\u00e7\u00e3o da produ\u00e7\u00e3o de alimentos para 2026\/2027 aponta que o pa\u00eds tem 41% de possibilidade de crescimento, percentual muito acima do previsto para a China (15%); Uni\u00e3o Europeia (12%); Estados Unidos (10%), Canad\u00e1 (9%) e R\u00fassia (7%).<\/p>\n<p class=\"leftText\">\u201cO Brasil ser\u00e1 o pa\u00eds com mais chances de ocupar o mercado internacional. Enquanto outras na\u00e7\u00f5es j\u00e1 esgotaram sua capacidade de produ\u00e7\u00e3o, n\u00f3s temos tecnologia, territ\u00f3rio, todas as condi\u00e7\u00f5es de produzir alimento para o mundo. Portanto, n\u00e3o h\u00e1 nada melhor do que assegurar que todo o setor produtivo de Alagoas seja orientado para a produ\u00e7\u00e3o de gr\u00e3os\u201d, afirma Correia.<\/p>\n<p><a href=\"https:\/\/flickr.com\/photos\/80601347@N04\/sets\/72157711758010236\/with\/49057411386\/\">Clique aqui<\/a> e confira outras fotos do semin\u00e1rio.<\/p>\n","protected":false},"excerpt":{"rendered":"<p>Produtores alagoanos e de outros estados participam, nos dias 12 e 13, do Semin\u00e1rio de Produ\u00e7\u00e3o de Gr\u00e3os 2019. Promovido pela Federa\u00e7\u00e3o da Agricultura e Pecu\u00e1ria do Estado de Alagoas (Faeal), Sebrae Alagoas, Servi\u00e7o Nacional de Aprendizagem Rural (Senar), Embrapa e Secretaria de Estado da Agricultura, Pesca e Aquicultura (Seagri), o evento re\u00fane especialistas de [&hellip;]<\/p>\n","protected":false},"author":7,"featured_media":3269,"comment_status":"open","ping_status":"open","sticky":false,"template":"","format":"standard","meta":{"footnotes":""},"categories":[5],"tags":[],"class_list":["post-3258","post","type-post","status-publish","format-standard","has-post-thumbnail","hentry","category-noticias"],"_links":{"self":[{"href":"https:\/\/www.sistemafaeal.org.br\/senar\/wp-json\/wp\/v2\/posts\/3258","targetHints":{"allow":["GET"]}}],"collection":[{"href":"https:\/\/www.sistemafaeal.org.br\/senar\/wp-json\/wp\/v2\/posts"}],"about":[{"href":"https:\/\/www.sistemafaeal.org.br\/senar\/wp-json\/wp\/v2\/types\/post"}],"author":[{"embeddable":true,"href":"https:\/\/www.sistemafaeal.org.br\/senar\/wp-json\/wp\/v2\/users\/7"}],"replies":[{"embeddable":true,"href":"https:\/\/www.sistemafaeal.org.br\/senar\/wp-json\/wp\/v2\/comments?post=3258"}],"version-history":[{"count":0,"href":"https:\/\/www.sistemafaeal.org.br\/senar\/wp-json\/wp\/v2\/posts\/3258\/revisions"}],"wp:featuredmedia":[{"embeddable":true,"href":"https:\/\/www.sistemafaeal.org.br\/senar\/wp-json\/wp\/v2\/media\/3269"}],"wp:attachment":[{"href":"https:\/\/www.sistemafaeal.org.br\/senar\/wp-json\/wp\/v2\/media?parent=3258"}],"wp:term":[{"taxonomy":"category","embeddable":true,"href":"https:\/\/www.sistemafaeal.org.br\/senar\/wp-json\/wp\/v2\/categories?post=3258"},{"taxonomy":"post_tag","embeddable":true,"href":"https:\/\/www.sistemafaeal.org.br\/senar\/wp-json\/wp\/v2\/tags?post=3258"}],"curies":[{"name":"wp","href":"https:\/\/api.w.org\/{rel}","templated":true}]}}