{"id":3272,"date":"2019-11-13T10:01:02","date_gmt":"2019-11-13T13:01:02","guid":{"rendered":"http:\/\/www.sistemafaeal.org.br\/senar\/?p=3272"},"modified":"2019-11-13T10:01:02","modified_gmt":"2019-11-13T13:01:02","slug":"mapa-e-programa-estadual-de-construcao-de-barragens-subterraneas-devem-ser-lancados-em-dezembro","status":"publish","type":"post","link":"https:\/\/www.sistemafaeal.org.br\/senar\/mapa-e-programa-estadual-de-construcao-de-barragens-subterraneas-devem-ser-lancados-em-dezembro\/","title":{"rendered":"Mapa e Programa Estadual de Constru\u00e7\u00e3o de Barragens Subterr\u00e2neas devem ser lan\u00e7ados em dezembro"},"content":{"rendered":"<figure id=\"attachment_3278\" aria-describedby=\"caption-attachment-3278\" style=\"width: 1280px\" class=\"wp-caption aligncenter\"><img fetchpriority=\"high\" decoding=\"async\" class=\"size-full wp-image-3278\" src=\"http:\/\/www.sistemafaeal.org.br\/senar\/wp-content\/uploads\/2019\/11\/PSX_20191113_095104.jpg\" alt=\"\" width=\"1280\" height=\"853\" srcset=\"https:\/\/www.sistemafaeal.org.br\/senar\/wp-content\/uploads\/2019\/11\/PSX_20191113_095104.jpg 1280w, https:\/\/www.sistemafaeal.org.br\/senar\/wp-content\/uploads\/2019\/11\/PSX_20191113_095104-600x400.jpg 600w, https:\/\/www.sistemafaeal.org.br\/senar\/wp-content\/uploads\/2019\/11\/PSX_20191113_095104-300x200.jpg 300w, https:\/\/www.sistemafaeal.org.br\/senar\/wp-content\/uploads\/2019\/11\/PSX_20191113_095104-768x512.jpg 768w, https:\/\/www.sistemafaeal.org.br\/senar\/wp-content\/uploads\/2019\/11\/PSX_20191113_095104-1024x682.jpg 1024w, https:\/\/www.sistemafaeal.org.br\/senar\/wp-content\/uploads\/2019\/11\/PSX_20191113_095104-696x464.jpg 696w, https:\/\/www.sistemafaeal.org.br\/senar\/wp-content\/uploads\/2019\/11\/PSX_20191113_095104-1068x712.jpg 1068w, https:\/\/www.sistemafaeal.org.br\/senar\/wp-content\/uploads\/2019\/11\/PSX_20191113_095104-630x420.jpg 630w\" sizes=\"(max-width: 1280px) 100vw, 1280px\" \/><figcaption id=\"caption-attachment-3278\" class=\"wp-caption-text\">Representantes de institui\u00e7\u00f5es se re\u00fanem para definir detalhes do lan\u00e7amento<\/figcaption><\/figure>\n<p>O\u00a0Programa Estadual de Constru\u00e7\u00e3o de Barragens Subterr\u00e2neas j\u00e1 est\u00e1 pronto e deve ser colocado em pr\u00e1tica no primeiro semestre de 2020. Este programa ser\u00e1 implementado com base no mapa de \u00e1reas potenciais \u00e0 constru\u00e7\u00e3o de barragens subterr\u00e2nea, resultado do Projeto Zonbarragem, conduzido pela Embrapa Solos e Embrapa Semi\u00e1rido, Asa Brasil, Governo do Estado e parceiros, com o apoio da Federa\u00e7\u00e3o da Agricultura e Pecu\u00e1ria (Faeal). A solenidade de lan\u00e7amento do mapa e do programa est\u00e1 prevista para o pr\u00f3ximo m\u00eas.<\/p>\n<p>Segundo o secret\u00e1rio executivo de Gest\u00e3o Interna da Secretaria de Estado do Meio Ambiente e Recursos H\u00eddricos, Alex Gama de Santana, o investimento inicial no programa ser\u00e1 de R$500 mil para a constru\u00e7\u00e3o de 50 barragens subterr\u00e2neas. \u201cA Semarh tem muitos programas, como os de perfura\u00e7\u00e3o de po\u00e7os, dessaliniza\u00e7\u00e3o, infraestrutura h\u00eddrica, conserva\u00e7\u00e3o de mananciais e o \u00c1gua para Todos, os recursos s\u00e3o limitados, mas n\u00f3s n\u00e3o poder\u00edamos deixar de investir nas barragens. A nossa ideia \u00e9 buscar recursos junto ao Governo Federal para ampliar o programa\u201d, ressalta.<\/p>\n<p>O Programa Estadual de Constru\u00e7\u00e3o de Barragens Subterr\u00e2neas tem como base, al\u00e9m do ZonBarragem, o projeto-piloto desenvolvido pelo Servi\u00e7o Nacional de Aprendizagem Rural \u2013 Senar Alagoas \u2013 em parceria com o Sebrae AL. A barragem constru\u00edda no munic\u00edpio de S\u00e3o Jos\u00e9 da Tapera tem capacidade para garantir \u00e1gua o ano inteiro, para cinco fam\u00edlias.<\/p>\n<p>\u201cFoi a partir dessa experi\u00eancia e do ZonBarragem que n\u00f3s decidimos mobilizar diversas institui\u00e7\u00f5es e contamos com o apoio da deputada estadual F\u00e1tima Canuto, que promoveu uma audi\u00eancia p\u00fablica para discutir a cria\u00e7\u00e3o deste grande programa, capitaneado pelo Estado, com o objetivo de beneficiar milhares de agricultores familiares, gerando renda, emprego e desenvolvimento para o nosso semi\u00e1rido\u201d, relembra o presidente da Faeal, \u00c1lvaro Almeida.<\/p>\n<p>\u201cEssa \u00e9 uma iniciativa important\u00edssima para Alagoas. No projeto-piloto que fizemos em parceria com o Senar, pudemos perceber como \u00e9 importante implantar esse programa de barragens subterr\u00e2neas e o impacto que ele pode trazer para a agricultura familiar. N\u00e3o h\u00e1 d\u00favida de que teremos um avan\u00e7o muito grande na estrutura\u00e7\u00e3o e fornecimento de \u00e1gua para essa popula\u00e7\u00e3o\u201d, afirma Ronaldo Moraes, diretor t\u00e9cnico do Sebrae em Alagoas.<\/p>\n<p>Para escolher os locais onde as barragens ser\u00e3o constru\u00eddas, o programa utilizar\u00e1 o zoneamento de \u00e1reas prop\u00edcias realizado por pesquisadores da Embrapa e parceiros. In\u00e9dito no semi\u00e1rido brasileiro, o estudo chegou a ser interrompido ap\u00f3s um corte de recursos financeiros do Governo Federal. Foi quando a Faeal entrou no circuito e provocou o Sebrae Alagoas, que, por sua vez, decidiu apoiar a conclus\u00e3o da pesquisa.<\/p>\n<p>\u201cO Mapa est\u00e1 sendo finalizado, foi dividido em sete microrregi\u00f5es e sua valida\u00e7\u00e3o em campo est\u00e1 sendo conclu\u00edda at\u00e9 o final deste m\u00eas, na microrregi\u00e3o de Batalha. Em seguida, voltaremos para o laborat\u00f3rio e finalizaremos o mapa, para que seja lan\u00e7ado juntamente com o programa de constru\u00e7\u00e3o de barragens subterr\u00e2neas, previsto para dezembro\u201d, pontua a pesquisadora da Embrapa Solos, Sonia Lopes.<\/p>\n<p>&#8220;A barragem subterr\u00e2nea \u00e9 uma tecnologia social h\u00eddrica de estoque de \u00e1gua para conviv\u00eancia com o semi\u00e1rido que tem tirado muitas fam\u00edlias da linha da pobreza, gerando alimentos e dignidade para o povo da regi\u00e3o&#8221;, destaca o coordenador estadual da Asa Brasil, Julio C\u00e9sar Dias.<\/p>\n","protected":false},"excerpt":{"rendered":"<p>O\u00a0Programa Estadual de Constru\u00e7\u00e3o de Barragens Subterr\u00e2neas j\u00e1 est\u00e1 pronto e deve ser colocado em pr\u00e1tica no primeiro semestre de 2020. Este programa ser\u00e1 implementado com base no mapa de \u00e1reas potenciais \u00e0 constru\u00e7\u00e3o de barragens subterr\u00e2nea, resultado do Projeto Zonbarragem, conduzido pela Embrapa Solos e Embrapa Semi\u00e1rido, Asa Brasil, Governo do Estado e parceiros, [&hellip;]<\/p>\n","protected":false},"author":7,"featured_media":3278,"comment_status":"open","ping_status":"open","sticky":false,"template":"","format":"standard","meta":{"footnotes":""},"categories":[5],"tags":[],"class_list":["post-3272","post","type-post","status-publish","format-standard","has-post-thumbnail","hentry","category-noticias"],"_links":{"self":[{"href":"https:\/\/www.sistemafaeal.org.br\/senar\/wp-json\/wp\/v2\/posts\/3272","targetHints":{"allow":["GET"]}}],"collection":[{"href":"https:\/\/www.sistemafaeal.org.br\/senar\/wp-json\/wp\/v2\/posts"}],"about":[{"href":"https:\/\/www.sistemafaeal.org.br\/senar\/wp-json\/wp\/v2\/types\/post"}],"author":[{"embeddable":true,"href":"https:\/\/www.sistemafaeal.org.br\/senar\/wp-json\/wp\/v2\/users\/7"}],"replies":[{"embeddable":true,"href":"https:\/\/www.sistemafaeal.org.br\/senar\/wp-json\/wp\/v2\/comments?post=3272"}],"version-history":[{"count":0,"href":"https:\/\/www.sistemafaeal.org.br\/senar\/wp-json\/wp\/v2\/posts\/3272\/revisions"}],"wp:featuredmedia":[{"embeddable":true,"href":"https:\/\/www.sistemafaeal.org.br\/senar\/wp-json\/wp\/v2\/media\/3278"}],"wp:attachment":[{"href":"https:\/\/www.sistemafaeal.org.br\/senar\/wp-json\/wp\/v2\/media?parent=3272"}],"wp:term":[{"taxonomy":"category","embeddable":true,"href":"https:\/\/www.sistemafaeal.org.br\/senar\/wp-json\/wp\/v2\/categories?post=3272"},{"taxonomy":"post_tag","embeddable":true,"href":"https:\/\/www.sistemafaeal.org.br\/senar\/wp-json\/wp\/v2\/tags?post=3272"}],"curies":[{"name":"wp","href":"https:\/\/api.w.org\/{rel}","templated":true}]}}