{"id":3281,"date":"2019-11-14T10:05:02","date_gmt":"2019-11-14T13:05:02","guid":{"rendered":"http:\/\/www.sistemafaeal.org.br\/senar\/?p=3281"},"modified":"2019-11-14T10:39:01","modified_gmt":"2019-11-14T13:39:01","slug":"senar-e-anater-lancam-projeto-prospera-semiarido-para-atender-17-mil-produtores-em-10-estados","status":"publish","type":"post","link":"https:\/\/www.sistemafaeal.org.br\/senar\/senar-e-anater-lancam-projeto-prospera-semiarido-para-atender-17-mil-produtores-em-10-estados\/","title":{"rendered":"Senar e Anater lan\u00e7am projeto Prospera Semi\u00e1rido para atender 17 mil produtores em 10 estados"},"content":{"rendered":"<figure id=\"attachment_3282\" aria-describedby=\"caption-attachment-3282\" style=\"width: 700px\" class=\"wp-caption aligncenter\"><img fetchpriority=\"high\" decoding=\"async\" class=\"wp-image-3282 size-full\" src=\"http:\/\/www.sistemafaeal.org.br\/senar\/wp-content\/uploads\/2019\/11\/IMG_5397.jpg\" alt=\"\" width=\"700\" height=\"467\" srcset=\"https:\/\/www.sistemafaeal.org.br\/senar\/wp-content\/uploads\/2019\/11\/IMG_5397.jpg 700w, https:\/\/www.sistemafaeal.org.br\/senar\/wp-content\/uploads\/2019\/11\/IMG_5397-600x400.jpg 600w, https:\/\/www.sistemafaeal.org.br\/senar\/wp-content\/uploads\/2019\/11\/IMG_5397-300x200.jpg 300w, https:\/\/www.sistemafaeal.org.br\/senar\/wp-content\/uploads\/2019\/11\/IMG_5397-696x464.jpg 696w, https:\/\/www.sistemafaeal.org.br\/senar\/wp-content\/uploads\/2019\/11\/IMG_5397-630x420.jpg 630w\" sizes=\"(max-width: 700px) 100vw, 700px\" \/><figcaption id=\"caption-attachment-3282\" class=\"wp-caption-text\">Presidente da CNA, Jo\u00e3o Martins, e a ministra da Agricultura, Tereza Cristina, assinam conv\u00eanio<\/figcaption><\/figure>\n<p><strong>Bras\u00edlia (13\/11\/2019)<\/strong>\u00a0\u2013 O Servi\u00e7o Nacional de Aprendizagem Rural (Senar) e a Ag\u00eancia Nacional de Assist\u00eancia T\u00e9cnica e Extens\u00e3o Rural (Anater) lan\u00e7aram o projeto Prospera Agropecu\u00e1ria Semi\u00e1rido, na quarta (13), em Bras\u00edlia.<\/p>\n<p>A assinatura do conv\u00eanio contou com a presen\u00e7a do presidente do Sistema CNA\/Senar, Jo\u00e3o Martins, da ministra da Agricultura, Tereza Cristina, do diretor-geral do Senar, Daniel Carrara, do presidente da Anater, Ademar Silva Junior, de autoridades, convidados e integrantes do Sistema CNA\/Senar.<\/p>\n<p>\u201cIsso \u00e9 a concretiza\u00e7\u00e3o de um sonho, levarmos tecnologia com assist\u00eancia t\u00e9cnica ao meio rural nordestino. Temos milh\u00f5es de pessoas que vivem na regi\u00e3o e precisamos dar a essas pessoas conhecimento para que possam ser competitivas. Hoje \u00e9 o marco inicial de uma grande mudan\u00e7a do meio rural nordestino\u201d, afirmou o presidente da CNA e do Conselho Deliberativo do Senar, Jo\u00e3o Martins.<\/p>\n<p>O projeto pretende aumentar a cobertura de assist\u00eancia t\u00e9cnica rural, promover e fortalecer as organiza\u00e7\u00f5es de produtores rurais, desenvolver e agregar valor \u00e0 produ\u00e7\u00e3o agropecu\u00e1ria sustent\u00e1vel da regi\u00e3o semi\u00e1rida. Os objetivos est\u00e3o alinhados com o Programa AgroNordeste, lan\u00e7ado recentemente pelo Minist\u00e9rio da Agricultura, Pecu\u00e1ria e Abastecimento (Mapa).<\/p>\n<p>&#8220;Sem assist\u00eancia t\u00e9cnica n\u00e3o vamos mudar a agricultura brasileira. \u00c9 um orgulho ter hoje a Anater no Minist\u00e9rio da Agricultura para, junto com o Senar, fazermos a boa assist\u00eancia t\u00e9cnica. Temos que trabalhar em conjunto porque precisamos dar resultados e renda para esses agricultores que est\u00e3o l\u00e1 esperando, com esperan\u00e7a, esse nosso programa\u201d, afirmou a ministra Tereza Cristina. \u201cN\u00f3s conhecemos o trabalho do Senar na assist\u00eancia t\u00e9cnica que realmente d\u00e1 resultado.\u201d<\/p>\n<p>&#8220;Com esses resultados, queremos mostrar ao governo federal que com a assist\u00eancia t\u00e9cnica vamos ter pessoas saindo da linha da pobreza no meio rural, produzindo, gerando riqueza e tendo est\u00edmulo para melhorar cada vez mais\u201d, frisou Tereza Cristina.<\/p>\n<p>\u201cEstamos assinando o primeiro ato conjunto com a Anater. Com essa parceria, iremos para dentro da propriedade come\u00e7ar uma a\u00e7\u00e3o revolucion\u00e1ria de transforma\u00e7\u00e3o de vidas no meio rural nordestino\u201d, afirmou o diretor-geral do Senar, Daniel Carrara.<\/p>\n<p>Ao todo, est\u00e3o previstos mais de R$ 120 milh\u00f5es em recursos para a execu\u00e7\u00e3o do Prospera Agropecu\u00e1ria Semi\u00e1rido. As a\u00e7\u00f5es ser\u00e3o direcionadas para pequenos e m\u00e9dios produtores rurais.<\/p>\n<p>\u201cSe considerarmos que em cada propriedade h\u00e1 uma m\u00e9dia de seis pessoas, estaremos impactando diretamente e mudando a vida de 100 mil pessoas ao custo de R$ 1.200 em dois anos\u201d, ressaltou Carrara, e finalizou. \u201cO ideal \u00e9 plantar essa semente no Semi\u00e1rido, fazer o produtor rural saber que \u00e9 necess\u00e1rio conhecer sua propriedade com n\u00fameros para tomar as decis\u00f5es corretas que tragam renda.\u201d<\/p>\n<p>O presidente da Anater, Ademar da Silva Jr., destacou que a parceria trar\u00e1 conhecimento para a assist\u00eancia t\u00e9cnica desenvolvida pela ag\u00eancia porque o Senar tem know-how na \u00e1rea, al\u00e9m do diferencial que \u00e9 a gest\u00e3o da propriedade rural.<\/p>\n<p>&#8220;\u00c9 um orgulho assinar esse conv\u00eanio com o Senar porque a gente sabe que rapidamente os resultados v\u00e3o aparecer e, mais do que fazer um trabalho conjunto, \u00e9 levar desenvolvimento para uma regi\u00e3o t\u00e3o carente como o Nordeste\u201d, disse.<\/p>\n<p>Segundo o presidente da Anater, \u00e9 preciso levar \u201ctecnologia e conhecimento para que esses pequenos e m\u00e9dios e produtores do Nordeste possam produzir com escala para sobreviv\u00eancia, mas tamb\u00e9m para atender o mercado em geral.&#8221;<\/p>\n<p><strong>O projeto<\/strong>\u00a0&#8211; Entre as metas do Prospera Semi\u00e1rido est\u00e3o atender 17.144 produtores de 10 estados da regi\u00e3o: Alagoas, Bahia, Cear\u00e1, Maranh\u00e3o, Minas Gerais, Para\u00edba, Pernambuco, Piau\u00ed, Rio Grande do Norte e Sergipe.<\/p>\n<p>Al\u00e9m disso, o projeto prev\u00ea a implanta\u00e7\u00e3o de controles gerenciais em 100% das propriedades atendidas; apoiar o empreendedorismo, inova\u00e7\u00e3o e implanta\u00e7\u00e3o de tecnologias de gest\u00e3o, produ\u00e7\u00e3o e boas pr\u00e1ticas agropecu\u00e1rias e promover o aumento de produtividade e lucratividade das propriedades rurais atendidas.<\/p>\n<p><em>Assessoria de Comunica\u00e7\u00e3o CNA<br \/>\nFoto: Wenderson Araujo<br \/>\nTelefone: (61) 2109-1419<br \/>\nflickr.com\/photos\/canaldoprodutor<br \/>\ncnabrasil.org.br<br \/>\ntwitter.com\/SistemaCNA<br \/>\nfacebook.com\/SistemaCNA<br \/>\ninstagram.com\/SistemaCNA<br \/>\nfacebook.com\/SENARBrasil<\/em><\/p>\n","protected":false},"excerpt":{"rendered":"<p>Bras\u00edlia (13\/11\/2019)\u00a0\u2013 O Servi\u00e7o Nacional de Aprendizagem Rural (Senar) e a Ag\u00eancia Nacional de Assist\u00eancia T\u00e9cnica e Extens\u00e3o Rural (Anater) lan\u00e7aram o projeto Prospera Agropecu\u00e1ria Semi\u00e1rido, na quarta (13), em Bras\u00edlia. A assinatura do conv\u00eanio contou com a presen\u00e7a do presidente do Sistema CNA\/Senar, Jo\u00e3o Martins, da ministra da Agricultura, Tereza Cristina, do diretor-geral do [&hellip;]<\/p>\n","protected":false},"author":7,"featured_media":3282,"comment_status":"open","ping_status":"open","sticky":false,"template":"","format":"standard","meta":{"footnotes":""},"categories":[5],"tags":[],"class_list":["post-3281","post","type-post","status-publish","format-standard","has-post-thumbnail","hentry","category-noticias"],"_links":{"self":[{"href":"https:\/\/www.sistemafaeal.org.br\/senar\/wp-json\/wp\/v2\/posts\/3281","targetHints":{"allow":["GET"]}}],"collection":[{"href":"https:\/\/www.sistemafaeal.org.br\/senar\/wp-json\/wp\/v2\/posts"}],"about":[{"href":"https:\/\/www.sistemafaeal.org.br\/senar\/wp-json\/wp\/v2\/types\/post"}],"author":[{"embeddable":true,"href":"https:\/\/www.sistemafaeal.org.br\/senar\/wp-json\/wp\/v2\/users\/7"}],"replies":[{"embeddable":true,"href":"https:\/\/www.sistemafaeal.org.br\/senar\/wp-json\/wp\/v2\/comments?post=3281"}],"version-history":[{"count":0,"href":"https:\/\/www.sistemafaeal.org.br\/senar\/wp-json\/wp\/v2\/posts\/3281\/revisions"}],"wp:featuredmedia":[{"embeddable":true,"href":"https:\/\/www.sistemafaeal.org.br\/senar\/wp-json\/wp\/v2\/media\/3282"}],"wp:attachment":[{"href":"https:\/\/www.sistemafaeal.org.br\/senar\/wp-json\/wp\/v2\/media?parent=3281"}],"wp:term":[{"taxonomy":"category","embeddable":true,"href":"https:\/\/www.sistemafaeal.org.br\/senar\/wp-json\/wp\/v2\/categories?post=3281"},{"taxonomy":"post_tag","embeddable":true,"href":"https:\/\/www.sistemafaeal.org.br\/senar\/wp-json\/wp\/v2\/tags?post=3281"}],"curies":[{"name":"wp","href":"https:\/\/api.w.org\/{rel}","templated":true}]}}