{"id":3284,"date":"2019-11-18T10:35:20","date_gmt":"2019-11-18T13:35:20","guid":{"rendered":"http:\/\/www.sistemafaeal.org.br\/senar\/?p=3284"},"modified":"2019-11-18T10:44:51","modified_gmt":"2019-11-18T13:44:51","slug":"assistencia-tecnica-do-senar-da-bons-resultados-em-santana-do-mundau","status":"publish","type":"post","link":"https:\/\/www.sistemafaeal.org.br\/senar\/assistencia-tecnica-do-senar-da-bons-resultados-em-santana-do-mundau\/","title":{"rendered":"Assist\u00eancia t\u00e9cnica do Senar d\u00e1 bons resultados em Santana do Munda\u00fa"},"content":{"rendered":"<p><img fetchpriority=\"high\" decoding=\"async\" class=\"wp-image-3285 size-medium alignright\" src=\"http:\/\/www.sistemafaeal.org.br\/senar\/wp-content\/uploads\/2019\/11\/WhatsApp-Image-2019-11-14-at-14.43.45-225x300.jpeg\" alt=\"\" width=\"225\" height=\"300\" srcset=\"https:\/\/www.sistemafaeal.org.br\/senar\/wp-content\/uploads\/2019\/11\/WhatsApp-Image-2019-11-14-at-14.43.45-225x300.jpeg 225w, https:\/\/www.sistemafaeal.org.br\/senar\/wp-content\/uploads\/2019\/11\/WhatsApp-Image-2019-11-14-at-14.43.45-600x800.jpeg 600w, https:\/\/www.sistemafaeal.org.br\/senar\/wp-content\/uploads\/2019\/11\/WhatsApp-Image-2019-11-14-at-14.43.45-768x1024.jpeg 768w, https:\/\/www.sistemafaeal.org.br\/senar\/wp-content\/uploads\/2019\/11\/WhatsApp-Image-2019-11-14-at-14.43.45-696x928.jpeg 696w, https:\/\/www.sistemafaeal.org.br\/senar\/wp-content\/uploads\/2019\/11\/WhatsApp-Image-2019-11-14-at-14.43.45-315x420.jpeg 315w, https:\/\/www.sistemafaeal.org.br\/senar\/wp-content\/uploads\/2019\/11\/WhatsApp-Image-2019-11-14-at-14.43.45.jpeg 960w\" sizes=\"(max-width: 225px) 100vw, 225px\" \/>Produtores de laranja e banana do munic\u00edpio de Santana do Munda\u00fa v\u00eam sendo beneficiados pelo Frutec, projeto de assist\u00eancia t\u00e9cnica e gerencial realizado pelo Senar Alagoas em parceria com o Sebrae AL, por meio do Sebraetec.<\/p>\n<p>Na \u00faltima quarta-feira, 13, o coordenador t\u00e9cnico da ATeG no Senar Central, Eduardo Gomes, visitou duas propriedades rurais acompanhado de t\u00e9cnicos do Senar Alagoas. Assistidos pelo Senar e Sebrae desde outubro de 2017, os produtores Davi C\u00e9sar e Manuel Ferreira ressaltaram o interesse em formar um grupo para contratar definitivamente o t\u00e9cnico ap\u00f3s o t\u00e9rmino do projeto, previsto para junho de 2020.<\/p>\n<p>Em uma das propriedades, o t\u00e9cnico do Senar precisou colocar em pr\u00e1tica as t\u00e9cnicas de aproxima\u00e7\u00e3o para quebrar a desconfian\u00e7a do produtor. Na outra, o produtor aplica 100% das sugest\u00f5es do t\u00e9cnico. A diferen\u00e7a entre os dois pomares foi not\u00f3ria.<\/p>\n<p><img decoding=\"async\" class=\"alignright wp-image-3286 size-medium\" src=\"http:\/\/www.sistemafaeal.org.br\/senar\/wp-content\/uploads\/2019\/11\/WhatsApp-Image-2019-11-14-at-14.43.50-1-300x225.jpeg\" alt=\"\" width=\"300\" height=\"225\" srcset=\"https:\/\/www.sistemafaeal.org.br\/senar\/wp-content\/uploads\/2019\/11\/WhatsApp-Image-2019-11-14-at-14.43.50-1-300x225.jpeg 300w, https:\/\/www.sistemafaeal.org.br\/senar\/wp-content\/uploads\/2019\/11\/WhatsApp-Image-2019-11-14-at-14.43.50-1-600x450.jpeg 600w, https:\/\/www.sistemafaeal.org.br\/senar\/wp-content\/uploads\/2019\/11\/WhatsApp-Image-2019-11-14-at-14.43.50-1-768x576.jpeg 768w, https:\/\/www.sistemafaeal.org.br\/senar\/wp-content\/uploads\/2019\/11\/WhatsApp-Image-2019-11-14-at-14.43.50-1-1024x768.jpeg 1024w, https:\/\/www.sistemafaeal.org.br\/senar\/wp-content\/uploads\/2019\/11\/WhatsApp-Image-2019-11-14-at-14.43.50-1-80x60.jpeg 80w, https:\/\/www.sistemafaeal.org.br\/senar\/wp-content\/uploads\/2019\/11\/WhatsApp-Image-2019-11-14-at-14.43.50-1-265x198.jpeg 265w, https:\/\/www.sistemafaeal.org.br\/senar\/wp-content\/uploads\/2019\/11\/WhatsApp-Image-2019-11-14-at-14.43.50-1-696x522.jpeg 696w, https:\/\/www.sistemafaeal.org.br\/senar\/wp-content\/uploads\/2019\/11\/WhatsApp-Image-2019-11-14-at-14.43.50-1-1068x801.jpeg 1068w, https:\/\/www.sistemafaeal.org.br\/senar\/wp-content\/uploads\/2019\/11\/WhatsApp-Image-2019-11-14-at-14.43.50-1-560x420.jpeg 560w, https:\/\/www.sistemafaeal.org.br\/senar\/wp-content\/uploads\/2019\/11\/WhatsApp-Image-2019-11-14-at-14.43.50-1.jpeg 1280w\" sizes=\"(max-width: 300px) 100vw, 300px\" \/>&#8220;Na propriedade onde houve relut\u00e2ncia para adotar as medidas sugeridas, verificamos a presen\u00e7a da praga mais forte. Na outra propriedade, encontramos a laranja com uma presen\u00e7a de pragas em n\u00edvel de controle e a banana sem apresenta\u00e7\u00e3o de pragas e doen\u00e7as\u201d, relata Luana Torres, coordenadora de ATeG do Senar em Alagoas.<\/p>\n<p>Os bons resultados j\u00e1 foram pauta para o programa Gazeta Rural, da TV Gazeta, afiliada Rede Globo em Alagoas. <a href=\"https:\/\/globoplay.globo.com\/v\/7370230\/programa\/\">Clique aqui<\/a> e confira.<\/p>\n","protected":false},"excerpt":{"rendered":"<p>Produtores de laranja e banana do munic\u00edpio de Santana do Munda\u00fa v\u00eam sendo beneficiados pelo Frutec, projeto de assist\u00eancia t\u00e9cnica e gerencial realizado pelo Senar Alagoas em parceria com o Sebrae AL, por meio do Sebraetec. Na \u00faltima quarta-feira, 13, o coordenador t\u00e9cnico da ATeG no Senar Central, Eduardo Gomes, visitou duas propriedades rurais acompanhado [&hellip;]<\/p>\n","protected":false},"author":7,"featured_media":3287,"comment_status":"open","ping_status":"open","sticky":false,"template":"","format":"standard","meta":{"footnotes":""},"categories":[5],"tags":[],"class_list":["post-3284","post","type-post","status-publish","format-standard","has-post-thumbnail","hentry","category-noticias"],"_links":{"self":[{"href":"https:\/\/www.sistemafaeal.org.br\/senar\/wp-json\/wp\/v2\/posts\/3284","targetHints":{"allow":["GET"]}}],"collection":[{"href":"https:\/\/www.sistemafaeal.org.br\/senar\/wp-json\/wp\/v2\/posts"}],"about":[{"href":"https:\/\/www.sistemafaeal.org.br\/senar\/wp-json\/wp\/v2\/types\/post"}],"author":[{"embeddable":true,"href":"https:\/\/www.sistemafaeal.org.br\/senar\/wp-json\/wp\/v2\/users\/7"}],"replies":[{"embeddable":true,"href":"https:\/\/www.sistemafaeal.org.br\/senar\/wp-json\/wp\/v2\/comments?post=3284"}],"version-history":[{"count":0,"href":"https:\/\/www.sistemafaeal.org.br\/senar\/wp-json\/wp\/v2\/posts\/3284\/revisions"}],"wp:featuredmedia":[{"embeddable":true,"href":"https:\/\/www.sistemafaeal.org.br\/senar\/wp-json\/wp\/v2\/media\/3287"}],"wp:attachment":[{"href":"https:\/\/www.sistemafaeal.org.br\/senar\/wp-json\/wp\/v2\/media?parent=3284"}],"wp:term":[{"taxonomy":"category","embeddable":true,"href":"https:\/\/www.sistemafaeal.org.br\/senar\/wp-json\/wp\/v2\/categories?post=3284"},{"taxonomy":"post_tag","embeddable":true,"href":"https:\/\/www.sistemafaeal.org.br\/senar\/wp-json\/wp\/v2\/tags?post=3284"}],"curies":[{"name":"wp","href":"https:\/\/api.w.org\/{rel}","templated":true}]}}