{"id":3291,"date":"2019-11-20T11:36:15","date_gmt":"2019-11-20T14:36:15","guid":{"rendered":"http:\/\/www.sistemafaeal.org.br\/senar\/?p=3291"},"modified":"2019-11-20T11:36:15","modified_gmt":"2019-11-20T14:36:15","slug":"presidentes-da-faeal-e-fecomercio-reiteram-parceria","status":"publish","type":"post","link":"https:\/\/www.sistemafaeal.org.br\/senar\/presidentes-da-faeal-e-fecomercio-reiteram-parceria\/","title":{"rendered":"Presidentes da Faeal e Fecom\u00e9rcio reiteram parceria"},"content":{"rendered":"<p><img fetchpriority=\"high\" decoding=\"async\" class=\"alignright size-full wp-image-3292\" src=\"http:\/\/www.sistemafaeal.org.br\/senar\/wp-content\/uploads\/2019\/11\/visitafecom1.jpg\" alt=\"\" width=\"5120\" height=\"3344\" \/>Na \u00faltima ter\u00e7a-feira, 18, o novo presidente do Sistema Fecom\u00e9rcio em Alagoas, Gilton Lima, visitou o presidente da Federa\u00e7\u00e3o da Agricultura e Pecu\u00e1ria do Estado de Alagoas, \u00c1lvaro Almeida. A visita \u00e0 sede da Faeal teve o objetivo de reiterar a parceria entre as duas institui\u00e7\u00f5es para o desenvolvimento do setor produtivo alagoano.<\/p>\n<p>\u201cQueremos dar continuidade a essa parceria e, no que depender de n\u00f3s, estamos abertos para aprimor\u00e1-la. Entendemos que as tr\u00eas casas \u2013 Fecom\u00e9rcio, Fiea e Faeal \u2013 precisam andar juntas em todos os sentidos. O com\u00e9rcio n\u00e3o vive sem a ind\u00fastria e n\u00f3s n\u00e3o vivemos sem a agricultura\u201d, destacou Gilton Lima.<\/p>\n<p>\u00c1lvaro Almeida ressaltou a satisfa\u00e7\u00e3o em receber o novo presidente da Fecom\u00e9rcio. \u201cAs institui\u00e7\u00f5es sempre tiveram um relacionamento muito pr\u00f3ximo e respeitoso, em prol do desenvolvimento do nosso segmento, que \u00e9 quem gera empregos e renda para o Estado de Alagoas. Entendemos que esta parceria continua e desejamos sucesso ao Gilton Lima \u00e0 frente da Federa\u00e7\u00e3o do Com\u00e9rcio\u201d, afirmou o presidente da Faeal.<\/p>\n","protected":false},"excerpt":{"rendered":"<p>Na \u00faltima ter\u00e7a-feira, 18, o novo presidente do Sistema Fecom\u00e9rcio em Alagoas, Gilton Lima, visitou o presidente da Federa\u00e7\u00e3o da Agricultura e Pecu\u00e1ria do Estado de Alagoas, \u00c1lvaro Almeida. A visita \u00e0 sede da Faeal teve o objetivo de reiterar a parceria entre as duas institui\u00e7\u00f5es para o desenvolvimento do setor produtivo alagoano. \u201cQueremos dar [&hellip;]<\/p>\n","protected":false},"author":7,"featured_media":3292,"comment_status":"open","ping_status":"open","sticky":false,"template":"","format":"standard","meta":{"footnotes":""},"categories":[5],"tags":[],"class_list":["post-3291","post","type-post","status-publish","format-standard","has-post-thumbnail","hentry","category-noticias"],"_links":{"self":[{"href":"https:\/\/www.sistemafaeal.org.br\/senar\/wp-json\/wp\/v2\/posts\/3291","targetHints":{"allow":["GET"]}}],"collection":[{"href":"https:\/\/www.sistemafaeal.org.br\/senar\/wp-json\/wp\/v2\/posts"}],"about":[{"href":"https:\/\/www.sistemafaeal.org.br\/senar\/wp-json\/wp\/v2\/types\/post"}],"author":[{"embeddable":true,"href":"https:\/\/www.sistemafaeal.org.br\/senar\/wp-json\/wp\/v2\/users\/7"}],"replies":[{"embeddable":true,"href":"https:\/\/www.sistemafaeal.org.br\/senar\/wp-json\/wp\/v2\/comments?post=3291"}],"version-history":[{"count":0,"href":"https:\/\/www.sistemafaeal.org.br\/senar\/wp-json\/wp\/v2\/posts\/3291\/revisions"}],"wp:featuredmedia":[{"embeddable":true,"href":"https:\/\/www.sistemafaeal.org.br\/senar\/wp-json\/wp\/v2\/media\/3292"}],"wp:attachment":[{"href":"https:\/\/www.sistemafaeal.org.br\/senar\/wp-json\/wp\/v2\/media?parent=3291"}],"wp:term":[{"taxonomy":"category","embeddable":true,"href":"https:\/\/www.sistemafaeal.org.br\/senar\/wp-json\/wp\/v2\/categories?post=3291"},{"taxonomy":"post_tag","embeddable":true,"href":"https:\/\/www.sistemafaeal.org.br\/senar\/wp-json\/wp\/v2\/tags?post=3291"}],"curies":[{"name":"wp","href":"https:\/\/api.w.org\/{rel}","templated":true}]}}