{"id":3296,"date":"2019-11-21T13:01:16","date_gmt":"2019-11-21T16:01:16","guid":{"rendered":"http:\/\/www.sistemafaeal.org.br\/senar\/?p=3296"},"modified":"2019-11-21T13:33:56","modified_gmt":"2019-11-21T16:33:56","slug":"audiencia-coletiva-sobre-aprendizagem-profissional-acontece-no-proximo-dia-4","status":"publish","type":"post","link":"https:\/\/www.sistemafaeal.org.br\/senar\/audiencia-coletiva-sobre-aprendizagem-profissional-acontece-no-proximo-dia-4\/","title":{"rendered":"Audi\u00eancia coletiva sobre aprendizagem profissional acontece no pr\u00f3ximo dia 4"},"content":{"rendered":"<figure id=\"attachment_3297\" aria-describedby=\"caption-attachment-3297\" style=\"width: 425px\" class=\"wp-caption aligncenter\"><img fetchpriority=\"high\" decoding=\"async\" class=\"size-full wp-image-3297\" src=\"http:\/\/www.sistemafaeal.org.br\/senar\/wp-content\/uploads\/2019\/11\/reuni.jpg\" alt=\"\" width=\"425\" height=\"283\" srcset=\"https:\/\/www.sistemafaeal.org.br\/senar\/wp-content\/uploads\/2019\/11\/reuni.jpg 425w, https:\/\/www.sistemafaeal.org.br\/senar\/wp-content\/uploads\/2019\/11\/reuni-300x200.jpg 300w\" sizes=\"(max-width: 425px) 100vw, 425px\" \/><figcaption id=\"caption-attachment-3297\" class=\"wp-caption-text\">Senar AL, MPT e SRTb\/AL acertam detalhes do evento<\/figcaption><\/figure>\n<p>Mais de 200 produtores rurais foram convocados para participar de uma audi\u00eancia coletiva sobre aprendizagem profissional que ser\u00e1 realizada no pr\u00f3ximo dia 4 de dezembro, a partir das 9 horas, na sede do Servi\u00e7o Nacional de Aprendizagem Rural \u2013 Senar Alagoas \u2013, em Macei\u00f3. O evento \u00e9 uma realiza\u00e7\u00e3o do Minist\u00e9rio P\u00fablico do Trabalho \u2013 MPT \u2013 e da Superintend\u00eancia Regional do Trabalho \u2013 SRTb\/AL \u2013, em parceria com o Senar.<\/p>\n<p>O objetivo da audi\u00eancia \u00e9 apresentar aos produtores os benef\u00edcios da aprendizagem profissional e divulgar as turmas de capacita\u00e7\u00e3o que ser\u00e3o ofertadas em alguns munic\u00edpios estrat\u00e9gicos a partir de 2020. As cidades ser\u00e3o definidas de acordo com as microrregi\u00f5es onde h\u00e1 maior n\u00famero de propriedades que precisam contratar jovens aprendizes. A expectativa \u00e9 de que as aulas comecem no pr\u00f3ximo m\u00eas de fevereiro.<\/p>\n<p>\u201cO Senar \u00e9 o grande parceiro na divulga\u00e7\u00e3o e na qualifica\u00e7\u00e3o profissional da m\u00e3o de obra rural em Alagoas. A nossa expectativa \u00e9 fechar cinco turmas de aprendizagem para atender cerca de cem aprendizes, meninos e meninas que passar\u00e3o a integrar a m\u00e3o de obra de forma qualificada, protegida, e contribuir\u00e3o para o aumento da produtividade nas propriedades rurais\u201d, afirma o auditor fiscal do Trabalho Leandro Carvalho.<\/p>\n<p>\u201cO Minist\u00e9rio P\u00fablico do Trabalho, a Fiscaliza\u00e7\u00e3o do Trabalho e o Senar est\u00e3o juntos para melhorar a qualidade da m\u00e3o de obra nas \u00e1reas rurais e dar oportunidade aos nossos jovens, visando, especialmente, a manuten\u00e7\u00e3o dessa m\u00e3o de obra no campo. A popula\u00e7\u00e3o rural est\u00e1 envelhecendo, a atividade rural n\u00e3o tem sido atrativa para os jovens e n\u00f3s precisamos despertar o interesse para eles se prepararem para permanecer no campo, produzindo cada vez mais\u201d, comenta a procuradora do MPT em Alagoas, Virg\u00ednia Ferreira.<\/p>\n<p style=\"text-align: justify;\">De acordo com a legisla\u00e7\u00e3o, toda propriedade com, no m\u00ednimo, sete funcion\u00e1rios precisa oferecer entre 5% e 15% das vagas para jovens em forma\u00e7\u00e3o. \u201cO objetivo do Senar tamb\u00e9m \u00e9 ajudar os produtores a atenderem \u00e0 esta exig\u00eancia legal. Al\u00e9m de contribuir com o desenvolvimento do segmento rural, a aprendizagem \u00e9 uma forma de auxiliar o jovem a dar os primeiros passos num mercado de trabalho cada vez mais exigente\u201d, observa o superintendente do Senar em Alagoas, Fernando D\u00f3ria.<\/p>\n","protected":false},"excerpt":{"rendered":"<p>Mais de 200 produtores rurais foram convocados para participar de uma audi\u00eancia coletiva sobre aprendizagem profissional que ser\u00e1 realizada no pr\u00f3ximo dia 4 de dezembro, a partir das 9 horas, na sede do Servi\u00e7o Nacional de Aprendizagem Rural \u2013 Senar Alagoas \u2013, em Macei\u00f3. O evento \u00e9 uma realiza\u00e7\u00e3o do Minist\u00e9rio P\u00fablico do Trabalho \u2013 [&hellip;]<\/p>\n","protected":false},"author":7,"featured_media":3297,"comment_status":"open","ping_status":"open","sticky":false,"template":"","format":"standard","meta":{"footnotes":""},"categories":[5],"tags":[],"class_list":["post-3296","post","type-post","status-publish","format-standard","has-post-thumbnail","hentry","category-noticias"],"_links":{"self":[{"href":"https:\/\/www.sistemafaeal.org.br\/senar\/wp-json\/wp\/v2\/posts\/3296","targetHints":{"allow":["GET"]}}],"collection":[{"href":"https:\/\/www.sistemafaeal.org.br\/senar\/wp-json\/wp\/v2\/posts"}],"about":[{"href":"https:\/\/www.sistemafaeal.org.br\/senar\/wp-json\/wp\/v2\/types\/post"}],"author":[{"embeddable":true,"href":"https:\/\/www.sistemafaeal.org.br\/senar\/wp-json\/wp\/v2\/users\/7"}],"replies":[{"embeddable":true,"href":"https:\/\/www.sistemafaeal.org.br\/senar\/wp-json\/wp\/v2\/comments?post=3296"}],"version-history":[{"count":0,"href":"https:\/\/www.sistemafaeal.org.br\/senar\/wp-json\/wp\/v2\/posts\/3296\/revisions"}],"wp:featuredmedia":[{"embeddable":true,"href":"https:\/\/www.sistemafaeal.org.br\/senar\/wp-json\/wp\/v2\/media\/3297"}],"wp:attachment":[{"href":"https:\/\/www.sistemafaeal.org.br\/senar\/wp-json\/wp\/v2\/media?parent=3296"}],"wp:term":[{"taxonomy":"category","embeddable":true,"href":"https:\/\/www.sistemafaeal.org.br\/senar\/wp-json\/wp\/v2\/categories?post=3296"},{"taxonomy":"post_tag","embeddable":true,"href":"https:\/\/www.sistemafaeal.org.br\/senar\/wp-json\/wp\/v2\/tags?post=3296"}],"curies":[{"name":"wp","href":"https:\/\/api.w.org\/{rel}","templated":true}]}}