{"id":3304,"date":"2019-11-26T10:59:45","date_gmt":"2019-11-26T13:59:45","guid":{"rendered":"http:\/\/www.sistemafaeal.org.br\/senar\/?p=3304"},"modified":"2019-11-26T10:59:45","modified_gmt":"2019-11-26T13:59:45","slug":"programas-de-saude-senar-encerra-edicoes-de-2019-em-palmeira-dos-indios","status":"publish","type":"post","link":"https:\/\/www.sistemafaeal.org.br\/senar\/programas-de-saude-senar-encerra-edicoes-de-2019-em-palmeira-dos-indios\/","title":{"rendered":"Programas de Sa\u00fade: Senar encerra edi\u00e7\u00f5es de 2019 em Palmeira dos \u00cdndios"},"content":{"rendered":"<figure id=\"attachment_3318\" aria-describedby=\"caption-attachment-3318\" style=\"width: 425px\" class=\"wp-caption aligncenter\"><img fetchpriority=\"high\" decoding=\"async\" class=\"wp-image-3318 size-full\" src=\"http:\/\/www.sistemafaeal.org.br\/senar\/wp-content\/uploads\/2019\/11\/eIMG_8538-1.jpg\" alt=\"\" width=\"425\" height=\"283\" srcset=\"https:\/\/www.sistemafaeal.org.br\/senar\/wp-content\/uploads\/2019\/11\/eIMG_8538-1.jpg 425w, https:\/\/www.sistemafaeal.org.br\/senar\/wp-content\/uploads\/2019\/11\/eIMG_8538-1-300x200.jpg 300w\" sizes=\"(max-width: 425px) 100vw, 425px\" \/><figcaption id=\"caption-attachment-3318\" class=\"wp-caption-text\">Palestra para mulheres<\/figcaption><\/figure>\n<p>O Servi\u00e7o Nacional de Aprendizagem Rural \u2013 Senar Alagoas \u2013 realizou a \u00faltima edi\u00e7\u00e3o dos Programas de Sa\u00fade do Homem e da Mulher, em 2019, na \u00faltima sexta-feira, 22. As a\u00e7\u00f5es aconteceram em Palmeira dos \u00cdndios e foram promovidas em parceria com a Sociedade Brasileira de Urologia \u2013 SBU \u2013, o Sindicato Rural e a Prefeitura do munic\u00edpio.<\/p>\n<p>Na Unidade de Sa\u00fade da comunidade rural Canaf\u00edstula de Frei Dami\u00e3o, foram realizados 104 exames de PSA, 87 toques retais, 67 citologias e 224 testes r\u00e1pidos de s\u00edfilis, HIV, Hepatites B e C. A comunidade tamb\u00e9m teve acesso a atendimento odontol\u00f3gico gratuito, palestras educativas sobre doen\u00e7as da pr\u00f3stata e c\u00e2ncer de mama, al\u00e9m de servi\u00e7os de est\u00e1tica.<\/p>\n<p>&#8220;\u00c9 muito dif\u00edcil, para quem mora na zona rural, se deslocar at\u00e9 os grandes centros para fazer exames. Trazer esse tipo de servi\u00e7o para a unidade de sa\u00fade, dentro da comunidade, j\u00e1 viabiliza a quest\u00e3o do transporte e o pessoal se sente acolhido. \u00c9 muito bom ver a satisfa\u00e7\u00e3o no rosto dos pacientes, porque a gente quer a felicidade da popula\u00e7\u00e3o assistida&#8221;, afirmou a enfermeira Daniela Rozendo, gerente do setor de Sa\u00fade do Homem, Sa\u00fade do Idoso e Doen\u00e7as Cr\u00f4nicas N\u00e3o Transmiss\u00edveis, na Secretaria Municipal de Sa\u00fade de Palmeira dos \u00cdndios.<\/p>\n<figure id=\"attachment_3311\" aria-describedby=\"caption-attachment-3311\" style=\"width: 425px\" class=\"wp-caption aligncenter\"><img decoding=\"async\" class=\"wp-image-3311 size-full\" src=\"http:\/\/www.sistemafaeal.org.br\/senar\/wp-content\/uploads\/2019\/11\/eIMG_8564.jpg\" alt=\"\" width=\"425\" height=\"283\" srcset=\"https:\/\/www.sistemafaeal.org.br\/senar\/wp-content\/uploads\/2019\/11\/eIMG_8564.jpg 425w, https:\/\/www.sistemafaeal.org.br\/senar\/wp-content\/uploads\/2019\/11\/eIMG_8564-300x200.jpg 300w\" sizes=\"(max-width: 425px) 100vw, 425px\" \/><figcaption id=\"caption-attachment-3311\" class=\"wp-caption-text\">Foram feitos 224 testes r\u00e1pidos<\/figcaption><\/figure>\n<p>A a\u00e7\u00e3o atraiu homens e mulheres de comunidades vizinhas. \u201cEsses programas do Senar s\u00e3o muito importantes, pois trazem benef\u00edcios para a nossa popula\u00e7\u00e3o, que encontra muita dificuldade para ter acesso \u00e0 sa\u00fade\u201d, comentou Eduardo Correia, presidente da Associa\u00e7\u00e3o de Moradores da Comunidade S\u00edtio Boa Sorte.<\/p>\n<p>O m\u00e9dico respons\u00e1vel pela unidade de sa\u00fade de Canaf\u00edstula, Em\u00edlio Silva, elogiou a participa\u00e7\u00e3o da comunidade que lotou o espa\u00e7o para receber os atendimentos. \u201cA popula\u00e7\u00e3o atendeu ao chamado e isso \u00e9 a prova do trabalho de conscientiza\u00e7\u00e3o que vem sendo feito, principalmente, com os homens, para que procurem se cuidar e se prevenir contra as doen\u00e7as da pr\u00f3stata\u201d, destacou.<\/p>\n<p>As mulheres tamb\u00e9m marcaram presen\u00e7a. Aos 40 anos, a agricultora Edna Palmeira Lima saiu do Povoado Alto Vermelho para participar dos programas de sa\u00fade em Canaf\u00edstula. \u201cA gente tem que se cuidar e, como eu j\u00e1 tinha mais de ano que tinha feito o exame de citologia, vim participar. O atendimento foi \u00f3timo\u201d, avaliou.<\/p>\n<p>Para a agricultora Joseane da Silva, 33, a ocasi\u00e3o foi mais do que especial. Al\u00e9m de fazer exames de sa\u00fade, ela aproveitou os programas do Senar para cuidar dos cabelos e das unhas, afinal, era o dia do seu anivers\u00e1rio. \u201cEu n\u00e3o esperava encontrar tudo isso aqui. Foi um presente\u201d, comemorou.<\/p>\n<figure id=\"attachment_3319\" aria-describedby=\"caption-attachment-3319\" style=\"width: 425px\" class=\"wp-caption aligncenter\"><img decoding=\"async\" class=\"wp-image-3319 size-full\" src=\"http:\/\/www.sistemafaeal.org.br\/senar\/wp-content\/uploads\/2019\/11\/eIMG_8602.jpg\" alt=\"\" width=\"425\" height=\"288\" srcset=\"https:\/\/www.sistemafaeal.org.br\/senar\/wp-content\/uploads\/2019\/11\/eIMG_8602.jpg 425w, https:\/\/www.sistemafaeal.org.br\/senar\/wp-content\/uploads\/2019\/11\/eIMG_8602-300x203.jpg 300w\" sizes=\"(max-width: 425px) 100vw, 425px\" \/><figcaption id=\"caption-attachment-3319\" class=\"wp-caption-text\">Aniversariante do dia, a agricultura Joseane da Silva aproveitou para cuidar da est\u00e9tica<\/figcaption><\/figure>\n<p><strong>Cursos<br \/>\n<\/strong>Com esta \u00faltima edi\u00e7\u00e3o, o Senar levou os programas de sa\u00fade, em 2019, para outros quatro munic\u00edpios atendidos pelo Sindicato Rural de Palmeira dos \u00cdndios. Al\u00e9m de Palmeira, as a\u00e7\u00f5es foram realizadas nas cidades de Bel\u00e9m, Cacimbinhas, Estrela de Alagoas e Igaci. \u201cA sensa\u00e7\u00e3o \u00e9 de miss\u00e3o cumprida, com muito trabalho durante todo o ano\u201d, afirmou o presidente do sindicato, Nielson Correia Barros, respons\u00e1vel pela articula\u00e7\u00e3o com as prefeituras municipais.<\/p>\n<p>Al\u00e9m dos programas de sa\u00fade, o Senar Alagoas realizou este ano, s\u00f3 em Palmeira dos \u00cdndios, 80 cursos e capacitou cerca de 1.200 pessoas. \u201c\u00c9 gratificante ver cidad\u00e3os ingressando no mercado de trabalho porque foram qualificadas nos cursos do Senar\u201d, celebrou Nielson.<\/p>\n<figure id=\"attachment_3312\" aria-describedby=\"caption-attachment-3312\" style=\"width: 425px\" class=\"wp-caption aligncenter\"><img loading=\"lazy\" decoding=\"async\" class=\"wp-image-3312 size-full\" src=\"http:\/\/www.sistemafaeal.org.br\/senar\/wp-content\/uploads\/2019\/11\/eIMG_8586.jpg\" alt=\"\" width=\"425\" height=\"283\" srcset=\"https:\/\/www.sistemafaeal.org.br\/senar\/wp-content\/uploads\/2019\/11\/eIMG_8586.jpg 425w, https:\/\/www.sistemafaeal.org.br\/senar\/wp-content\/uploads\/2019\/11\/eIMG_8586-300x200.jpg 300w\" sizes=\"(max-width: 425px) 100vw, 425px\" \/><figcaption id=\"caption-attachment-3312\" class=\"wp-caption-text\">Nielson Barros: &#8220;Sensa\u00e7\u00e3o \u00e9 de dever cumprido&#8221;<\/figcaption><\/figure>\n<p>A principal parceira do Sindicato Rural na realiza\u00e7\u00e3o dos cursos \u00e9 a Associa\u00e7\u00e3o das Mulheres de Palmeira dos \u00cdndios \u2013 AMPI. Para a fundadora e presidente da institui\u00e7\u00e3o, Sheila Duarte, os cursos do Senar s\u00e3o fundamentais no desenvolvimento socioecon\u00f4mico da cidade e da regi\u00e3o.<\/p>\n<p>\u201cDesde 2007, essa parceria vem gerando renda para fam\u00edlias tanto da zona rural, quanto urbana. Muitas pessoas que sobreviviam exclusivamente do Programa Bolsa Fam\u00edlia hoje produzem, vendem pelas redes sociais, envolvem outros parentes para dar conta das demandas. Isso \u00e9 muito importante para o desenvolvimento de novos empreendedores em Palmeira dos \u00cdndios\u201d, ponderou Sheila.<\/p>\n<p>&nbsp;<\/p>\n","protected":false},"excerpt":{"rendered":"<p>O Servi\u00e7o Nacional de Aprendizagem Rural \u2013 Senar Alagoas \u2013 realizou a \u00faltima edi\u00e7\u00e3o dos Programas de Sa\u00fade do Homem e da Mulher, em 2019, na \u00faltima sexta-feira, 22. As a\u00e7\u00f5es aconteceram em Palmeira dos \u00cdndios e foram promovidas em parceria com a Sociedade Brasileira de Urologia \u2013 SBU \u2013, o Sindicato Rural e a [&hellip;]<\/p>\n","protected":false},"author":7,"featured_media":3307,"comment_status":"open","ping_status":"open","sticky":false,"template":"","format":"standard","meta":{"footnotes":""},"categories":[5],"tags":[],"class_list":["post-3304","post","type-post","status-publish","format-standard","has-post-thumbnail","hentry","category-noticias"],"_links":{"self":[{"href":"https:\/\/www.sistemafaeal.org.br\/senar\/wp-json\/wp\/v2\/posts\/3304","targetHints":{"allow":["GET"]}}],"collection":[{"href":"https:\/\/www.sistemafaeal.org.br\/senar\/wp-json\/wp\/v2\/posts"}],"about":[{"href":"https:\/\/www.sistemafaeal.org.br\/senar\/wp-json\/wp\/v2\/types\/post"}],"author":[{"embeddable":true,"href":"https:\/\/www.sistemafaeal.org.br\/senar\/wp-json\/wp\/v2\/users\/7"}],"replies":[{"embeddable":true,"href":"https:\/\/www.sistemafaeal.org.br\/senar\/wp-json\/wp\/v2\/comments?post=3304"}],"version-history":[{"count":0,"href":"https:\/\/www.sistemafaeal.org.br\/senar\/wp-json\/wp\/v2\/posts\/3304\/revisions"}],"wp:featuredmedia":[{"embeddable":true,"href":"https:\/\/www.sistemafaeal.org.br\/senar\/wp-json\/wp\/v2\/media\/3307"}],"wp:attachment":[{"href":"https:\/\/www.sistemafaeal.org.br\/senar\/wp-json\/wp\/v2\/media?parent=3304"}],"wp:term":[{"taxonomy":"category","embeddable":true,"href":"https:\/\/www.sistemafaeal.org.br\/senar\/wp-json\/wp\/v2\/categories?post=3304"},{"taxonomy":"post_tag","embeddable":true,"href":"https:\/\/www.sistemafaeal.org.br\/senar\/wp-json\/wp\/v2\/tags?post=3304"}],"curies":[{"name":"wp","href":"https:\/\/api.w.org\/{rel}","templated":true}]}}