{"id":3321,"date":"2019-11-27T15:39:23","date_gmt":"2019-11-27T18:39:23","guid":{"rendered":"http:\/\/www.sistemafaeal.org.br\/senar\/?p=3321"},"modified":"2019-11-27T15:39:23","modified_gmt":"2019-11-27T18:39:23","slug":"senador-rodrigo-cunha-visita-faeal-e-senar-alagoas","status":"publish","type":"post","link":"https:\/\/www.sistemafaeal.org.br\/senar\/senador-rodrigo-cunha-visita-faeal-e-senar-alagoas\/","title":{"rendered":"Senador Rodrigo Cunha visita Faeal e Senar Alagoas"},"content":{"rendered":"<figure id=\"attachment_3322\" aria-describedby=\"caption-attachment-3322\" style=\"width: 827px\" class=\"wp-caption aligncenter\"><img fetchpriority=\"high\" decoding=\"async\" class=\"wp-image-3322 size-full\" src=\"http:\/\/www.sistemafaeal.org.br\/senar\/wp-content\/uploads\/2019\/11\/wIMG_8737.jpg\" alt=\"\" width=\"827\" height=\"481\" srcset=\"https:\/\/www.sistemafaeal.org.br\/senar\/wp-content\/uploads\/2019\/11\/wIMG_8737.jpg 827w, https:\/\/www.sistemafaeal.org.br\/senar\/wp-content\/uploads\/2019\/11\/wIMG_8737-600x349.jpg 600w, https:\/\/www.sistemafaeal.org.br\/senar\/wp-content\/uploads\/2019\/11\/wIMG_8737-300x174.jpg 300w, https:\/\/www.sistemafaeal.org.br\/senar\/wp-content\/uploads\/2019\/11\/wIMG_8737-768x447.jpg 768w, https:\/\/www.sistemafaeal.org.br\/senar\/wp-content\/uploads\/2019\/11\/wIMG_8737-696x405.jpg 696w, https:\/\/www.sistemafaeal.org.br\/senar\/wp-content\/uploads\/2019\/11\/wIMG_8737-722x420.jpg 722w\" sizes=\"(max-width: 827px) 100vw, 827px\" \/><figcaption id=\"caption-attachment-3322\" class=\"wp-caption-text\">Fernando D\u00f3ria, superintendente do Senar AL, \u00c1lvaro Almeida, presidente da Faeal e o senador Rodrigo Cunha<\/figcaption><\/figure>\n<p>O senador alagoano Rodrigo Cunha visitou a Federa\u00e7\u00e3o da Agricultura e Pecu\u00e1ria do Estado de Alagoas \u2013 Faeal \u2013 na manh\u00e3 dessa segunda-feira, 25. O objetivo da visita foi discutir demandas importantes para o desenvolvimento do agroneg\u00f3cio no estado. Cunha foi recebido pelo presidente da Faeal, \u00c1lvaro Almeida, o superitendente do Senar AL, Fernando D\u00f3ria, entre outros produtores rurais. Durante mais de uma hora de reuni\u00e3o, eles discutiram quest\u00f5es relacionadas ao endividamento rural, biomas e a necessidade de conclus\u00e3o das obras Canal do Sert\u00e3o, entre outros assuntos.<\/p>\n<p>\u201cEsta \u00e9 uma visita importante, pois o Rodrigo Cunha \u00e9 um senador jovem, que est\u00e1 adentrando no Senado, e n\u00f3s entendemos que os posicionamentos dele, favor\u00e1veis ao agroneg\u00f3cio, contribuir\u00e3o com o nosso desenvolvimento a partir da resolu\u00e7\u00e3o de pend\u00eancias que temos na legisla\u00e7\u00e3o atual. Esperamos que essa disposi\u00e7\u00e3o do senador se traduza em a\u00e7\u00f5es em favor do agro alagoano\u201d, ressaltou \u00c1lvaro Almeida.<\/p>\n<p>Uma quest\u00e3o que ganhou destaque na reuni\u00e3o foi a Lei N\u00b0 13.340, que autoriza a liquida\u00e7\u00e3o e renegocia\u00e7\u00e3o de d\u00edvidas de cr\u00e9dito rural. Segundo \u00c1lvaro, o Banco do Nordeste vem cumprindo a legisla\u00e7\u00e3o, mas o Banco do Brasil descumpre por falta de or\u00e7amento. \u201cN\u00f3s n\u00e3o entendemos uma legisla\u00e7\u00e3o no Brasil que deixa de ser cumprida porque no or\u00e7amento do Banco n\u00e3o existe disponibilidade\u201d, reclamou o presidente da Faeal.<\/p>\n<p>Ap\u00f3s ouvir os produtores, Rodrigo Cunha se prontificou em manter um di\u00e1logo constante com o agro alagoano. \u201c\u00c9 um compromisso meu debater todas as causas do setor com voc\u00eas. O endividamento, por exemplo, \u00e9 um assunto que, relacionado ao agroneg\u00f3cio, tem uma sensibilidade a mais, porque, al\u00e9m da pessoa f\u00edsica, voc\u00ea lida com a fam\u00edlia, com o desenvolvimento do neg\u00f3cio e das cidades. N\u00e3o terei dificuldade nenhuma em abordar esse assunto\u201d, afirmou o senador.<\/p>\n","protected":false},"excerpt":{"rendered":"<p>O senador alagoano Rodrigo Cunha visitou a Federa\u00e7\u00e3o da Agricultura e Pecu\u00e1ria do Estado de Alagoas \u2013 Faeal \u2013 na manh\u00e3 dessa segunda-feira, 25. O objetivo da visita foi discutir demandas importantes para o desenvolvimento do agroneg\u00f3cio no estado. Cunha foi recebido pelo presidente da Faeal, \u00c1lvaro Almeida, o superitendente do Senar AL, Fernando D\u00f3ria, [&hellip;]<\/p>\n","protected":false},"author":7,"featured_media":3322,"comment_status":"open","ping_status":"open","sticky":false,"template":"","format":"standard","meta":{"footnotes":""},"categories":[5],"tags":[],"class_list":["post-3321","post","type-post","status-publish","format-standard","has-post-thumbnail","hentry","category-noticias"],"_links":{"self":[{"href":"https:\/\/www.sistemafaeal.org.br\/senar\/wp-json\/wp\/v2\/posts\/3321","targetHints":{"allow":["GET"]}}],"collection":[{"href":"https:\/\/www.sistemafaeal.org.br\/senar\/wp-json\/wp\/v2\/posts"}],"about":[{"href":"https:\/\/www.sistemafaeal.org.br\/senar\/wp-json\/wp\/v2\/types\/post"}],"author":[{"embeddable":true,"href":"https:\/\/www.sistemafaeal.org.br\/senar\/wp-json\/wp\/v2\/users\/7"}],"replies":[{"embeddable":true,"href":"https:\/\/www.sistemafaeal.org.br\/senar\/wp-json\/wp\/v2\/comments?post=3321"}],"version-history":[{"count":0,"href":"https:\/\/www.sistemafaeal.org.br\/senar\/wp-json\/wp\/v2\/posts\/3321\/revisions"}],"wp:featuredmedia":[{"embeddable":true,"href":"https:\/\/www.sistemafaeal.org.br\/senar\/wp-json\/wp\/v2\/media\/3322"}],"wp:attachment":[{"href":"https:\/\/www.sistemafaeal.org.br\/senar\/wp-json\/wp\/v2\/media?parent=3321"}],"wp:term":[{"taxonomy":"category","embeddable":true,"href":"https:\/\/www.sistemafaeal.org.br\/senar\/wp-json\/wp\/v2\/categories?post=3321"},{"taxonomy":"post_tag","embeddable":true,"href":"https:\/\/www.sistemafaeal.org.br\/senar\/wp-json\/wp\/v2\/tags?post=3321"}],"curies":[{"name":"wp","href":"https:\/\/api.w.org\/{rel}","templated":true}]}}