{"id":3344,"date":"2019-12-05T09:32:35","date_gmt":"2019-12-05T12:32:35","guid":{"rendered":"http:\/\/www.sistemafaeal.org.br\/senar\/?p=3344"},"modified":"2019-12-05T10:25:51","modified_gmt":"2019-12-05T13:25:51","slug":"instituicoes-orientam-produtores-rurais-sobre-beneficios-da-aprendizagem-profissional","status":"publish","type":"post","link":"https:\/\/www.sistemafaeal.org.br\/senar\/instituicoes-orientam-produtores-rurais-sobre-beneficios-da-aprendizagem-profissional\/","title":{"rendered":"Institui\u00e7\u00f5es orientam produtores rurais sobre benef\u00edcios da aprendizagem profissional"},"content":{"rendered":"<p><em>Iniciativa do MPT, SRTb e TRT, em parceria com o Senar, buscou conscientizar empres\u00e1rios do campo sobre necessidade de cumprirem a lei de aprendizagem e de investirem em m\u00e3o de obra qualificada<\/em><\/p>\n<p><strong>Rafael Maia (Ascom\/MPT)<\/strong><\/p>\n<figure id=\"attachment_3348\" aria-describedby=\"caption-attachment-3348\" style=\"width: 2560px\" class=\"wp-caption aligncenter\"><img fetchpriority=\"high\" decoding=\"async\" class=\"wp-image-3348 size-full\" src=\"http:\/\/www.sistemafaeal.org.br\/senar\/wp-content\/uploads\/2019\/12\/audi13-scaled.jpg\" alt=\"\" width=\"2560\" height=\"1707\" srcset=\"https:\/\/www.sistemafaeal.org.br\/senar\/wp-content\/uploads\/2019\/12\/audi13-scaled.jpg 2560w, https:\/\/www.sistemafaeal.org.br\/senar\/wp-content\/uploads\/2019\/12\/audi13-scaled-600x400.jpg 600w, https:\/\/www.sistemafaeal.org.br\/senar\/wp-content\/uploads\/2019\/12\/audi13-300x200.jpg 300w, https:\/\/www.sistemafaeal.org.br\/senar\/wp-content\/uploads\/2019\/12\/audi13-1024x683.jpg 1024w, https:\/\/www.sistemafaeal.org.br\/senar\/wp-content\/uploads\/2019\/12\/audi13-768x512.jpg 768w, https:\/\/www.sistemafaeal.org.br\/senar\/wp-content\/uploads\/2019\/12\/audi13-1536x1024.jpg 1536w, https:\/\/www.sistemafaeal.org.br\/senar\/wp-content\/uploads\/2019\/12\/audi13-2048x1365.jpg 2048w, https:\/\/www.sistemafaeal.org.br\/senar\/wp-content\/uploads\/2019\/12\/audi13-696x464.jpg 696w, https:\/\/www.sistemafaeal.org.br\/senar\/wp-content\/uploads\/2019\/12\/audi13-1068x712.jpg 1068w, https:\/\/www.sistemafaeal.org.br\/senar\/wp-content\/uploads\/2019\/12\/audi13-630x420.jpg 630w\" sizes=\"(max-width: 2560px) 100vw, 2560px\" \/><figcaption id=\"caption-attachment-3348\" class=\"wp-caption-text\">Mesa do evento contou com representantes do SRTb\/AL, Faeal, MPT e TRT (Fotos: \u00c1lvaro M\u00fcller\/Ascom\/Faeal)<\/figcaption><\/figure>\n<p>O Minist\u00e9rio P\u00fablico do Trabalho (MPT), a Superintend\u00eancia Regional do Trabalho (SRTb\/AL) e o Tribunal Regional do Trabalho (TRT) apresentaram a produtores rurais de Alagoas, em audi\u00eancia coletiva nesta quarta-feira, 4, os benef\u00edcios da contrata\u00e7\u00e3o de jovens aprendizes no campo e a necessidade do cumprimento da Lei da Aprendizagem Profissional. A iniciativa contou com a parceria do Servi\u00e7o Nacional de Aprendizagem Rural (Senar).<\/p>\n<p>O encontro realizado no Senar foi necess\u00e1rio, segundo a procuradora do MPT Virg\u00ednia Ferreira, para conscientizar o empres\u00e1rio do campo a oferecer oportunidade aos jovens no mercado de trabalho, seja para atuarem em atividades diretamente ligadas ao campo ou na \u00e1rea de administra\u00e7\u00e3o rural, como forma de desenvolver uma m\u00e3o de obra qualificada, garantir a gera\u00e7\u00e3o de empregos e cumprir a legisla\u00e7\u00e3o que trata da aprendizagem.<\/p>\n<p>\u201cTemos percebido a falta de qualifica\u00e7\u00e3o da m\u00e3o de obra no campo e, ao mesmo tempo, a expans\u00e3o do agroneg\u00f3cio, e o Brasil precisa estar preparado para atender toda a demanda que est\u00e1 surgindo. A atividade do campo precisa ser atrativa e valorizada, e estamos unindo esfor\u00e7os junto com o Senar e com os produtores rurais para que nosso estado alcance um desenvolvimento que passe necessariamente pela qualifica\u00e7\u00e3o da m\u00e3o de obra local\u201d, explicou Virg\u00ednia Ferreira, ao destacar que os produtores rurais com mais de sete empregados t\u00eam a obriga\u00e7\u00e3o de contratar, pelo menos, um jovem aprendiz.<\/p>\n<p>Para o presidente da Federa\u00e7\u00e3o da Agricultura e Pecu\u00e1ria de Alagoas (Faeal), \u00c1lvaro Almeida, o encontro foi fundamental para que os produtores consigam encontram solu\u00e7\u00f5es para receber os adolescentes. \u201cEm conversa com o MPT e a Superintend\u00eancia Regional do Trabalho, n\u00f3s conseguimos suspender as notifica\u00e7\u00f5es e agora contribu\u00edmos na realiza\u00e7\u00e3o desta reuni\u00e3o, para que as partes possam encontrar as solu\u00e7\u00f5es necess\u00e1rias, atendendo \u00e0s particularidades de cada produtor, e todos tenham a condi\u00e7\u00e3o de receber e capacitar os jovens aprendizes. Os produtores alagoanos s\u00e3o cumpridores da legisla\u00e7\u00e3o e eu tenho certeza de que as solu\u00e7\u00f5es vir\u00e3o a partir deste di\u00e1logo, com o apoio da Federa\u00e7\u00e3o e, sobretudo, do Senar Alagoas, institui\u00e7\u00e3o especializada na forma\u00e7\u00e3o desses jovens\u201d, afirmou.<\/p>\n<figure id=\"attachment_3349\" aria-describedby=\"caption-attachment-3349\" style=\"width: 2560px\" class=\"wp-caption aligncenter\"><img decoding=\"async\" class=\"wp-image-3349 size-full\" src=\"http:\/\/www.sistemafaeal.org.br\/senar\/wp-content\/uploads\/2019\/12\/audi15-scaled.jpg\" alt=\"\" width=\"2560\" height=\"1707\" srcset=\"https:\/\/www.sistemafaeal.org.br\/senar\/wp-content\/uploads\/2019\/12\/audi15-scaled.jpg 2560w, https:\/\/www.sistemafaeal.org.br\/senar\/wp-content\/uploads\/2019\/12\/audi15-scaled-600x400.jpg 600w, https:\/\/www.sistemafaeal.org.br\/senar\/wp-content\/uploads\/2019\/12\/audi15-300x200.jpg 300w, https:\/\/www.sistemafaeal.org.br\/senar\/wp-content\/uploads\/2019\/12\/audi15-1024x683.jpg 1024w, https:\/\/www.sistemafaeal.org.br\/senar\/wp-content\/uploads\/2019\/12\/audi15-768x512.jpg 768w, https:\/\/www.sistemafaeal.org.br\/senar\/wp-content\/uploads\/2019\/12\/audi15-1536x1024.jpg 1536w, https:\/\/www.sistemafaeal.org.br\/senar\/wp-content\/uploads\/2019\/12\/audi15-2048x1365.jpg 2048w, https:\/\/www.sistemafaeal.org.br\/senar\/wp-content\/uploads\/2019\/12\/audi15-696x464.jpg 696w, https:\/\/www.sistemafaeal.org.br\/senar\/wp-content\/uploads\/2019\/12\/audi15-1068x712.jpg 1068w, https:\/\/www.sistemafaeal.org.br\/senar\/wp-content\/uploads\/2019\/12\/audi15-630x420.jpg 630w\" sizes=\"(max-width: 2560px) 100vw, 2560px\" \/><figcaption id=\"caption-attachment-3349\" class=\"wp-caption-text\">Produtores atenderam \u00e0 convoca\u00e7\u00e3o e lotaram o audit\u00f3rio<\/figcaption><\/figure>\n<p>Para oferecer oportunidade de qualifica\u00e7\u00e3o de m\u00e3o de obra, o MPT e a SRTE obtiveram, junto ao Senar, a realiza\u00e7\u00e3o de cursos de profissionaliza\u00e7\u00e3o em cinco polos centrais do estado. A partir de fevereiro do pr\u00f3ximo ano, o Senar deve iniciar a oferta de cursos de administra\u00e7\u00e3o rural, pecu\u00e1ria, cultura de frutas, de oler\u00edcolas, al\u00e9m de grandes culturas anuais, como cana e soja.<\/p>\n<p>Ap\u00f3s repassarem as orienta\u00e7\u00f5es, o Minist\u00e9rio P\u00fablico do Trabalho e a fiscaliza\u00e7\u00e3o trabalhista aguardam que os produtores rurais do estado cumpram a cota de aprendizagem de forma espont\u00e2nea. Caso os produtores n\u00e3o contratem jovens aprendizes a partir de fevereiro de 2020 \u2013 prazo de suspens\u00e3o das notifica\u00e7\u00f5es pela Superintend\u00eancia Regional do Trabalho -, o Minist\u00e9rio P\u00fablico do Trabalho deve buscar os meios legais para exigir o cumprimento da norma.<\/p>\n<figure id=\"attachment_3346\" aria-describedby=\"caption-attachment-3346\" style=\"width: 2560px\" class=\"wp-caption aligncenter\"><img decoding=\"async\" class=\"wp-image-3346 size-full\" src=\"http:\/\/www.sistemafaeal.org.br\/senar\/wp-content\/uploads\/2019\/12\/audi6-scaled.jpg\" alt=\"\" width=\"2560\" height=\"1707\" srcset=\"https:\/\/www.sistemafaeal.org.br\/senar\/wp-content\/uploads\/2019\/12\/audi6-scaled.jpg 2560w, https:\/\/www.sistemafaeal.org.br\/senar\/wp-content\/uploads\/2019\/12\/audi6-scaled-600x400.jpg 600w, https:\/\/www.sistemafaeal.org.br\/senar\/wp-content\/uploads\/2019\/12\/audi6-300x200.jpg 300w, https:\/\/www.sistemafaeal.org.br\/senar\/wp-content\/uploads\/2019\/12\/audi6-1024x683.jpg 1024w, https:\/\/www.sistemafaeal.org.br\/senar\/wp-content\/uploads\/2019\/12\/audi6-768x512.jpg 768w, https:\/\/www.sistemafaeal.org.br\/senar\/wp-content\/uploads\/2019\/12\/audi6-1536x1024.jpg 1536w, https:\/\/www.sistemafaeal.org.br\/senar\/wp-content\/uploads\/2019\/12\/audi6-2048x1365.jpg 2048w, https:\/\/www.sistemafaeal.org.br\/senar\/wp-content\/uploads\/2019\/12\/audi6-696x464.jpg 696w, https:\/\/www.sistemafaeal.org.br\/senar\/wp-content\/uploads\/2019\/12\/audi6-1068x712.jpg 1068w, https:\/\/www.sistemafaeal.org.br\/senar\/wp-content\/uploads\/2019\/12\/audi6-630x420.jpg 630w\" sizes=\"(max-width: 2560px) 100vw, 2560px\" \/><figcaption id=\"caption-attachment-3346\" class=\"wp-caption-text\">Graziela Freitas, coordenadora t\u00e9cnica do Senar AL, apresenta o Programa Jovem Agricultor Aprendiz<\/figcaption><\/figure>\n<p><strong>SRTb e TRT destacam import\u00e2ncia da aprendizagem<\/strong><\/p>\n<p>O Tribunal Regional do Trabalho e a Superintend\u00eancia Regional do Trabalho tamb\u00e9m destacaram a import\u00e2ncia do cumprimento da Lei da Aprendizagem para a forma\u00e7\u00e3o profissional. O juiz do Trabalho Alonso Filho salientou que, quando h\u00e1 vontade de fazer algo, haver\u00e1 um jeito de transformar essa vontade em realidade.<\/p>\n<p>\u201cTodos que est\u00e3o aqui precisam se sentir potencializados. O que eu posso fazer para auxiliar na capacita\u00e7\u00e3o de jovens e formar m\u00e3o de obra? Al\u00e9m de estarmos cumprindo uma responsabilidade social, tamb\u00e9m estamos colaborando com o desenvolvimento melhor da empresa, a partir do momento que eu posso auxiliar no aperfei\u00e7oamento da profissionaliza\u00e7\u00e3o desses jovens\u201d, disse Alonso.<\/p>\n<p>J\u00e1 o auditor fiscal do Trabalho Leandro Carvalho falou dos piores \u00edndices de escolaridade, de miserabilidade e da necessidade da inclus\u00e3o do jovem na aprendizagem, e afirmou que essa realidade ter\u00e1 outro caminho a partir de uma m\u00e3o de obra qualificada, que mudar\u00e1 os rumos do desenvolvimento socioecon\u00f4mico no pa\u00eds. \u201cSabemos da import\u00e2ncia do produtor rural para a edifica\u00e7\u00e3o de um pa\u00eds mais nobre e o desenvolvimento econ\u00f4mico e social do nosso estado. E estamos aqui para dar mais ferramentas para que esse produtor rural seja mais ainda produtivo. Temos exemplos de pr\u00e1ticas exitosas da inclus\u00e3o do aprendiz e do aumento da produtividade, e queremos utilizar esses exemplos para mostrar que a aprendizagem \u00e9 importante para o produtor, para o jovem e para o pa\u00eds\u201d, disse.<\/p>\n<p>Na ocasi\u00e3o, produtores e empresas receberam certificados por contribu\u00edrem com a aprendizagem profissional no estado. <strong>(Confira outras fotos nas redes sociais do @sistemafaeal).<\/strong><\/p>\n<figure id=\"attachment_3345\" aria-describedby=\"caption-attachment-3345\" style=\"width: 2560px\" class=\"wp-caption aligncenter\"><img loading=\"lazy\" decoding=\"async\" class=\"wp-image-3345 size-full\" src=\"http:\/\/www.sistemafaeal.org.br\/senar\/wp-content\/uploads\/2019\/12\/audi4-scaled.jpg\" alt=\"\" width=\"2560\" height=\"1707\" srcset=\"https:\/\/www.sistemafaeal.org.br\/senar\/wp-content\/uploads\/2019\/12\/audi4-scaled.jpg 2560w, https:\/\/www.sistemafaeal.org.br\/senar\/wp-content\/uploads\/2019\/12\/audi4-scaled-600x400.jpg 600w, https:\/\/www.sistemafaeal.org.br\/senar\/wp-content\/uploads\/2019\/12\/audi4-300x200.jpg 300w, https:\/\/www.sistemafaeal.org.br\/senar\/wp-content\/uploads\/2019\/12\/audi4-1024x683.jpg 1024w, https:\/\/www.sistemafaeal.org.br\/senar\/wp-content\/uploads\/2019\/12\/audi4-768x512.jpg 768w, https:\/\/www.sistemafaeal.org.br\/senar\/wp-content\/uploads\/2019\/12\/audi4-1536x1024.jpg 1536w, https:\/\/www.sistemafaeal.org.br\/senar\/wp-content\/uploads\/2019\/12\/audi4-2048x1365.jpg 2048w, https:\/\/www.sistemafaeal.org.br\/senar\/wp-content\/uploads\/2019\/12\/audi4-696x464.jpg 696w, https:\/\/www.sistemafaeal.org.br\/senar\/wp-content\/uploads\/2019\/12\/audi4-1068x712.jpg 1068w, https:\/\/www.sistemafaeal.org.br\/senar\/wp-content\/uploads\/2019\/12\/audi4-630x420.jpg 630w\" sizes=\"(max-width: 2560px) 100vw, 2560px\" \/><figcaption id=\"caption-attachment-3345\" class=\"wp-caption-text\">Senar entregou certificados de reconhecimento aos produtores e empresas amigos do Jovem Aprendiz<\/figcaption><\/figure>\n","protected":false},"excerpt":{"rendered":"<p>Iniciativa do MPT, SRTb e TRT, em parceria com o Senar, buscou conscientizar empres\u00e1rios do campo sobre necessidade de cumprirem a lei de aprendizagem e de investirem em m\u00e3o de obra qualificada Rafael Maia (Ascom\/MPT) O Minist\u00e9rio P\u00fablico do Trabalho (MPT), a Superintend\u00eancia Regional do Trabalho (SRTb\/AL) e o Tribunal Regional do Trabalho (TRT) apresentaram [&hellip;]<\/p>\n","protected":false},"author":7,"featured_media":3347,"comment_status":"open","ping_status":"open","sticky":false,"template":"","format":"standard","meta":{"footnotes":""},"categories":[5],"tags":[],"class_list":["post-3344","post","type-post","status-publish","format-standard","has-post-thumbnail","hentry","category-noticias"],"_links":{"self":[{"href":"https:\/\/www.sistemafaeal.org.br\/senar\/wp-json\/wp\/v2\/posts\/3344","targetHints":{"allow":["GET"]}}],"collection":[{"href":"https:\/\/www.sistemafaeal.org.br\/senar\/wp-json\/wp\/v2\/posts"}],"about":[{"href":"https:\/\/www.sistemafaeal.org.br\/senar\/wp-json\/wp\/v2\/types\/post"}],"author":[{"embeddable":true,"href":"https:\/\/www.sistemafaeal.org.br\/senar\/wp-json\/wp\/v2\/users\/7"}],"replies":[{"embeddable":true,"href":"https:\/\/www.sistemafaeal.org.br\/senar\/wp-json\/wp\/v2\/comments?post=3344"}],"version-history":[{"count":0,"href":"https:\/\/www.sistemafaeal.org.br\/senar\/wp-json\/wp\/v2\/posts\/3344\/revisions"}],"wp:featuredmedia":[{"embeddable":true,"href":"https:\/\/www.sistemafaeal.org.br\/senar\/wp-json\/wp\/v2\/media\/3347"}],"wp:attachment":[{"href":"https:\/\/www.sistemafaeal.org.br\/senar\/wp-json\/wp\/v2\/media?parent=3344"}],"wp:term":[{"taxonomy":"category","embeddable":true,"href":"https:\/\/www.sistemafaeal.org.br\/senar\/wp-json\/wp\/v2\/categories?post=3344"},{"taxonomy":"post_tag","embeddable":true,"href":"https:\/\/www.sistemafaeal.org.br\/senar\/wp-json\/wp\/v2\/tags?post=3344"}],"curies":[{"name":"wp","href":"https:\/\/api.w.org\/{rel}","templated":true}]}}