{"id":3359,"date":"2019-12-06T16:08:24","date_gmt":"2019-12-06T19:08:24","guid":{"rendered":"http:\/\/www.sistemafaeal.org.br\/senar\/?p=3359"},"modified":"2019-12-06T16:45:08","modified_gmt":"2019-12-06T19:45:08","slug":"faeal-apoia-criacao-de-legislacao-estadual-sobre-inspecao-de-produtos-e-subprodutos-de-origem-animal","status":"publish","type":"post","link":"https:\/\/www.sistemafaeal.org.br\/senar\/faeal-apoia-criacao-de-legislacao-estadual-sobre-inspecao-de-produtos-e-subprodutos-de-origem-animal\/","title":{"rendered":"Faeal apoia cria\u00e7\u00e3o de legisla\u00e7\u00e3o estadual sobre inspe\u00e7\u00e3o de produtos e subprodutos de origem animal"},"content":{"rendered":"<figure id=\"attachment_3360\" aria-describedby=\"caption-attachment-3360\" style=\"width: 1280px\" class=\"wp-caption aligncenter\"><img fetchpriority=\"high\" decoding=\"async\" class=\"wp-image-3360 size-full\" src=\"http:\/\/www.sistemafaeal.org.br\/senar\/wp-content\/uploads\/2019\/12\/WhatsApp-Image-2019-12-02-at-15.31.01.jpeg\" alt=\"\" width=\"1280\" height=\"960\" srcset=\"https:\/\/www.sistemafaeal.org.br\/senar\/wp-content\/uploads\/2019\/12\/WhatsApp-Image-2019-12-02-at-15.31.01.jpeg 1280w, https:\/\/www.sistemafaeal.org.br\/senar\/wp-content\/uploads\/2019\/12\/WhatsApp-Image-2019-12-02-at-15.31.01-600x450.jpeg 600w, https:\/\/www.sistemafaeal.org.br\/senar\/wp-content\/uploads\/2019\/12\/WhatsApp-Image-2019-12-02-at-15.31.01-300x225.jpeg 300w, https:\/\/www.sistemafaeal.org.br\/senar\/wp-content\/uploads\/2019\/12\/WhatsApp-Image-2019-12-02-at-15.31.01-1024x768.jpeg 1024w, https:\/\/www.sistemafaeal.org.br\/senar\/wp-content\/uploads\/2019\/12\/WhatsApp-Image-2019-12-02-at-15.31.01-768x576.jpeg 768w, https:\/\/www.sistemafaeal.org.br\/senar\/wp-content\/uploads\/2019\/12\/WhatsApp-Image-2019-12-02-at-15.31.01-80x60.jpeg 80w, https:\/\/www.sistemafaeal.org.br\/senar\/wp-content\/uploads\/2019\/12\/WhatsApp-Image-2019-12-02-at-15.31.01-265x198.jpeg 265w, https:\/\/www.sistemafaeal.org.br\/senar\/wp-content\/uploads\/2019\/12\/WhatsApp-Image-2019-12-02-at-15.31.01-696x522.jpeg 696w, https:\/\/www.sistemafaeal.org.br\/senar\/wp-content\/uploads\/2019\/12\/WhatsApp-Image-2019-12-02-at-15.31.01-1068x801.jpeg 1068w, https:\/\/www.sistemafaeal.org.br\/senar\/wp-content\/uploads\/2019\/12\/WhatsApp-Image-2019-12-02-at-15.31.01-560x420.jpeg 560w\" sizes=\"(max-width: 1280px) 100vw, 1280px\" \/><figcaption id=\"caption-attachment-3360\" class=\"wp-caption-text\">Diretor da Adeal e secret\u00e1rio de Estado da Agricultura, Pecu\u00e1ria, Pesca e Aquicultura apresentam projeto de lei ao presidente da Faeal<\/figcaption><\/figure>\n<p>A Federa\u00e7\u00e3o da Agricultura e Pecu\u00e1ria do Estado de Alagoas \u2013 Faeal \u2013 apoia a cria\u00e7\u00e3o de uma legisla\u00e7\u00e3o espec\u00edfica para o Servi\u00e7o de Inspe\u00e7\u00e3o Estadual de Alagoas \u2013 SIE\/AL \u2013, \u00f3rg\u00e3o respons\u00e1vel pela fiscaliza\u00e7\u00e3o, inspe\u00e7\u00e3o agroindustrial e sanit\u00e1ria de produtos e subprodutos de origem animal no estado. O objetivo \u00e9 garantir a prote\u00e7\u00e3o da sa\u00fade da popula\u00e7\u00e3o, a identidade, qualidade e seguran\u00e7a higi\u00eanico-sanit\u00e1ria dos produtos de origem animal destinados aos consumidores.<\/p>\n<p>Segundo o presidente da Faeal, \u00c1lvaro Almeida, at\u00e9 hoje as fiscaliza\u00e7\u00f5es em Alagoas s\u00e3o feitas baseadas na legisla\u00e7\u00e3o federal, sem considerar as peculiaridades do estado. \u201cA aprova\u00e7\u00e3o deste projeto de lei oportunizar\u00e1 a cria\u00e7\u00e3o de normas voltadas para a sanidade animal a partir da nossa realidade. Isso abre um di\u00e1logo entre \u00f3rg\u00e3os fiscalizadores e o produtor, que passa a ter a oportunidade de discutir, ponderar, e n\u00e3o apenas ser notificado&#8221;, afirma.<\/p>\n<p>Na \u00faltima segunda-feira, 2, o secret\u00e1rio de Estado da Agricultura, Pecu\u00e1ria, Pesca e Aquicultura, Silvio Bulh\u00f5es, e o diretor da Ag\u00eancia de Defesa e Inspe\u00e7\u00e3o Agropecu\u00e1ria de Alagoas (Adeal), Carlos Alberto Neto, estiveram na Faeal para apresentar o substitutivo ao Projeto de Lei N\u00ba 177\/19 que est\u00e1 em tramita\u00e7\u00e3o na Assembleia Legislativa. &#8220;A exemplo de outros estados, Alagoas precisa ter a sua legisla\u00e7\u00e3o pr\u00f3pria e n\u00f3s esperamos que este projeto seja aprovado pela Assembleia e sancionado pelo governador o quanto antes\u201d, ressalta o presidente \u00c1lvaro Almeida.<\/p>\n<p>&nbsp;<\/p>\n<p>&nbsp;<\/p>\n","protected":false},"excerpt":{"rendered":"<p>A Federa\u00e7\u00e3o da Agricultura e Pecu\u00e1ria do Estado de Alagoas \u2013 Faeal \u2013 apoia a cria\u00e7\u00e3o de uma legisla\u00e7\u00e3o espec\u00edfica para o Servi\u00e7o de Inspe\u00e7\u00e3o Estadual de Alagoas \u2013 SIE\/AL \u2013, \u00f3rg\u00e3o respons\u00e1vel pela fiscaliza\u00e7\u00e3o, inspe\u00e7\u00e3o agroindustrial e sanit\u00e1ria de produtos e subprodutos de origem animal no estado. O objetivo \u00e9 garantir a prote\u00e7\u00e3o da [&hellip;]<\/p>\n","protected":false},"author":7,"featured_media":3360,"comment_status":"open","ping_status":"open","sticky":false,"template":"","format":"standard","meta":{"footnotes":""},"categories":[5],"tags":[],"class_list":["post-3359","post","type-post","status-publish","format-standard","has-post-thumbnail","hentry","category-noticias"],"_links":{"self":[{"href":"https:\/\/www.sistemafaeal.org.br\/senar\/wp-json\/wp\/v2\/posts\/3359","targetHints":{"allow":["GET"]}}],"collection":[{"href":"https:\/\/www.sistemafaeal.org.br\/senar\/wp-json\/wp\/v2\/posts"}],"about":[{"href":"https:\/\/www.sistemafaeal.org.br\/senar\/wp-json\/wp\/v2\/types\/post"}],"author":[{"embeddable":true,"href":"https:\/\/www.sistemafaeal.org.br\/senar\/wp-json\/wp\/v2\/users\/7"}],"replies":[{"embeddable":true,"href":"https:\/\/www.sistemafaeal.org.br\/senar\/wp-json\/wp\/v2\/comments?post=3359"}],"version-history":[{"count":0,"href":"https:\/\/www.sistemafaeal.org.br\/senar\/wp-json\/wp\/v2\/posts\/3359\/revisions"}],"wp:featuredmedia":[{"embeddable":true,"href":"https:\/\/www.sistemafaeal.org.br\/senar\/wp-json\/wp\/v2\/media\/3360"}],"wp:attachment":[{"href":"https:\/\/www.sistemafaeal.org.br\/senar\/wp-json\/wp\/v2\/media?parent=3359"}],"wp:term":[{"taxonomy":"category","embeddable":true,"href":"https:\/\/www.sistemafaeal.org.br\/senar\/wp-json\/wp\/v2\/categories?post=3359"},{"taxonomy":"post_tag","embeddable":true,"href":"https:\/\/www.sistemafaeal.org.br\/senar\/wp-json\/wp\/v2\/tags?post=3359"}],"curies":[{"name":"wp","href":"https:\/\/api.w.org\/{rel}","templated":true}]}}