{"id":3384,"date":"2019-12-09T12:04:50","date_gmt":"2019-12-09T15:04:50","guid":{"rendered":"http:\/\/www.sistemafaeal.org.br\/senar\/?p=3384"},"modified":"2019-12-09T12:04:50","modified_gmt":"2019-12-09T15:04:50","slug":"faeal-sugere-reducao-nas-taxas-de-cartorio-para-cedulas-rurais","status":"publish","type":"post","link":"https:\/\/www.sistemafaeal.org.br\/senar\/faeal-sugere-reducao-nas-taxas-de-cartorio-para-cedulas-rurais\/","title":{"rendered":"Faeal sugere redu\u00e7\u00e3o nas taxas de cart\u00f3rio para c\u00e9dulas rurais"},"content":{"rendered":"<p><em>Anteprojeto de lei deve ser encaminhado \u00e0 Assembleia Legislativa nos pr\u00f3ximos dias<\/em><\/p>\n<p><img fetchpriority=\"high\" decoding=\"async\" class=\"alignright size-full wp-image-3385\" src=\"http:\/\/www.sistemafaeal.org.br\/senar\/wp-content\/uploads\/2019\/12\/TJ2.jpg\" alt=\"\" width=\"1000\" height=\"667\" srcset=\"https:\/\/www.sistemafaeal.org.br\/senar\/wp-content\/uploads\/2019\/12\/TJ2.jpg 1000w, https:\/\/www.sistemafaeal.org.br\/senar\/wp-content\/uploads\/2019\/12\/TJ2-600x400.jpg 600w, https:\/\/www.sistemafaeal.org.br\/senar\/wp-content\/uploads\/2019\/12\/TJ2-300x200.jpg 300w, https:\/\/www.sistemafaeal.org.br\/senar\/wp-content\/uploads\/2019\/12\/TJ2-768x512.jpg 768w, https:\/\/www.sistemafaeal.org.br\/senar\/wp-content\/uploads\/2019\/12\/TJ2-696x464.jpg 696w, https:\/\/www.sistemafaeal.org.br\/senar\/wp-content\/uploads\/2019\/12\/TJ2-630x420.jpg 630w\" sizes=\"(max-width: 1000px) 100vw, 1000px\" \/>Prestes a ser apreciado pela Assembleia Legislativa, o anteprojeto de lei que disp\u00f5e sobre emolumentos dos servi\u00e7os notariais \u2013 taxas cobradas por cart\u00f3rios \u2013 preocupa o setor agropecu\u00e1rio alagoano. A Federa\u00e7\u00e3o da Agricultura e Pecu\u00e1ria do Estado de Alagoas \u2013 Faeal \u2013 vem dialogando com o poder judici\u00e1rio e sugerindo altera\u00e7\u00f5es no documento, para que os pequenos e m\u00e9dios produtores rurais n\u00e3o sejam inviabilizados de continuar no exerc\u00edcio da atividade.<\/p>\n<p>Nesta segunda-feira, 9, o presidente da Faeal, \u00c1lvaro Almeida, se reuniu com o presidente do Tribunal de Justi\u00e7a de Alagoas, desembargador Tutm\u00e9s Airan, na sede do TJ\/AL, para expor a preocupa\u00e7\u00e3o do segmento e as sugest\u00f5es de mudan\u00e7as no anteprojeto. No \u00faltimo dia 11 de novembro, Almeida j\u00e1 havia se reunido com o corregedor Geral de Justi\u00e7a de Alagoas, desembargador Fernando Tourinho, para discutir o assunto.<\/p>\n<p>\u201cCaso n\u00e3o se modifiquem os valores atuais dos emolumentos, por ocasi\u00e3o do registro das c\u00e9dulas rurais, mais de 90% dos produtores alagoanos n\u00e3o ser\u00e3o beneficiados pela legisla\u00e7\u00e3o que trata das consolida\u00e7\u00f5es dos seus d\u00e9bitos provenientes do endividamento, pois os emolumentos cobrados s\u00e3o bem maiores do que as parcelas a serem pagas no novo instrumento de repactua\u00e7\u00e3o. Isso tamb\u00e9m impede os produtores de contrair novos financiamentos para que possam continuar exercendo suas atividades\u201d, estima o presidente \u00c1lvaro Almeida.<\/p>\n<p>\u201cH\u00e1 uma discuss\u00e3o em torno dos valores e das dificuldades que os pequenos e m\u00e9dios produtores rurais t\u00eam de fazer os pagamentos dos respectivos registros. A Federa\u00e7\u00e3o veio aqui para expressar essa preocupa\u00e7\u00e3o e tamb\u00e9m para propor mudan\u00e7as no C\u00f3digo de Emolumentos. Eu passarei essa preocupa\u00e7\u00e3o ao desembargador Fernando Tourinho (corregedor Geral de Justi\u00e7a) para que a gente analise o pleito, pois o documento est\u00e1 em fase de conclus\u00e3o para envio \u00e0 Assembleia Legislativa, \u00f3rg\u00e3o que tem autoridade para aprovar a vers\u00e3o final\u201d, afirma o presidente do TJ\/AL, desembargador Tutm\u00e9s Airan.<\/p>\n<p>\u201cA nossa expectativa \u00e9 de que o Tribunal de Justi\u00e7a de Alagoas, mais uma vez, dar\u00e1 toda aten\u00e7\u00e3o ao pleito da Federa\u00e7\u00e3o da Agricultura e Pecu\u00e1ria, pois o agroneg\u00f3cio \u00e9 de suma import\u00e2ncia para o desenvolvimento socioecon\u00f4mico do Estado e contribui significativamente para a gera\u00e7\u00e3o de emprego e renda\u201d, diz o presidente da Faeal, \u00c1lvaro Almeida.<\/p>\n","protected":false},"excerpt":{"rendered":"<p>Anteprojeto de lei deve ser encaminhado \u00e0 Assembleia Legislativa nos pr\u00f3ximos dias Prestes a ser apreciado pela Assembleia Legislativa, o anteprojeto de lei que disp\u00f5e sobre emolumentos dos servi\u00e7os notariais \u2013 taxas cobradas por cart\u00f3rios \u2013 preocupa o setor agropecu\u00e1rio alagoano. A Federa\u00e7\u00e3o da Agricultura e Pecu\u00e1ria do Estado de Alagoas \u2013 Faeal \u2013 vem [&hellip;]<\/p>\n","protected":false},"author":7,"featured_media":3385,"comment_status":"open","ping_status":"open","sticky":false,"template":"","format":"standard","meta":{"footnotes":""},"categories":[5],"tags":[],"class_list":["post-3384","post","type-post","status-publish","format-standard","has-post-thumbnail","hentry","category-noticias"],"_links":{"self":[{"href":"https:\/\/www.sistemafaeal.org.br\/senar\/wp-json\/wp\/v2\/posts\/3384","targetHints":{"allow":["GET"]}}],"collection":[{"href":"https:\/\/www.sistemafaeal.org.br\/senar\/wp-json\/wp\/v2\/posts"}],"about":[{"href":"https:\/\/www.sistemafaeal.org.br\/senar\/wp-json\/wp\/v2\/types\/post"}],"author":[{"embeddable":true,"href":"https:\/\/www.sistemafaeal.org.br\/senar\/wp-json\/wp\/v2\/users\/7"}],"replies":[{"embeddable":true,"href":"https:\/\/www.sistemafaeal.org.br\/senar\/wp-json\/wp\/v2\/comments?post=3384"}],"version-history":[{"count":0,"href":"https:\/\/www.sistemafaeal.org.br\/senar\/wp-json\/wp\/v2\/posts\/3384\/revisions"}],"wp:featuredmedia":[{"embeddable":true,"href":"https:\/\/www.sistemafaeal.org.br\/senar\/wp-json\/wp\/v2\/media\/3385"}],"wp:attachment":[{"href":"https:\/\/www.sistemafaeal.org.br\/senar\/wp-json\/wp\/v2\/media?parent=3384"}],"wp:term":[{"taxonomy":"category","embeddable":true,"href":"https:\/\/www.sistemafaeal.org.br\/senar\/wp-json\/wp\/v2\/categories?post=3384"},{"taxonomy":"post_tag","embeddable":true,"href":"https:\/\/www.sistemafaeal.org.br\/senar\/wp-json\/wp\/v2\/tags?post=3384"}],"curies":[{"name":"wp","href":"https:\/\/api.w.org\/{rel}","templated":true}]}}