{"id":3391,"date":"2019-12-11T13:17:39","date_gmt":"2019-12-11T16:17:39","guid":{"rendered":"http:\/\/www.sistemafaeal.org.br\/senar\/?p=3391"},"modified":"2019-12-11T13:17:39","modified_gmt":"2019-12-11T16:17:39","slug":"programa-estadual-de-barragens-subterraneas-beneficiara-pequenos-agricultores-do-semiarido","status":"publish","type":"post","link":"https:\/\/www.sistemafaeal.org.br\/senar\/programa-estadual-de-barragens-subterraneas-beneficiara-pequenos-agricultores-do-semiarido\/","title":{"rendered":"Programa Estadual de Barragens Subterr\u00e2neas beneficiar\u00e1 pequenos agricultores do Semi\u00e1rido"},"content":{"rendered":"<p><em>Investimento inicial ser\u00e1 de R$ 10 milh\u00f5es para a constru\u00e7\u00e3o de 50 barragens<\/em><\/p>\n<figure id=\"attachment_3393\" aria-describedby=\"caption-attachment-3393\" style=\"width: 1000px\" class=\"wp-caption aligncenter\"><img fetchpriority=\"high\" decoding=\"async\" class=\"wp-image-3393 size-full\" src=\"http:\/\/www.sistemafaeal.org.br\/senar\/wp-content\/uploads\/2019\/12\/mapa.jpg\" alt=\"\" width=\"1000\" height=\"667\" srcset=\"https:\/\/www.sistemafaeal.org.br\/senar\/wp-content\/uploads\/2019\/12\/mapa.jpg 1000w, https:\/\/www.sistemafaeal.org.br\/senar\/wp-content\/uploads\/2019\/12\/mapa-600x400.jpg 600w, https:\/\/www.sistemafaeal.org.br\/senar\/wp-content\/uploads\/2019\/12\/mapa-300x200.jpg 300w, https:\/\/www.sistemafaeal.org.br\/senar\/wp-content\/uploads\/2019\/12\/mapa-768x512.jpg 768w, https:\/\/www.sistemafaeal.org.br\/senar\/wp-content\/uploads\/2019\/12\/mapa-696x464.jpg 696w, https:\/\/www.sistemafaeal.org.br\/senar\/wp-content\/uploads\/2019\/12\/mapa-630x420.jpg 630w\" sizes=\"(max-width: 1000px) 100vw, 1000px\" \/><figcaption id=\"caption-attachment-3393\" class=\"wp-caption-text\">Apresenta\u00e7\u00e3o do mapa das \u00e1reas potenciais<\/figcaption><\/figure>\n<p>O Governo de Alagoas lan\u00e7ou o Programa Estadual de Barragens Subterr\u00e2neas na manh\u00e3 desta quarta-feira, 11. O objetivo \u00e9 aumentar a oferta de \u00e1gua para o consumo humano, animal, irriga\u00e7\u00e3o e a seguran\u00e7a alimentar nas regi\u00f5es mais secas. Durante a solenidade, no Pal\u00e1cio Rep\u00fablica dos Palmares, em Macei\u00f3, a Empresa Brasileira de Pesquisa Agropecu\u00e1ria \u2013 Embrapa \u2013 apresentou o Mapa Generalizado de \u00c1reas Potenciais para a Constru\u00e7\u00e3o de Barragens Subterr\u00e2neas, estudo que subsidiar\u00e1 o programa. Alagoas \u00e9 o primeiro estado do semi\u00e1rido brasileiro a realizar este tipo de zoneamento.<\/p>\n<p>O lan\u00e7amento do programa aconteceu pouco mais de um ano ap\u00f3s a Federa\u00e7\u00e3o da Agricultura e Pecu\u00e1ria do Estado de Alagoas \u2013 Faeal \u2013 iniciar uma ampla discuss\u00e3o, com diversos entes p\u00fablicos, sobre a necessidade da constru\u00e7\u00e3o de barragens subterr\u00e2neas para garantir o sustento e a produtividade de pequenos produtores rurais e seus familiares.<\/p>\n<p>A ideia do programa estadual surgiu a partir do exemplo do Seu Ded\u00e9, agricultor do munic\u00edpio de S\u00e3o Jos\u00e9 da Tapera que construiu a pr\u00f3pria barragem e hoje produz mais de 90 tipos de plantas, e de um projeto-piloto realizado pelo Servi\u00e7o Nacional de Aprendizagem Rural \u2013 Senar Alagoas \u2013 em parceria com o Sebrae. Por meio do programa Sert\u00e3o Empreendedor, as duas institui\u00e7\u00f5es constru\u00edram uma barragem subterr\u00e2nea a baixo custo e capaz de abastecer at\u00e9 cinco fam\u00edlias, o ano inteiro.<\/p>\n<figure id=\"attachment_3394\" aria-describedby=\"caption-attachment-3394\" style=\"width: 1000px\" class=\"wp-caption aligncenter\"><img decoding=\"async\" class=\"wp-image-3394 size-full\" src=\"http:\/\/www.sistemafaeal.org.br\/senar\/wp-content\/uploads\/2019\/12\/mapa3.jpg\" alt=\"\" width=\"1000\" height=\"667\" srcset=\"https:\/\/www.sistemafaeal.org.br\/senar\/wp-content\/uploads\/2019\/12\/mapa3.jpg 1000w, https:\/\/www.sistemafaeal.org.br\/senar\/wp-content\/uploads\/2019\/12\/mapa3-600x400.jpg 600w, https:\/\/www.sistemafaeal.org.br\/senar\/wp-content\/uploads\/2019\/12\/mapa3-300x200.jpg 300w, https:\/\/www.sistemafaeal.org.br\/senar\/wp-content\/uploads\/2019\/12\/mapa3-768x512.jpg 768w, https:\/\/www.sistemafaeal.org.br\/senar\/wp-content\/uploads\/2019\/12\/mapa3-696x464.jpg 696w, https:\/\/www.sistemafaeal.org.br\/senar\/wp-content\/uploads\/2019\/12\/mapa3-630x420.jpg 630w\" sizes=\"(max-width: 1000px) 100vw, 1000px\" \/><figcaption id=\"caption-attachment-3394\" class=\"wp-caption-text\">\u00c1lvaro Almeida: &#8220;Nosso sentimento \u00e9 de dever cumprido&#8221;<\/figcaption><\/figure>\n<p>\u201cQuando percebemos o potencial dessa tecnologia para o desenvolvimento socioecon\u00f4mico do Estado, passamos a provocar as institui\u00e7\u00f5es e agentes p\u00fablicos para a constru\u00e7\u00e3o de um grande programa capitaneado pelo Governo. Fomos \u00e0 Embrapa Solos, em Recife, e descobrimos que havia um projeto de mapeamento pioneiro e importante para a defini\u00e7\u00e3o das \u00e1reas de constru\u00e7\u00e3o das barragens, mas os estudos corriam o risco de interrup\u00e7\u00e3o por conta dos cortes nos recursos federais. Articulamos o apoio do Sebrae, o mapeamento foi conclu\u00eddo e, hoje, com o lan\u00e7amento do programa estadual, o nosso sentimento \u00e9 de dever cumprido\u201d, comemora o presidente da Faeal, \u00c1lvaro Almeida.<\/p>\n<p>Segundo o secret\u00e1rio de Estado do Meio Ambiente e Recursos H\u00eddricos, Fernando Pereira, a expectativa \u00e9 construir 200 barragens subterr\u00e2neas por meio do programa. &#8220;Desta forma garantiremos \u00e1gua para o plantio e o rebanho, e contribuiremos para que o produtor permane\u00e7a no campo, gerando emprego e renda nos munic\u00edpios. Faremos deste projeto uma refer\u00eancia para todo o Nordeste&#8221;, avalia.<\/p>\n<p>A deputada estadual F\u00e1tima Canuto tamb\u00e9m participou da solenidade. Ela foi a propositora da sess\u00e3o especial em que a necessidade da elabora\u00e7\u00e3o do programa estadual foi debatida. \u201cLevei esse tema para a Assembleia Legislativa por entender que ele precisava ser tratado, j\u00e1 que \u00e9 de suma import\u00e2ncia para o nosso estado. Debatemos assuntos como a manuten\u00e7\u00e3o, constru\u00e7\u00e3o e funcionamento das barragens. Vi que muitas pessoas desconheciam o tema e se encantaram quando souberam dos benef\u00edcios das barragens subterr\u00e2neas e do quanto elas podem mudar a vida de v\u00e1rias fam\u00edlias. Fiquei feliz de ter sido propositora de uma sess\u00e3o especial que fortaleceu ainda mais o assunto\u201d, comenta a parlamentar.<\/p>\n<figure id=\"attachment_3395\" aria-describedby=\"caption-attachment-3395\" style=\"width: 1000px\" class=\"wp-caption aligncenter\"><img decoding=\"async\" class=\"wp-image-3395 size-full\" src=\"http:\/\/www.sistemafaeal.org.br\/senar\/wp-content\/uploads\/2019\/12\/mapa4.jpg\" alt=\"\" width=\"1000\" height=\"711\" srcset=\"https:\/\/www.sistemafaeal.org.br\/senar\/wp-content\/uploads\/2019\/12\/mapa4.jpg 1000w, https:\/\/www.sistemafaeal.org.br\/senar\/wp-content\/uploads\/2019\/12\/mapa4-600x427.jpg 600w, https:\/\/www.sistemafaeal.org.br\/senar\/wp-content\/uploads\/2019\/12\/mapa4-300x213.jpg 300w, https:\/\/www.sistemafaeal.org.br\/senar\/wp-content\/uploads\/2019\/12\/mapa4-768x546.jpg 768w, https:\/\/www.sistemafaeal.org.br\/senar\/wp-content\/uploads\/2019\/12\/mapa4-100x70.jpg 100w, https:\/\/www.sistemafaeal.org.br\/senar\/wp-content\/uploads\/2019\/12\/mapa4-696x495.jpg 696w, https:\/\/www.sistemafaeal.org.br\/senar\/wp-content\/uploads\/2019\/12\/mapa4-591x420.jpg 591w\" sizes=\"(max-width: 1000px) 100vw, 1000px\" \/><figcaption id=\"caption-attachment-3395\" class=\"wp-caption-text\">Secret\u00e1rio Fernando Pereira recebe mapa das m\u00e3os da chefe-geral da Embrapa Solos, Petula Ponciano<\/figcaption><\/figure>\n<p><strong>Primeira fase<\/strong><br \/>\nO Programa Estadual de Barragens Subterr\u00e2neas ter\u00e1 in\u00edcio no primeiro trimestre de 2020, sob a tutela da Secretaria de Estado do Meio Ambiente e Recursos H\u00eddricos \u2013 Semarh. Na primeira etapa, a previs\u00e3o \u00e9 construir 50 barragens e beneficiar cerca de 250 fam\u00edlias, em 38 munic\u00edpios do Agreste e Sert\u00e3o. O investimento inicial ser\u00e1 de R$10 milh\u00f5es.<\/p>\n<p>Conduzidos pela Embrapa Solos, os estudos que resultaram no Mapa Generalizado de \u00c1reas Potenciais para a Constru\u00e7\u00e3o de Barragens Subterr\u00e2neas embasar\u00e3o as a\u00e7\u00f5es do programa estadual. Mais de 12 mil km\u00b2 foram mapeados, a partir de uma an\u00e1lise multicrit\u00e9rio, com cruzamento dos par\u00e2metros solo, clima, relevo e geologia. Para aferir as informa\u00e7\u00f5es do mapa, os pesquisadores fizeram expedi\u00e7\u00f5es de valida\u00e7\u00f5es em campo, por microrregi\u00e3o. O trabalho contou com a participa\u00e7\u00e3o de agentes de desenvolvimento e agricultores locais.<\/p>\n<p>&#8220;O zoneamento das \u00e1reas \u00e9 um trabalho minucioso, exaustivo e \u00e9 muito interessante ver como o Governo do Estado priorizou essa ferramenta que d\u00e1 base para a estrutura\u00e7\u00e3o de pol\u00edticas p\u00fablicas e j\u00e1 com o lan\u00e7amento de uma pol\u00edtica que realmente far\u00e1 a diferen\u00e7a para a regi\u00e3o do Agreste e Sert\u00e3o de Alagoas&#8221;, observa a chefe-geral da Embrapa Solos, Petula Ponciano.<\/p>\n<p>A solenidade tamb\u00e9m contou com a participa\u00e7\u00e3o do secret\u00e1rio de Estado da Agricultura, Pecu\u00e1ria, Pesca e Aquicultura, Silvio Bilh\u00f5es; do superintendente regional do Minist\u00e9rio da Agricultura, Pesca e Abastecimento, Alay Correia; das deputadas estaduais \u00c2ngela Garrote e J\u00f3 Pereira; do superintendente do Sebrae Alagoas, Marcos Vieira; e do coordenador executivo da Articula\u00e7\u00e3o no Semi\u00e1rido Brasileiro \u2013 ASA \u2013, Albanir Vieira, entre outras autoridades.<\/p>\n","protected":false},"excerpt":{"rendered":"<p>Investimento inicial ser\u00e1 de R$ 10 milh\u00f5es para a constru\u00e7\u00e3o de 50 barragens O Governo de Alagoas lan\u00e7ou o Programa Estadual de Barragens Subterr\u00e2neas na manh\u00e3 desta quarta-feira, 11. O objetivo \u00e9 aumentar a oferta de \u00e1gua para o consumo humano, animal, irriga\u00e7\u00e3o e a seguran\u00e7a alimentar nas regi\u00f5es mais secas. Durante a solenidade, no [&hellip;]<\/p>\n","protected":false},"author":7,"featured_media":3393,"comment_status":"open","ping_status":"open","sticky":false,"template":"","format":"standard","meta":{"footnotes":""},"categories":[5],"tags":[],"class_list":["post-3391","post","type-post","status-publish","format-standard","has-post-thumbnail","hentry","category-noticias"],"_links":{"self":[{"href":"https:\/\/www.sistemafaeal.org.br\/senar\/wp-json\/wp\/v2\/posts\/3391","targetHints":{"allow":["GET"]}}],"collection":[{"href":"https:\/\/www.sistemafaeal.org.br\/senar\/wp-json\/wp\/v2\/posts"}],"about":[{"href":"https:\/\/www.sistemafaeal.org.br\/senar\/wp-json\/wp\/v2\/types\/post"}],"author":[{"embeddable":true,"href":"https:\/\/www.sistemafaeal.org.br\/senar\/wp-json\/wp\/v2\/users\/7"}],"replies":[{"embeddable":true,"href":"https:\/\/www.sistemafaeal.org.br\/senar\/wp-json\/wp\/v2\/comments?post=3391"}],"version-history":[{"count":0,"href":"https:\/\/www.sistemafaeal.org.br\/senar\/wp-json\/wp\/v2\/posts\/3391\/revisions"}],"wp:featuredmedia":[{"embeddable":true,"href":"https:\/\/www.sistemafaeal.org.br\/senar\/wp-json\/wp\/v2\/media\/3393"}],"wp:attachment":[{"href":"https:\/\/www.sistemafaeal.org.br\/senar\/wp-json\/wp\/v2\/media?parent=3391"}],"wp:term":[{"taxonomy":"category","embeddable":true,"href":"https:\/\/www.sistemafaeal.org.br\/senar\/wp-json\/wp\/v2\/categories?post=3391"},{"taxonomy":"post_tag","embeddable":true,"href":"https:\/\/www.sistemafaeal.org.br\/senar\/wp-json\/wp\/v2\/tags?post=3391"}],"curies":[{"name":"wp","href":"https:\/\/api.w.org\/{rel}","templated":true}]}}