{"id":3398,"date":"2019-12-13T12:36:34","date_gmt":"2019-12-13T15:36:34","guid":{"rendered":"http:\/\/www.sistemafaeal.org.br\/senar\/?p=3398"},"modified":"2019-12-13T12:36:34","modified_gmt":"2019-12-13T15:36:34","slug":"assessor-da-faeal-ministra-palestra-no-congresso-cidades-e-gestores","status":"publish","type":"post","link":"https:\/\/www.sistemafaeal.org.br\/senar\/assessor-da-faeal-ministra-palestra-no-congresso-cidades-e-gestores\/","title":{"rendered":"Assessor da Faeal ministra palestra no Congresso Cidades e Gestores"},"content":{"rendered":"<figure id=\"attachment_3399\" aria-describedby=\"caption-attachment-3399\" style=\"width: 800px\" class=\"wp-caption aligncenter\"><img fetchpriority=\"high\" decoding=\"async\" class=\"wp-image-3399 size-full\" src=\"http:\/\/www.sistemafaeal.org.br\/senar\/wp-content\/uploads\/2019\/12\/cidadesfaeal1.jpg\" alt=\"\" width=\"800\" height=\"533\" srcset=\"https:\/\/www.sistemafaeal.org.br\/senar\/wp-content\/uploads\/2019\/12\/cidadesfaeal1.jpg 800w, https:\/\/www.sistemafaeal.org.br\/senar\/wp-content\/uploads\/2019\/12\/cidadesfaeal1-600x400.jpg 600w, https:\/\/www.sistemafaeal.org.br\/senar\/wp-content\/uploads\/2019\/12\/cidadesfaeal1-300x200.jpg 300w, https:\/\/www.sistemafaeal.org.br\/senar\/wp-content\/uploads\/2019\/12\/cidadesfaeal1-768x512.jpg 768w, https:\/\/www.sistemafaeal.org.br\/senar\/wp-content\/uploads\/2019\/12\/cidadesfaeal1-696x464.jpg 696w, https:\/\/www.sistemafaeal.org.br\/senar\/wp-content\/uploads\/2019\/12\/cidadesfaeal1-630x420.jpg 630w\" sizes=\"(max-width: 800px) 100vw, 800px\" \/><figcaption id=\"caption-attachment-3399\" class=\"wp-caption-text\">Noel Loureiro fez uma radiografia do setor<\/figcaption><\/figure>\n<p>A Federa\u00e7\u00e3o da Agricultura e Pecu\u00e1ria do Estado de Alagoas \u2013 Faeal \u2013 e o Servi\u00e7o Nacional de Aprendizagem Rural \u2013 Senar Alagoas \u2013 marcaram presen\u00e7a no Congresso Cidades e Gestores, promovido pela Associa\u00e7\u00e3o dos Munic\u00edpios Alagoanos \u2013 AMA. O evento come\u00e7ou no \u00fatimo dia 12 e prossegue at\u00e9 o pr\u00f3ximo domingo, 15, no Centro Cultural e de Exposi\u00e7\u00f5es Ruth Cardoso, em Macei\u00f3.<\/p>\n<p>Na manh\u00e3 desta sexta-feira, 13, o assessor t\u00e9cnico da Faeal, Noel Loureiro ministrou palestra sobre o agroneg\u00f3cio em Alagoas, insumos, perspectivas e outros aspectos. \u201cFizemos uma radiografia da estrutura agr\u00e1ria e agr\u00edcola do estado, baseada no Censo do IBGE. Os dados apontam um esvaziamento do campo, envelhecimento da popula\u00e7\u00e3o rural e maior participa\u00e7\u00e3o das mulheres. Tamb\u00e9m observamos que as atividades agr\u00edcolas t\u00eam um n\u00edvel de acidentes muito baixo no estado\u201d, comentou o palestrante.<\/p>\n<p>Outro dado importante apresentado por Noel Loureiro foi a diminui\u00e7\u00e3o no n\u00famero de propriedades rurais, principalmente das pequenas. \u201cEm 2006, Alagoas tinha 123 mil propriedades, das quais, 12 mil eram das chamadas patronais. Hoje, temos 98 mil propriedades, das quais, 16 mil s\u00e3o patronais. Isso mostra uma redu\u00e7\u00e3o nas propriedades da agricultura familiar, de 111 mil para 82 mil\u201d, observa o assessor t\u00e9cnico da Faeal.<\/p>\n<p>Al\u00e9m de Noel, o superintendente do Desenvolvimento Agropecu\u00e1rio da Seagri, Hibernon Cavalcante, e o presidente do F\u00f3rum dos Secret\u00e1rios Municipais de Agricultura, Luciano Monteiro falaram sobre os desafios e oportunidades em Alagoas. J\u00e1 o pesquisador da Empresa Brasileira de Pesquisa Agropecu\u00e1ria, Ant\u00f4nio Santiago discorreu sobre a atua\u00e7\u00e3o Embrapa Alimentos e Territ\u00f3rios no estado.<\/p>\n<p>As discuss\u00f5es do Eixo Agricultura foram mediadas pelo secret\u00e1rio de Estado da Agricultura, Pecu\u00e1ria, Pesca e Aquiculturade Alagoas, Silvio Bulh\u00f5es, e tiveram como debatedor o presidente da Cooperativa Agropecu\u00e1ria e Industrial de Arapiraca \u2013 Capial \u2013, Francisco de Souza.<\/p>\n<p>O secret\u00e1rio mostrou otimismo para o ano de 2020. \u201cJ\u00e1 tivemos um 2019 muito bom, o inverno favoreceu a produ\u00e7\u00e3o agropecu\u00e1ria, houve uma retomada do setor sucroenerg\u00e9tico, um processo de fortalecimento e amplia\u00e7\u00e3o da pecu\u00e1ria de corte, quase que um ressurgimento da pecu\u00e1ria de leite, portanto, temos motivos suficientes para acreditar que o pr\u00f3ximo ano manter\u00e1 esse ritmo e ser\u00e1 muito bom para o agroneg\u00f3cio de Alagoas\u201d, vislumbrou Bulh\u00f5es.<\/p>\n<p>Bulh\u00f5es tamb\u00e9m falou sobre as prioridades do Governo de Alagoas para o agroneg\u00f3cio no pr\u00f3ximo ano. \u201cTemos um foco muito claro que \u00e9 executar o programa de regionaliza\u00e7\u00e3o de matadouros, o que fortalecer\u00e1 ainda mais a pecu\u00e1ria de corte; continuar fomentando a cadeia produtiva do leite, uma das mais que mais geram emprego e renda; e fortalecer as a\u00e7\u00f5es no Canal do Sert\u00e3o e a agricultura familiar como um todo\u201d, antecipou o secret\u00e1rio.<\/p>\n<p><strong>Participa\u00e7\u00e3o do Senar<br \/>\n<\/strong>Durante o ciclo de palestras, a coordenadora t\u00e9cnica do Senar Alagoas, Graziela Freitas, apresentou os programas e a\u00e7\u00f5es voltados para a educa\u00e7\u00e3o profissional, assist\u00eancia t\u00e9cnica e promo\u00e7\u00e3o social.<\/p>\n","protected":false},"excerpt":{"rendered":"<p>A Federa\u00e7\u00e3o da Agricultura e Pecu\u00e1ria do Estado de Alagoas \u2013 Faeal \u2013 e o Servi\u00e7o Nacional de Aprendizagem Rural \u2013 Senar Alagoas \u2013 marcaram presen\u00e7a no Congresso Cidades e Gestores, promovido pela Associa\u00e7\u00e3o dos Munic\u00edpios Alagoanos \u2013 AMA. O evento come\u00e7ou no \u00fatimo dia 12 e prossegue at\u00e9 o pr\u00f3ximo domingo, 15, no Centro [&hellip;]<\/p>\n","protected":false},"author":7,"featured_media":3399,"comment_status":"open","ping_status":"open","sticky":false,"template":"","format":"standard","meta":{"footnotes":""},"categories":[5],"tags":[],"class_list":["post-3398","post","type-post","status-publish","format-standard","has-post-thumbnail","hentry","category-noticias"],"_links":{"self":[{"href":"https:\/\/www.sistemafaeal.org.br\/senar\/wp-json\/wp\/v2\/posts\/3398","targetHints":{"allow":["GET"]}}],"collection":[{"href":"https:\/\/www.sistemafaeal.org.br\/senar\/wp-json\/wp\/v2\/posts"}],"about":[{"href":"https:\/\/www.sistemafaeal.org.br\/senar\/wp-json\/wp\/v2\/types\/post"}],"author":[{"embeddable":true,"href":"https:\/\/www.sistemafaeal.org.br\/senar\/wp-json\/wp\/v2\/users\/7"}],"replies":[{"embeddable":true,"href":"https:\/\/www.sistemafaeal.org.br\/senar\/wp-json\/wp\/v2\/comments?post=3398"}],"version-history":[{"count":0,"href":"https:\/\/www.sistemafaeal.org.br\/senar\/wp-json\/wp\/v2\/posts\/3398\/revisions"}],"wp:featuredmedia":[{"embeddable":true,"href":"https:\/\/www.sistemafaeal.org.br\/senar\/wp-json\/wp\/v2\/media\/3399"}],"wp:attachment":[{"href":"https:\/\/www.sistemafaeal.org.br\/senar\/wp-json\/wp\/v2\/media?parent=3398"}],"wp:term":[{"taxonomy":"category","embeddable":true,"href":"https:\/\/www.sistemafaeal.org.br\/senar\/wp-json\/wp\/v2\/categories?post=3398"},{"taxonomy":"post_tag","embeddable":true,"href":"https:\/\/www.sistemafaeal.org.br\/senar\/wp-json\/wp\/v2\/tags?post=3398"}],"curies":[{"name":"wp","href":"https:\/\/api.w.org\/{rel}","templated":true}]}}