{"id":3410,"date":"2019-12-17T19:08:47","date_gmt":"2019-12-17T22:08:47","guid":{"rendered":"http:\/\/www.sistemafaeal.org.br\/senar\/?p=3410"},"modified":"2019-12-17T20:30:30","modified_gmt":"2019-12-17T23:30:30","slug":"alunos-da-rede-e-tec-apresentam-trabalhos-de-conclusao-de-curso","status":"publish","type":"post","link":"https:\/\/www.sistemafaeal.org.br\/senar\/alunos-da-rede-e-tec-apresentam-trabalhos-de-conclusao-de-curso\/","title":{"rendered":"Alunos da Rede E-Tec apresentam trabalhos de conclus\u00e3o de curso"},"content":{"rendered":"<figure id=\"attachment_3416\" aria-describedby=\"caption-attachment-3416\" style=\"width: 1280px\" class=\"wp-caption aligncenter\"><img fetchpriority=\"high\" decoding=\"async\" class=\"wp-image-3416 size-full\" src=\"http:\/\/www.sistemafaeal.org.br\/senar\/wp-content\/uploads\/2019\/12\/WhatsApp-Image-2019-12-17-at-18.59.04.jpeg\" alt=\"\" width=\"1280\" height=\"812\" srcset=\"https:\/\/www.sistemafaeal.org.br\/senar\/wp-content\/uploads\/2019\/12\/WhatsApp-Image-2019-12-17-at-18.59.04.jpeg 1280w, https:\/\/www.sistemafaeal.org.br\/senar\/wp-content\/uploads\/2019\/12\/WhatsApp-Image-2019-12-17-at-18.59.04-600x381.jpeg 600w, https:\/\/www.sistemafaeal.org.br\/senar\/wp-content\/uploads\/2019\/12\/WhatsApp-Image-2019-12-17-at-18.59.04-300x190.jpeg 300w, https:\/\/www.sistemafaeal.org.br\/senar\/wp-content\/uploads\/2019\/12\/WhatsApp-Image-2019-12-17-at-18.59.04-1024x650.jpeg 1024w, https:\/\/www.sistemafaeal.org.br\/senar\/wp-content\/uploads\/2019\/12\/WhatsApp-Image-2019-12-17-at-18.59.04-768x487.jpeg 768w, https:\/\/www.sistemafaeal.org.br\/senar\/wp-content\/uploads\/2019\/12\/WhatsApp-Image-2019-12-17-at-18.59.04-696x442.jpeg 696w, https:\/\/www.sistemafaeal.org.br\/senar\/wp-content\/uploads\/2019\/12\/WhatsApp-Image-2019-12-17-at-18.59.04-1068x678.jpeg 1068w, https:\/\/www.sistemafaeal.org.br\/senar\/wp-content\/uploads\/2019\/12\/WhatsApp-Image-2019-12-17-at-18.59.04-662x420.jpeg 662w\" sizes=\"(max-width: 1280px) 100vw, 1280px\" \/><figcaption id=\"caption-attachment-3416\" class=\"wp-caption-text\">Aos 70 anos, Jos\u00e9 Cabral \u00e9 um exemplo para os colegas<\/figcaption><\/figure>\n<p>Estudantes do Curso T\u00e9cnico de N\u00edvel M\u00e9dio em Agroneg\u00f3cio do Servi\u00e7o Nacional de Aprendizagem Rural &#8211; Senar &#8211; apresentaram os trabalhos de conclus\u00e3o de curso no \u00faltimo s\u00e1bado, 14. Ao todo, 27 trabalhos foram apresentados por 42 alunos de sete polos de apoio presencial: Arapiraca, Mar Vermelho, Palmeira dos \u00cdndios, Santana do Ipanema, Penedo, Major Izidoro e Mata Grande.<\/p>\n<p>Aos 70 anos, o formando Jos\u00e9 Cabral Filho \u00e9 um exemplo para os colegas de Palmeira dos \u00cdndios. Autor do trabalho intitulado \u201cO que leva um produtor rural pequeno ou m\u00e9dio a ser assistido por um contador?\u201d, o professor aposentado de Matem\u00e1tica n\u00e3o se cansa de aprender. No \u00faltimo m\u00eas de mar\u00e7o, concluiu a segunda gradua\u00e7\u00e3o, em Ci\u00eancias Cont\u00e1beis, e agora pretende usar o conhecimento adquirido no curso t\u00e9cnico do Senar para o trabalho como perito contador.<\/p>\n<p>\u201cRecebi o meu diploma de Cont\u00e1beis e, em julho, fui nomeado perito contador da 63\u00aa Vara do Trabalho em Palmeira dos \u00cdndios. Agora eu quero trabalhar no agroneg\u00f3cio como perito, quando aparecer algum problema sobre per\u00edcia, envolvendo um trabalhador rural, eu tenho compet\u00eancia para atuar\u201d, comenta Jos\u00e9 Cabral.<\/p>\n<figure id=\"attachment_3415\" aria-describedby=\"caption-attachment-3415\" style=\"width: 1280px\" class=\"wp-caption aligncenter\"><img decoding=\"async\" class=\"wp-image-3415 size-full\" src=\"http:\/\/www.sistemafaeal.org.br\/senar\/wp-content\/uploads\/2019\/12\/WhatsApp-Image-2019-12-17-at-18.59.04-2.jpeg\" alt=\"\" width=\"1280\" height=\"778\" srcset=\"https:\/\/www.sistemafaeal.org.br\/senar\/wp-content\/uploads\/2019\/12\/WhatsApp-Image-2019-12-17-at-18.59.04-2.jpeg 1280w, https:\/\/www.sistemafaeal.org.br\/senar\/wp-content\/uploads\/2019\/12\/WhatsApp-Image-2019-12-17-at-18.59.04-2-600x365.jpeg 600w, https:\/\/www.sistemafaeal.org.br\/senar\/wp-content\/uploads\/2019\/12\/WhatsApp-Image-2019-12-17-at-18.59.04-2-300x182.jpeg 300w, https:\/\/www.sistemafaeal.org.br\/senar\/wp-content\/uploads\/2019\/12\/WhatsApp-Image-2019-12-17-at-18.59.04-2-1024x622.jpeg 1024w, https:\/\/www.sistemafaeal.org.br\/senar\/wp-content\/uploads\/2019\/12\/WhatsApp-Image-2019-12-17-at-18.59.04-2-768x467.jpeg 768w, https:\/\/www.sistemafaeal.org.br\/senar\/wp-content\/uploads\/2019\/12\/WhatsApp-Image-2019-12-17-at-18.59.04-2-696x423.jpeg 696w, https:\/\/www.sistemafaeal.org.br\/senar\/wp-content\/uploads\/2019\/12\/WhatsApp-Image-2019-12-17-at-18.59.04-2-1068x649.jpeg 1068w, https:\/\/www.sistemafaeal.org.br\/senar\/wp-content\/uploads\/2019\/12\/WhatsApp-Image-2019-12-17-at-18.59.04-2-691x420.jpeg 691w\" sizes=\"(max-width: 1280px) 100vw, 1280px\" \/><figcaption id=\"caption-attachment-3415\" class=\"wp-caption-text\">Formandos de Arapiraca falam sobre import\u00e2ncia da ATeG na bovinocultura de leite<\/figcaption><\/figure>\n<p>\u201cEu sa\u00ed de casa muito jovem e j\u00e1 viajei o mundo quase todo. Morei tr\u00eas anos na Pol\u00f4nia, conhe\u00e7o Paris, a Alemanha, a \u00c1ustria, Roma, experi\u00eancia de vida eu tenho e sou incans\u00e1vel na busca de conhecimento. Se eu vejo voc\u00ea fazendo algo, me pergunto: por que eu n\u00e3o posso fazer? \u00c9 s\u00f3 me especializar, \u00e9 s\u00f3 aprender\u201d, diz o formando.<\/p>\n<p>O Curso T\u00e9cnico em Agroneg\u00f3cio do Senar tamb\u00e9m abriu novas perspectivas para o gerente de cr\u00e9dito rural Rafael Henrique Mendes, de Arapiraca. Em parceria com o colega Jadson Rafaael Canuto de Oliveira, ele apresentou o TCC sobre a import\u00e2ncia da Assist\u00eancia T\u00e9cnica e Gerencial na bovinocultura de leite. \u201cEntrei no curso j\u00e1 com uma experi\u00eancia na \u00e1rea de cr\u00e9dito, mas n\u00e3o tinha uma forma\u00e7\u00e3o. Aprendi bastante e agora j\u00e1 estou fazendo visitas, acompanhando clientes, j\u00e1 comecei tamb\u00e9m a fazer a parte t\u00e9cnica. S\u00f3 tenho a agradecer\u201d, comenta.<\/p>\n<p>Para a tutora do polo de Palmeira dos \u00cdndios, Taciana Salvador, o momento de apresenta\u00e7\u00e3o dos trabalhos de conclus\u00e3o de curso \u00e9 a finaliza\u00e7\u00e3o de uma fase importante na vida dos alunos. \u201cEles passaram por todas as etapas do conhecimento, ent\u00e3o, agora \u00e9 a oportunidade de mostrarem que se qualificaram aqui, que todo o esfor\u00e7o deles, dos tutores e da equipe t\u00e9cnica do Senar valeu a pena\u201d, diz.<\/p>\n<figure id=\"attachment_3414\" aria-describedby=\"caption-attachment-3414\" style=\"width: 1280px\" class=\"wp-caption aligncenter\"><img decoding=\"async\" class=\"wp-image-3414 size-full\" src=\"http:\/\/www.sistemafaeal.org.br\/senar\/wp-content\/uploads\/2019\/12\/WhatsApp-Image-2019-12-17-at-18.59.04-1.jpeg\" alt=\"\" width=\"1280\" height=\"843\" srcset=\"https:\/\/www.sistemafaeal.org.br\/senar\/wp-content\/uploads\/2019\/12\/WhatsApp-Image-2019-12-17-at-18.59.04-1.jpeg 1280w, https:\/\/www.sistemafaeal.org.br\/senar\/wp-content\/uploads\/2019\/12\/WhatsApp-Image-2019-12-17-at-18.59.04-1-600x395.jpeg 600w, https:\/\/www.sistemafaeal.org.br\/senar\/wp-content\/uploads\/2019\/12\/WhatsApp-Image-2019-12-17-at-18.59.04-1-300x198.jpeg 300w, https:\/\/www.sistemafaeal.org.br\/senar\/wp-content\/uploads\/2019\/12\/WhatsApp-Image-2019-12-17-at-18.59.04-1-1024x674.jpeg 1024w, https:\/\/www.sistemafaeal.org.br\/senar\/wp-content\/uploads\/2019\/12\/WhatsApp-Image-2019-12-17-at-18.59.04-1-768x506.jpeg 768w, https:\/\/www.sistemafaeal.org.br\/senar\/wp-content\/uploads\/2019\/12\/WhatsApp-Image-2019-12-17-at-18.59.04-1-696x458.jpeg 696w, https:\/\/www.sistemafaeal.org.br\/senar\/wp-content\/uploads\/2019\/12\/WhatsApp-Image-2019-12-17-at-18.59.04-1-1068x703.jpeg 1068w, https:\/\/www.sistemafaeal.org.br\/senar\/wp-content\/uploads\/2019\/12\/WhatsApp-Image-2019-12-17-at-18.59.04-1-638x420.jpeg 638w\" sizes=\"(max-width: 1280px) 100vw, 1280px\" \/><figcaption id=\"caption-attachment-3414\" class=\"wp-caption-text\">Taciana Salvador: &#8220;\u00c9 o momento de mostrar que tudo valeu a pena&#8221;<\/figcaption><\/figure>\n<p><strong>Novas vagas<br \/>\n<\/strong>O Senar est\u00e1 com inscri\u00e7\u00f5es abertas para o processo seletivo do Curso T\u00e9cnico de N\u00edvel M\u00e9dio em Agroneg\u00f3cio. O curso \u00e9 gratuito, , na modalidade semipresencial. Em Alagoas, 125 estudantes ter\u00e3o a oportunidade de se qualificar. As vagas est\u00e3o distribu\u00eddas em seis polos de apoio presencial (Arapiraca, Major Izidoro, Mar Vermelho, Mata Grande, Palmeira dos \u00cdndios e Penedo). o edital est\u00e1 dispon\u00edvel no portal <a href=\"http:\/\/etec.senar.org.br\/\">etec.senar.org.br<\/a>, onde as inscri\u00e7\u00f5es devem ser feitas at\u00e9 \u00e0s 23h59 do dia 22 de janeiro, hor\u00e1rio de Bras\u00edlia.<\/p>\n","protected":false},"excerpt":{"rendered":"<p>Estudantes do Curso T\u00e9cnico de N\u00edvel M\u00e9dio em Agroneg\u00f3cio do Servi\u00e7o Nacional de Aprendizagem Rural &#8211; Senar &#8211; apresentaram os trabalhos de conclus\u00e3o de curso no \u00faltimo s\u00e1bado, 14. Ao todo, 27 trabalhos foram apresentados por 42 alunos de sete polos de apoio presencial: Arapiraca, Mar Vermelho, Palmeira dos \u00cdndios, Santana do Ipanema, Penedo, Major [&hellip;]<\/p>\n","protected":false},"author":7,"featured_media":3416,"comment_status":"open","ping_status":"open","sticky":false,"template":"","format":"standard","meta":{"footnotes":""},"categories":[5],"tags":[],"class_list":["post-3410","post","type-post","status-publish","format-standard","has-post-thumbnail","hentry","category-noticias"],"_links":{"self":[{"href":"https:\/\/www.sistemafaeal.org.br\/senar\/wp-json\/wp\/v2\/posts\/3410","targetHints":{"allow":["GET"]}}],"collection":[{"href":"https:\/\/www.sistemafaeal.org.br\/senar\/wp-json\/wp\/v2\/posts"}],"about":[{"href":"https:\/\/www.sistemafaeal.org.br\/senar\/wp-json\/wp\/v2\/types\/post"}],"author":[{"embeddable":true,"href":"https:\/\/www.sistemafaeal.org.br\/senar\/wp-json\/wp\/v2\/users\/7"}],"replies":[{"embeddable":true,"href":"https:\/\/www.sistemafaeal.org.br\/senar\/wp-json\/wp\/v2\/comments?post=3410"}],"version-history":[{"count":0,"href":"https:\/\/www.sistemafaeal.org.br\/senar\/wp-json\/wp\/v2\/posts\/3410\/revisions"}],"wp:featuredmedia":[{"embeddable":true,"href":"https:\/\/www.sistemafaeal.org.br\/senar\/wp-json\/wp\/v2\/media\/3416"}],"wp:attachment":[{"href":"https:\/\/www.sistemafaeal.org.br\/senar\/wp-json\/wp\/v2\/media?parent=3410"}],"wp:term":[{"taxonomy":"category","embeddable":true,"href":"https:\/\/www.sistemafaeal.org.br\/senar\/wp-json\/wp\/v2\/categories?post=3410"},{"taxonomy":"post_tag","embeddable":true,"href":"https:\/\/www.sistemafaeal.org.br\/senar\/wp-json\/wp\/v2\/tags?post=3410"}],"curies":[{"name":"wp","href":"https:\/\/api.w.org\/{rel}","templated":true}]}}