{"id":3422,"date":"2019-12-20T12:55:37","date_gmt":"2019-12-20T15:55:37","guid":{"rendered":"http:\/\/www.sistemafaeal.org.br\/senar\/?p=3422"},"modified":"2019-12-20T12:58:36","modified_gmt":"2019-12-20T15:58:36","slug":"faeal-e-senar-alagoas-fazem-balanco-das-acoes-em-2019","status":"publish","type":"post","link":"https:\/\/www.sistemafaeal.org.br\/senar\/faeal-e-senar-alagoas-fazem-balanco-das-acoes-em-2019\/","title":{"rendered":"Faeal e Senar Alagoas fazem balan\u00e7o das a\u00e7\u00f5es em 2019"},"content":{"rendered":"<figure id=\"attachment_3424\" aria-describedby=\"caption-attachment-3424\" style=\"width: 1000px\" class=\"wp-caption aligncenter\"><img fetchpriority=\"high\" decoding=\"async\" class=\"wp-image-3424 size-full\" src=\"http:\/\/www.sistemafaeal.org.br\/senar\/wp-content\/uploads\/2019\/12\/2.jpg\" alt=\"\" width=\"1000\" height=\"575\" srcset=\"https:\/\/www.sistemafaeal.org.br\/senar\/wp-content\/uploads\/2019\/12\/2.jpg 1000w, https:\/\/www.sistemafaeal.org.br\/senar\/wp-content\/uploads\/2019\/12\/2-600x345.jpg 600w, https:\/\/www.sistemafaeal.org.br\/senar\/wp-content\/uploads\/2019\/12\/2-300x173.jpg 300w, https:\/\/www.sistemafaeal.org.br\/senar\/wp-content\/uploads\/2019\/12\/2-768x442.jpg 768w, https:\/\/www.sistemafaeal.org.br\/senar\/wp-content\/uploads\/2019\/12\/2-696x400.jpg 696w, https:\/\/www.sistemafaeal.org.br\/senar\/wp-content\/uploads\/2019\/12\/2-730x420.jpg 730w\" sizes=\"(max-width: 1000px) 100vw, 1000px\" \/><figcaption id=\"caption-attachment-3424\" class=\"wp-caption-text\">Reuni\u00e3o aconteceu na sede do Senar e Faeal<\/figcaption><\/figure>\n<p>A Federa\u00e7\u00e3o da Agricultura e Pecu\u00e1ria do Estado de Alagoas &#8211; Faeal &#8211; reuniu seu conselho de representantes para apresentar um balan\u00e7o das a\u00e7\u00f5es, discutir e aprovar a reformula\u00e7\u00e3o da proposta or\u00e7ament\u00e1ria e do plano anual de trabalho 2019. Na ocasi\u00e3o, tamb\u00e9m ocorreu uma reuni\u00e3o com os dirigentes sindicais para avalia\u00e7\u00e3o das a\u00e7\u00f5es do Servi\u00e7o Nacional de Aprendizagem Rural \u2013 Senar Alagoas \u2013 neste ano e discuss\u00e3o sobre o planejamento para 2020.<\/p>\n<p>A reuni\u00e3o aconteceu na sede do Senar, em Macei\u00f3, e os dados do Senar foram apresentados pela coordenadora do Departamento T\u00e9cnico, Graziela Freitas. Na \u00e1rea de Forma\u00e7\u00e3o Profissional Rural, o Senar Alagoas capacitou 8.060 trabalhadores rurais nas atividades de agricultura, pecu\u00e1ria, silvicultura, aquicultura, extrativismo, agroind\u00fastria, apoio agrossilvipastoril, entre outras relativas \u00e0 presta\u00e7\u00e3o de servi\u00e7os. J\u00e1 na \u00e1rea de Promo\u00e7\u00e3o Social, 6.501 alagoanos foram beneficiados por a\u00e7\u00f5es voltadas \u00e0 sa\u00fade, alimenta\u00e7\u00e3o e nutri\u00e7\u00e3o, artesanato, organiza\u00e7\u00e3o comunit\u00e1ria, cultura, esporte, lazer, educa\u00e7\u00e3o e apoio \u00e0s comunidades rurais.<\/p>\n<p>O programa Inclus\u00e3o Digital Rural do Senar Alagoas treinou 625 pessoas e a Alfabetiza\u00e7\u00e3o de Jovens e Adultos, 375. Graziela Freitas tamb\u00e9m abordou alguns programas especiais, como o Mais Pasto, Sa\u00fade do Homem e da Mulher, al\u00e9m do Jovem Agricultor Aprendiz, que contabilizou 178 alunos, e o Curso T\u00e9cnico em Agroneg\u00f3cio, que registrou 190 estudantes em nove turmas.<\/p>\n<figure id=\"attachment_3425\" aria-describedby=\"caption-attachment-3425\" style=\"width: 1000px\" class=\"wp-caption aligncenter\"><img decoding=\"async\" class=\"wp-image-3425 size-full\" src=\"http:\/\/www.sistemafaeal.org.br\/senar\/wp-content\/uploads\/2019\/12\/3.jpg\" alt=\"\" width=\"1000\" height=\"707\" srcset=\"https:\/\/www.sistemafaeal.org.br\/senar\/wp-content\/uploads\/2019\/12\/3.jpg 1000w, https:\/\/www.sistemafaeal.org.br\/senar\/wp-content\/uploads\/2019\/12\/3-600x424.jpg 600w, https:\/\/www.sistemafaeal.org.br\/senar\/wp-content\/uploads\/2019\/12\/3-300x212.jpg 300w, https:\/\/www.sistemafaeal.org.br\/senar\/wp-content\/uploads\/2019\/12\/3-768x543.jpg 768w, https:\/\/www.sistemafaeal.org.br\/senar\/wp-content\/uploads\/2019\/12\/3-100x70.jpg 100w, https:\/\/www.sistemafaeal.org.br\/senar\/wp-content\/uploads\/2019\/12\/3-696x492.jpg 696w, https:\/\/www.sistemafaeal.org.br\/senar\/wp-content\/uploads\/2019\/12\/3-594x420.jpg 594w\" sizes=\"(max-width: 1000px) 100vw, 1000px\" \/><figcaption id=\"caption-attachment-3425\" class=\"wp-caption-text\">Graziela Freitas apresenta os resultados do ano<\/figcaption><\/figure>\n<p>\u201cDesde 1993, j\u00e1 atendemos mais de 329 mil pessoas em 95% dos munic\u00edpios alagoanos, gra\u00e7as aos produtores rurais que contribuem para que o Senar e a Federa\u00e7\u00e3o da Agricultura e Pecu\u00e1ria do Estado de Alagoas continuem levando qualifica\u00e7\u00e3o ao meio rural por meio de todas essas a\u00e7\u00f5es\u201d, comenta a coordenadora Graziela Freitas.<\/p>\n<p>&#8220;No ano de 2019 n\u00f3s continuamos capacitando a popula\u00e7\u00e3o rural nas \u00e1reas de Forma\u00e7\u00e3o Profissional Rural e Promo\u00e7\u00e3o Social, demos continuidade ao nosso programa Mais Pasto e iniciamos o trabalho de Assist\u00eancia T\u00e9cnica e Gerencial em Alagoas. O foco agora \u00e9 aumentar o n\u00famero de produtores atendidos pela ATeG, inclusive, por meio do Projeto Prospera Nordeste e em parceria com o Sebrae. Acreditamos que 2020 ser\u00e1 o ano da consolida\u00e7\u00e3o da assist\u00eancia t\u00e9cnica e gerencial em Alagoas&#8221;, prev\u00ea o superintendente do Senar AL, Fernando D\u00f3ria.<\/p>\n<p>O presidente da Faeal, \u00c1lvaro Almeida, tamb\u00e9m falou sobre as a\u00e7\u00f5es da Federa\u00e7\u00e3o em 2019. &#8220;Tivemos conquistas importantes, a exemplo do incentivo fiscal para a produ\u00e7\u00e3o de gr\u00e3os, a suspens\u00e3o do ICMS para a venda do leite <em>in natura<\/em> para o Estado de Sergipe e a cria\u00e7\u00e3o do Programa Estadual de Barragens Subterr\u00e2neas. Em 2020, continuaremos defendendo o produtor rural alagoano indistintamente, pois entendemos que fortalecer a agropecu\u00e1ria \u00e9 trabalhar pelo desenvolvimento socioecon\u00f4mico do nosso Estado&#8221;, diz.<\/p>\n<p><img decoding=\"async\" class=\"wp-image-3423 size-full\" style=\"text-align: center;\" src=\"http:\/\/www.sistemafaeal.org.br\/senar\/wp-content\/uploads\/2019\/12\/1.jpg\" alt=\"\" width=\"1000\" height=\"601\" srcset=\"https:\/\/www.sistemafaeal.org.br\/senar\/wp-content\/uploads\/2019\/12\/1.jpg 1000w, https:\/\/www.sistemafaeal.org.br\/senar\/wp-content\/uploads\/2019\/12\/1-600x361.jpg 600w, https:\/\/www.sistemafaeal.org.br\/senar\/wp-content\/uploads\/2019\/12\/1-300x180.jpg 300w, https:\/\/www.sistemafaeal.org.br\/senar\/wp-content\/uploads\/2019\/12\/1-768x462.jpg 768w, https:\/\/www.sistemafaeal.org.br\/senar\/wp-content\/uploads\/2019\/12\/1-696x418.jpg 696w, https:\/\/www.sistemafaeal.org.br\/senar\/wp-content\/uploads\/2019\/12\/1-699x420.jpg 699w\" sizes=\"(max-width: 1000px) 100vw, 1000px\" \/><\/p>\n<p>Fernando D\u00f3ria, superintendente do Senar, \u00c1lvaro Almeida e Edilson Maia, presidente e vice da Faeal<\/p>\n","protected":false},"excerpt":{"rendered":"<p>A Federa\u00e7\u00e3o da Agricultura e Pecu\u00e1ria do Estado de Alagoas &#8211; Faeal &#8211; reuniu seu conselho de representantes para apresentar um balan\u00e7o das a\u00e7\u00f5es, discutir e aprovar a reformula\u00e7\u00e3o da proposta or\u00e7ament\u00e1ria e do plano anual de trabalho 2019. Na ocasi\u00e3o, tamb\u00e9m ocorreu uma reuni\u00e3o com os dirigentes sindicais para avalia\u00e7\u00e3o das a\u00e7\u00f5es do Servi\u00e7o [&hellip;]<\/p>\n","protected":false},"author":7,"featured_media":3424,"comment_status":"open","ping_status":"open","sticky":false,"template":"","format":"standard","meta":{"footnotes":""},"categories":[5],"tags":[],"class_list":["post-3422","post","type-post","status-publish","format-standard","has-post-thumbnail","hentry","category-noticias"],"_links":{"self":[{"href":"https:\/\/www.sistemafaeal.org.br\/senar\/wp-json\/wp\/v2\/posts\/3422","targetHints":{"allow":["GET"]}}],"collection":[{"href":"https:\/\/www.sistemafaeal.org.br\/senar\/wp-json\/wp\/v2\/posts"}],"about":[{"href":"https:\/\/www.sistemafaeal.org.br\/senar\/wp-json\/wp\/v2\/types\/post"}],"author":[{"embeddable":true,"href":"https:\/\/www.sistemafaeal.org.br\/senar\/wp-json\/wp\/v2\/users\/7"}],"replies":[{"embeddable":true,"href":"https:\/\/www.sistemafaeal.org.br\/senar\/wp-json\/wp\/v2\/comments?post=3422"}],"version-history":[{"count":0,"href":"https:\/\/www.sistemafaeal.org.br\/senar\/wp-json\/wp\/v2\/posts\/3422\/revisions"}],"wp:featuredmedia":[{"embeddable":true,"href":"https:\/\/www.sistemafaeal.org.br\/senar\/wp-json\/wp\/v2\/media\/3424"}],"wp:attachment":[{"href":"https:\/\/www.sistemafaeal.org.br\/senar\/wp-json\/wp\/v2\/media?parent=3422"}],"wp:term":[{"taxonomy":"category","embeddable":true,"href":"https:\/\/www.sistemafaeal.org.br\/senar\/wp-json\/wp\/v2\/categories?post=3422"},{"taxonomy":"post_tag","embeddable":true,"href":"https:\/\/www.sistemafaeal.org.br\/senar\/wp-json\/wp\/v2\/tags?post=3422"}],"curies":[{"name":"wp","href":"https:\/\/api.w.org\/{rel}","templated":true}]}}