{"id":3430,"date":"2020-01-13T08:37:59","date_gmt":"2020-01-13T11:37:59","guid":{"rendered":"http:\/\/www.sistemafaeal.org.br\/senar\/?p=3430"},"modified":"2020-01-13T08:48:37","modified_gmt":"2020-01-13T11:48:37","slug":"construcao-de-abatedouros-publicos-e-prioridade-para-2020-afirma-alvaro-almeida","status":"publish","type":"post","link":"https:\/\/www.sistemafaeal.org.br\/senar\/construcao-de-abatedouros-publicos-e-prioridade-para-2020-afirma-alvaro-almeida\/","title":{"rendered":"\u201cConstru\u00e7\u00e3o de abatedouros p\u00fablicos \u00e9 prioridade para 2020\u201d, afirma \u00c1lvaro Almeida"},"content":{"rendered":"<p><em>Presidente da Faeal fala sobre conquistas de 2019 e desafios para o pr\u00f3ximo ano<\/em><\/p>\n<figure id=\"attachment_3431\" aria-describedby=\"caption-attachment-3431\" style=\"width: 764px\" class=\"wp-caption alignright\"><img fetchpriority=\"high\" decoding=\"async\" class=\"size-full wp-image-3431\" src=\"http:\/\/www.sistemafaeal.org.br\/senar\/wp-content\/uploads\/2020\/01\/entrevistagazeta.jpg\" alt=\"\" width=\"764\" height=\"987\" srcset=\"https:\/\/www.sistemafaeal.org.br\/senar\/wp-content\/uploads\/2020\/01\/entrevistagazeta.jpg 764w, https:\/\/www.sistemafaeal.org.br\/senar\/wp-content\/uploads\/2020\/01\/entrevistagazeta-600x775.jpg 600w, https:\/\/www.sistemafaeal.org.br\/senar\/wp-content\/uploads\/2020\/01\/entrevistagazeta-232x300.jpg 232w, https:\/\/www.sistemafaeal.org.br\/senar\/wp-content\/uploads\/2020\/01\/entrevistagazeta-696x899.jpg 696w, https:\/\/www.sistemafaeal.org.br\/senar\/wp-content\/uploads\/2020\/01\/entrevistagazeta-325x420.jpg 325w\" sizes=\"(max-width: 764px) 100vw, 764px\" \/><figcaption id=\"caption-attachment-3431\" class=\"wp-caption-text\">\u00c1lvaro Almeida cr\u00ea em um 2020 mais pujante para o setor<\/figcaption><\/figure>\n<p>\u201cMostramos, mais uma vez, que temos capacidade de enfrentar as adversidades\u201d. A afirma\u00e7\u00e3o do presidente da Federa\u00e7\u00e3o da Agricultura e Pecu\u00e1ria do Estado de Alagoas (Faeal), \u00c1lvaro Almeida, d\u00e1 o tom de um 2019 de bons resultados no campo. Em entrevista \u00e0\u00a0<strong>Gazeta Rural<\/strong>, o dirigente fala sobre as conquistas na produ\u00e7\u00e3o de gr\u00e3os, bovinocultura de leite, destaca a recupera\u00e7\u00e3o do setor sucroalcooleiro e elenca demandas priorit\u00e1rias para o pr\u00f3ximo ano.<\/p>\n<p><strong>Presidente, como o senhor avalia o ano de 2019 para o agro brasileiro?<br \/>\n<\/strong><strong>\u00c1lvaro Almeida \u2013\u00a0<\/strong>Este foi o primeiro ano de um governo que compreende a import\u00e2ncia do setor agropecu\u00e1rio para o desenvolvimento do pa\u00eds e j\u00e1 se mostrou disposto a apoi\u00e1-lo. Na \u00e1rea econ\u00f4mica, a aprova\u00e7\u00e3o da Reforma da Previd\u00eancia reacendeu a confian\u00e7a do mercado financeiro. A hist\u00f3rica aprova\u00e7\u00e3o do acordo comercial entre o Mercosul e a Uni\u00e3o Europeia endossou o interesse do Brasil em escoar cada vez mais seus produtos agr\u00edcolas e pecu\u00e1rios para alimentar o mundo. A Medida Provis\u00f3ria n\u00ba 897 estabeleceu melhorias no ambiente de neg\u00f3cios para o agro, modernizou os instrumentos de cr\u00e9dito e passou a estimular os financiamentos privados, atraindo investidores estrangeiros. Naturalmente ainda temos desafios, sobretudo no sistema tribut\u00e1rio e no cen\u00e1rio fiscal restritivo, mas estamos no caminho certo, implementando medidas austeras e que incentivam a produtividade de quem mais gera emprego e renda no pa\u00eds.<\/p>\n<p><strong>O Governo Federal tamb\u00e9m lan\u00e7ou, este ano, o Plano Agronordeste. O que isso representa para a regi\u00e3o?<br \/>\n<\/strong><strong>AA \u2013\u00a0<\/strong>Significa al\u00e7ar o Nordeste \u00e0 merecida condi\u00e7\u00e3o de protagonista do agroneg\u00f3cio brasileiro e conect\u00e1-lo ao mercado internacional. A partir da implementa\u00e7\u00e3o de a\u00e7\u00f5es de assist\u00eancia t\u00e9cnica, o programa fomentar\u00e1 as melhores pr\u00e1ticas agropecu\u00e1rias internacionais e, por outro lado, estimular\u00e1 o empreendedorismo e o cooperativismo para que se possa agregar valor aos produtos e produzir em grande escala. O comit\u00ea alagoano do Agronordeste j\u00e1 come\u00e7ou a discutir as estrat\u00e9gias e a\u00e7\u00f5es a partir das necessidades espec\u00edficas do nosso estado. O projeto priorizar\u00e1 a regi\u00e3o da bacia leiteira e ser\u00e1 fundamental para o desenvolvimento do nosso semi\u00e1rido.<\/p>\n<p><strong>E como foi este ano de 2019 para o agro em Alagoas?<br \/>\n<\/strong><strong>AA \u2013<\/strong>\u00a0Mostramos, mais uma vez, que temos capacidade de enfrentar as adversidades com muita criatividade e compet\u00eancia dos nossos produtores rurais e com a sensibilidade de um governo que n\u00e3o tem medido esfor\u00e7os para apoiar o nosso setor. A Federa\u00e7\u00e3o da Agricultura e Pecu\u00e1ria esteve \u00e0 frente de negocia\u00e7\u00f5es importantes durante todo este ano e n\u00e3o houve um pedido sequer negado pelo Governo de Alagoas. Conseguimos, por exemplo, o incentivo fiscal para a produ\u00e7\u00e3o de gr\u00e3os, uma alternativa interessante para o aproveitamento de \u00e1reas deixadas pela cana-de-a\u00e7\u00facar e que tem atra\u00eddo investidores de outros estados. Outra conquista importante foi a suspens\u00e3o da cobran\u00e7a de ICMS sobre o leite\u00a0<em>in natura<\/em>\u00a0vendido para Sergipe. Esta medida abrandou uma crise econ\u00f4mica instaurada na bovinocultura de leite e agravada pelos entraves do Governo de Pernambuco, que passou a cobrar mais impostos\u00a0das ind\u00fastrias de latic\u00ednios que comprassem o leite alagoano. Paralelo a tudo isso, o setor sucroalcooleiro come\u00e7ou a sair da crise econ\u00f4mica que vem enfrentando nos \u00faltimos anos, gra\u00e7as, dentre outros fatores, \u00e0 regularidade do clima. Tudo isso acarreta gera\u00e7\u00e3o de emprego, renda e refor\u00e7a a nossa confian\u00e7a em um 2020 mais pujante.<\/p>\n<p><strong>Quais devem ser as prioridades do agro alagoano para o pr\u00f3ximo ano?<br \/>\n<\/strong><strong>AA \u2013\u00a0<\/strong>A constru\u00e7\u00e3o de abatedouros p\u00fablicos \u00e9 prioridade para 2020. N\u00f3s temos 102 munic\u00edpios e apenas 14 abatedouros funcionando em Alagoas, n\u00e3o podemos continuar consumindo carne de animais abatidos em bananeiras porque os munic\u00edpios n\u00e3o disp\u00f5em de locais adequados. O Estado precisa planejar uma pol\u00edtica de incentivo \u00e0 constru\u00e7\u00e3o desses espa\u00e7os. Al\u00e9m disso, continuaremos cobrando a conclus\u00e3o das obras e uma pol\u00edtica eficiente de gest\u00e3o da \u00e1gua do Canal do Sert\u00e3o, com a participa\u00e7\u00e3o de\u00a0produtores e trabalhadores rurais. A nossa sugest\u00e3o \u00e9 a cria\u00e7\u00e3o de um conselho fiscalizador, a partir das demandas do agroneg\u00f3cio, da pecu\u00e1ria e da agricultura. Al\u00e9m disso, temos outras pautas importantes, como o fortalecimento do Programa do Leite.<\/p>\n<p><strong>Em 2020 ser\u00e1 iniciado o Programa Estadual de Barragens Subterr\u00e2neas, um pleito da Faeal. Qual \u00e9 a expectativa?<br \/>\n<\/strong><strong>AA \u2013\u00a0<\/strong>A barragem subterr\u00e2nea \u00e9 uma tecnologia social barata e capaz de garantir \u00e1gua o ano inteiro para fam\u00edlias de pequenos agricultores do semi\u00e1rido. Por isso articulamos atores e institui\u00e7\u00f5es p\u00fablicas, provocamos uma grande discuss\u00e3o sobre o tema e o Governo do Estado comprou a ideia. A meta do programa \u00e9 construir duzentas barragens subterr\u00e2neas, com a estimativa de manter mil fam\u00edlias no campo e produzindo. Levando em considera\u00e7\u00e3o o fato de que Alagoas hoje tem cerca de trinta mil pequenas propriedades a menos do que tinha em 2006, segundo dados do IBGE, e de que a nossa popula\u00e7\u00e3o rural est\u00e1 envelhecendo, temos a certeza de que esta iniciativa ser\u00e1 importante para fixar o jovem no campo e movimentar a economia dos munic\u00edpios do semi\u00e1rido.<\/p>\n<p><strong>Para finalizar, que mensagem o senhor deixa para o produtor rural alagoano neste fim de ano?<br \/>\n<\/strong><strong>AA \u2013\u00a0<\/strong>A de que dependemos da vontade dele para continuar defendendo os seus interesses. A Federa\u00e7\u00e3o da Agricultura e Pecu\u00e1ria de Alagoas e os sindicatos rurais s\u00e3o entidades vinculadas \u00e0 Confedera\u00e7\u00e3o da Agricultura e Pecu\u00e1ria (CNA), a casa do produtor rural brasileiro. Tanto na esfera federal, quanto na estadual, temos tido conquistas importantes. Em Alagoas, por exemplo, firmamos recentemente uma parceria com o BNB para a amplia\u00e7\u00e3o das aplica\u00e7\u00f5es de cr\u00e9dito. Por meio do Senar, j\u00e1 atendemos mais de 329 mil alagoanos em atividades de educa\u00e7\u00e3o profissional, assist\u00eancia t\u00e9cnica, promo\u00e7\u00e3o social e contribu\u00edmos para o desenvolvimento sustent\u00e1vel do campo. Em dez anos, nossos programas de sa\u00fade contabilizaram mais de 18 mil exames de citologia, PSA e toque retal. Tudo isso vem sendo realizado exclusivamente com recursos provenientes das contribui\u00e7\u00f5es dos produtores de Alagoas e \u00e9 importante reconhecermos as parcerias com o Governo do Estado, Sebrae, sindicatos, prefeituras, entre outras institui\u00e7\u00f5es. N\u00f3s queremos continuar defendendo o setor agropecu\u00e1rio, qualificando o homem e a mulher do campo, mas, para isso, precisamos que o produtor recolha em dia a sua contribui\u00e7\u00e3o sindical rural. Somente assim, seguiremos construindo o futuro que desejamos para todos.<\/p>\n","protected":false},"excerpt":{"rendered":"<p>Presidente da Faeal fala sobre conquistas de 2019 e desafios para o pr\u00f3ximo ano \u201cMostramos, mais uma vez, que temos capacidade de enfrentar as adversidades\u201d. A afirma\u00e7\u00e3o do presidente da Federa\u00e7\u00e3o da Agricultura e Pecu\u00e1ria do Estado de Alagoas (Faeal), \u00c1lvaro Almeida, d\u00e1 o tom de um 2019 de bons resultados no campo. Em entrevista [&hellip;]<\/p>\n","protected":false},"author":7,"featured_media":3431,"comment_status":"open","ping_status":"open","sticky":false,"template":"","format":"standard","meta":{"footnotes":""},"categories":[5],"tags":[],"class_list":["post-3430","post","type-post","status-publish","format-standard","has-post-thumbnail","hentry","category-noticias"],"_links":{"self":[{"href":"https:\/\/www.sistemafaeal.org.br\/senar\/wp-json\/wp\/v2\/posts\/3430","targetHints":{"allow":["GET"]}}],"collection":[{"href":"https:\/\/www.sistemafaeal.org.br\/senar\/wp-json\/wp\/v2\/posts"}],"about":[{"href":"https:\/\/www.sistemafaeal.org.br\/senar\/wp-json\/wp\/v2\/types\/post"}],"author":[{"embeddable":true,"href":"https:\/\/www.sistemafaeal.org.br\/senar\/wp-json\/wp\/v2\/users\/7"}],"replies":[{"embeddable":true,"href":"https:\/\/www.sistemafaeal.org.br\/senar\/wp-json\/wp\/v2\/comments?post=3430"}],"version-history":[{"count":0,"href":"https:\/\/www.sistemafaeal.org.br\/senar\/wp-json\/wp\/v2\/posts\/3430\/revisions"}],"wp:featuredmedia":[{"embeddable":true,"href":"https:\/\/www.sistemafaeal.org.br\/senar\/wp-json\/wp\/v2\/media\/3431"}],"wp:attachment":[{"href":"https:\/\/www.sistemafaeal.org.br\/senar\/wp-json\/wp\/v2\/media?parent=3430"}],"wp:term":[{"taxonomy":"category","embeddable":true,"href":"https:\/\/www.sistemafaeal.org.br\/senar\/wp-json\/wp\/v2\/categories?post=3430"},{"taxonomy":"post_tag","embeddable":true,"href":"https:\/\/www.sistemafaeal.org.br\/senar\/wp-json\/wp\/v2\/tags?post=3430"}],"curies":[{"name":"wp","href":"https:\/\/api.w.org\/{rel}","templated":true}]}}