{"id":3435,"date":"2020-01-14T11:22:01","date_gmt":"2020-01-14T14:22:01","guid":{"rendered":"http:\/\/www.sistemafaeal.org.br\/senar\/?p=3435"},"modified":"2020-01-17T11:05:21","modified_gmt":"2020-01-17T14:05:21","slug":"inscricoes-para-curso-tecnico-em-agronegocio-encerram-no-proximo-dia-22","status":"publish","type":"post","link":"https:\/\/www.sistemafaeal.org.br\/senar\/inscricoes-para-curso-tecnico-em-agronegocio-encerram-no-proximo-dia-22\/","title":{"rendered":"Inscri\u00e7\u00f5es para Curso T\u00e9cnico em Agroneg\u00f3cio encerram no pr\u00f3ximo dia 22"},"content":{"rendered":"<p style=\"background: white; margin: 0cm 0cm 19.5pt 0cm;\"><span style=\"font-size: 11.5pt; font-family: 'Helvetica','sans-serif'; color: #222222;\"><img fetchpriority=\"high\" decoding=\"async\" class=\"alignright size-full wp-image-3367\" src=\"http:\/\/www.sistemafaeal.org.br\/senar\/wp-content\/uploads\/2019\/12\/etec-banner.jpeg\" alt=\"\" width=\"720\" height=\"720\" srcset=\"https:\/\/www.sistemafaeal.org.br\/senar\/wp-content\/uploads\/2019\/12\/etec-banner.jpeg 720w, https:\/\/www.sistemafaeal.org.br\/senar\/wp-content\/uploads\/2019\/12\/etec-banner-300x300.jpeg 300w, https:\/\/www.sistemafaeal.org.br\/senar\/wp-content\/uploads\/2019\/12\/etec-banner-100x100.jpeg 100w, https:\/\/www.sistemafaeal.org.br\/senar\/wp-content\/uploads\/2019\/12\/etec-banner-600x600.jpeg 600w, https:\/\/www.sistemafaeal.org.br\/senar\/wp-content\/uploads\/2019\/12\/etec-banner-150x150.jpeg 150w, https:\/\/www.sistemafaeal.org.br\/senar\/wp-content\/uploads\/2019\/12\/etec-banner-696x696.jpeg 696w, https:\/\/www.sistemafaeal.org.br\/senar\/wp-content\/uploads\/2019\/12\/etec-banner-420x420.jpeg 420w\" sizes=\"(max-width: 720px) 100vw, 720px\" \/>Quem deseja concorrer a uma das vagas do Curso T\u00e9cnico em Agroneg\u00f3cio do Servi\u00e7o Nacional de Aprendizagem Rural \u2013 Senar \u2013 precisa se apressar. As inscri\u00e7\u00f5es est\u00e3o abertas somente at\u00e9 o pr\u00f3ximo dia 22 de janeiro. O curso \u00e9 gratuito e, ao todo, 1.975 vagas foram disponibilizadas em 22 estados. Em Alagoas, 125 estudantes ter\u00e3o a oportunidade de se qualificar. As vagas est\u00e3o distribu\u00eddas em seis polos de apoio presencial (Arapiraca, Major Izidoro, Mar Vermelho, Mata Grande, Palmeira dos \u00cdndios e Penedo).<\/span><\/p>\n<p style=\"background: white; margin: 0cm 0cm 19.5pt 0cm;\"><span style=\"font-size: 11.5pt; font-family: 'Helvetica','sans-serif'; color: #222222;\">As inscri\u00e7\u00f5es devem ser realizadas no portal\u00a0<a style=\"box-sizing: border-box;\" href=\"http:\/\/etec.senar.org.br\/\"><span style=\"color: #337ab7;\">etec.senar.org.br<\/span><\/a>, at\u00e9 \u00e0s 23h59 do dia 22 de janeiro, hor\u00e1rio de Bras\u00edlia. Todos os candidatos precisam apresentar Hist\u00f3rico Escolar e Certificado de Conclus\u00e3o do Ensino M\u00e9dio, ou documentos oficiais equivalentes. As vagas ser\u00e3o preenchidas, prioritariamente, por produtores rurais, seus familiares ou colaboradores, desde que sejam comprovados a atividade rural do produtor, v\u00ednculo de parentesco ou profissional. Os documentos necess\u00e1rios para a comprova\u00e7\u00e3o est\u00e3o listados no edital e em erratas dispon\u00edveis no <a style=\"box-sizing: border-box;\" href=\"http:\/\/etec.senar.org.br\/\" target=\"_blank\" rel=\"noopener noreferrer\"><span style=\"color: #337ab7;\">portal<\/span><\/a>.<\/span><\/p>\n<p style=\"background: white; box-sizing: border-box; overflow-wrap: break-word; font-variant-ligatures: normal; font-variant-caps: normal; orphans: 2; text-align: start; widows: 2; -webkit-text-stroke-width: 0px; text-decoration-style: initial; text-decoration-color: initial; word-spacing: 0px; margin: 0cm 0cm 19.5pt 0cm;\"><span style=\"font-size: 11.5pt; font-family: 'Helvetica','sans-serif'; color: #222222;\">A primeira etapa da sele\u00e7\u00e3o \u00e9 a an\u00e1lise dos documentos. O candidato que apresentar documenta\u00e7\u00e3o incompleta, controversa ou ileg\u00edvel no formul\u00e1rio de inscri\u00e7\u00e3o online ser\u00e1 desclassificado. A lista preliminar dos selecionados para a segunda etapa, de classifica\u00e7\u00e3o, ser\u00e1 publicada no portal eletr\u00f4nico, no dia 29 de janeiro. J\u00e1 a lista final ser\u00e1 divulgada no dia 3 de fevereiro, ap\u00f3s an\u00e1lise de recursos.<\/span><\/p>\n<p style=\"background: white; box-sizing: border-box; overflow-wrap: break-word; font-variant-ligatures: normal; font-variant-caps: normal; orphans: 2; text-align: start; widows: 2; -webkit-text-stroke-width: 0px; text-decoration-style: initial; text-decoration-color: initial; word-spacing: 0px; margin: 0cm 0cm 19.5pt 0cm;\"><strong style=\"box-sizing: border-box;\"><span style=\"font-size: 11.5pt; font-family: 'Helvetica','sans-serif'; color: #222222;\">Segunda etapa<\/span><\/strong><b><span style=\"font-size: 11.5pt; font-family: 'Helvetica','sans-serif'; color: #222222;\"><br style=\"box-sizing: border-box;\" \/><\/span><\/b><span style=\"font-size: 11.5pt; font-family: 'Helvetica','sans-serif'; color: #222222;\">O processo classificat\u00f3rio ser\u00e1 definido pelas Administra\u00e7\u00f5es Regionais do Senar e poder\u00e1 contemplar entrevista, realiza\u00e7\u00e3o de provas ou outra metodologia. A lista preliminar de classifica\u00e7\u00e3o ser\u00e1 publicada no portal eletr\u00f4nico, em 21 de fevereiro. Recursos poder\u00e3o ser interpostos no dia 27 de fevereiro. Ap\u00f3s an\u00e1lise, o Senar publicar\u00e1 o resultado final do processo seletivo no dia 2 de mar\u00e7o.<\/span><\/p>\n<p style=\"background: white; box-sizing: border-box; overflow-wrap: break-word; font-variant-ligatures: normal; font-variant-caps: normal; orphans: 2; text-align: start; widows: 2; -webkit-text-stroke-width: 0px; text-decoration-style: initial; text-decoration-color: initial; word-spacing: 0px; margin: 0cm 0cm 19.5pt 0cm;\"><span style=\"font-size: 11.5pt; font-family: 'Helvetica','sans-serif'; color: #222222;\">Os candidatos aprovados dever\u00e3o comparecer aos polos de apoio presencial, para efetuar a matr\u00edcula, entre 3 e 9 de mar\u00e7o, dia em que come\u00e7am as aulas. Todas as informa\u00e7\u00f5es sobre documenta\u00e7\u00f5es, procedimentos e prazos constam no edital e em erratas publicadas no portal etec.senar.org.br.<\/span><\/p>\n<p style=\"background: white; box-sizing: border-box; overflow-wrap: break-word; font-variant-ligatures: normal; font-variant-caps: normal; orphans: 2; text-align: start; widows: 2; -webkit-text-stroke-width: 0px; text-decoration-style: initial; text-decoration-color: initial; word-spacing: 0px; margin: 0cm 0cm 19.5pt 0cm;\"><strong style=\"box-sizing: border-box;\"><span style=\"font-size: 11.5pt; font-family: 'Helvetica','sans-serif'; color: #222222;\">Sobre o curso<\/span><\/strong><b><span style=\"font-size: 11.5pt; font-family: 'Helvetica','sans-serif'; color: #222222;\"><br style=\"box-sizing: border-box;\" \/><\/span><\/b><span style=\"font-size: 11.5pt; font-family: 'Helvetica','sans-serif'; color: #222222;\">O Curso T\u00e9cnico de N\u00edvel M\u00e9dio em Agroneg\u00f3cio tem dura\u00e7\u00e3o de 2 anos e carga hor\u00e1ria total de 1.230 horas, distribu\u00eddas em quatro m\u00f3dulos para o desenvolvimento da habilita\u00e7\u00e3o t\u00e9cnica profissional. As atividades educacionais s\u00e3o semipresenciais, com os conte\u00fados a dist\u00e2ncia disponibilizados na Internet, no material impresso e nas videoaulas, al\u00e9m dos encontros presenciais, nos polos de apoio. Os encontros presenciais representam 20% da carga hor\u00e1ria total do curso e contemplam aulas te\u00f3ricas, pr\u00e1ticas e avalia\u00e7\u00f5es.<\/span><\/p>\n","protected":false},"excerpt":{"rendered":"<p>Quem deseja concorrer a uma das vagas do Curso T\u00e9cnico em Agroneg\u00f3cio do Servi\u00e7o Nacional de Aprendizagem Rural \u2013 Senar \u2013 precisa se apressar. As inscri\u00e7\u00f5es est\u00e3o abertas somente at\u00e9 o pr\u00f3ximo dia 22 de janeiro. O curso \u00e9 gratuito e, ao todo, 1.975 vagas foram disponibilizadas em 22 estados. Em Alagoas, 125 estudantes ter\u00e3o [&hellip;]<\/p>\n","protected":false},"author":7,"featured_media":3367,"comment_status":"open","ping_status":"open","sticky":false,"template":"","format":"standard","meta":{"footnotes":""},"categories":[5],"tags":[],"class_list":["post-3435","post","type-post","status-publish","format-standard","has-post-thumbnail","hentry","category-noticias"],"_links":{"self":[{"href":"https:\/\/www.sistemafaeal.org.br\/senar\/wp-json\/wp\/v2\/posts\/3435","targetHints":{"allow":["GET"]}}],"collection":[{"href":"https:\/\/www.sistemafaeal.org.br\/senar\/wp-json\/wp\/v2\/posts"}],"about":[{"href":"https:\/\/www.sistemafaeal.org.br\/senar\/wp-json\/wp\/v2\/types\/post"}],"author":[{"embeddable":true,"href":"https:\/\/www.sistemafaeal.org.br\/senar\/wp-json\/wp\/v2\/users\/7"}],"replies":[{"embeddable":true,"href":"https:\/\/www.sistemafaeal.org.br\/senar\/wp-json\/wp\/v2\/comments?post=3435"}],"version-history":[{"count":0,"href":"https:\/\/www.sistemafaeal.org.br\/senar\/wp-json\/wp\/v2\/posts\/3435\/revisions"}],"wp:featuredmedia":[{"embeddable":true,"href":"https:\/\/www.sistemafaeal.org.br\/senar\/wp-json\/wp\/v2\/media\/3367"}],"wp:attachment":[{"href":"https:\/\/www.sistemafaeal.org.br\/senar\/wp-json\/wp\/v2\/media?parent=3435"}],"wp:term":[{"taxonomy":"category","embeddable":true,"href":"https:\/\/www.sistemafaeal.org.br\/senar\/wp-json\/wp\/v2\/categories?post=3435"},{"taxonomy":"post_tag","embeddable":true,"href":"https:\/\/www.sistemafaeal.org.br\/senar\/wp-json\/wp\/v2\/tags?post=3435"}],"curies":[{"name":"wp","href":"https:\/\/api.w.org\/{rel}","templated":true}]}}