{"id":3442,"date":"2020-01-16T11:21:28","date_gmt":"2020-01-16T14:21:28","guid":{"rendered":"http:\/\/www.sistemafaeal.org.br\/senar\/?p=3442"},"modified":"2020-01-20T12:15:05","modified_gmt":"2020-01-20T15:15:05","slug":"produtores-familiares-recebem-raquetes-do-programa-forrageiras-para-o-semiarido","status":"publish","type":"post","link":"https:\/\/www.sistemafaeal.org.br\/senar\/produtores-familiares-recebem-raquetes-do-programa-forrageiras-para-o-semiarido\/","title":{"rendered":"Produtores familiares recebem raquetes do programa Forrageiras para o Semi\u00e1rido"},"content":{"rendered":"<figure id=\"attachment_3445\" aria-describedby=\"caption-attachment-3445\" style=\"width: 2428px\" class=\"wp-caption aligncenter\"><img fetchpriority=\"high\" decoding=\"async\" class=\"wp-image-3445 size-full\" src=\"http:\/\/www.sistemafaeal.org.br\/senar\/wp-content\/uploads\/2020\/01\/PSX_20200116_110437.jpg\" alt=\"\" width=\"2428\" height=\"2489\" srcset=\"https:\/\/www.sistemafaeal.org.br\/senar\/wp-content\/uploads\/2020\/01\/PSX_20200116_110437.jpg 2428w, https:\/\/www.sistemafaeal.org.br\/senar\/wp-content\/uploads\/2020\/01\/PSX_20200116_110437-600x615.jpg 600w, https:\/\/www.sistemafaeal.org.br\/senar\/wp-content\/uploads\/2020\/01\/PSX_20200116_110437-293x300.jpg 293w, https:\/\/www.sistemafaeal.org.br\/senar\/wp-content\/uploads\/2020\/01\/PSX_20200116_110437-999x1024.jpg 999w, https:\/\/www.sistemafaeal.org.br\/senar\/wp-content\/uploads\/2020\/01\/PSX_20200116_110437-768x787.jpg 768w, https:\/\/www.sistemafaeal.org.br\/senar\/wp-content\/uploads\/2020\/01\/PSX_20200116_110437-1498x1536.jpg 1498w, https:\/\/www.sistemafaeal.org.br\/senar\/wp-content\/uploads\/2020\/01\/PSX_20200116_110437-1998x2048.jpg 1998w, https:\/\/www.sistemafaeal.org.br\/senar\/wp-content\/uploads\/2020\/01\/PSX_20200116_110437-356x364.jpg 356w, https:\/\/www.sistemafaeal.org.br\/senar\/wp-content\/uploads\/2020\/01\/PSX_20200116_110437-696x713.jpg 696w, https:\/\/www.sistemafaeal.org.br\/senar\/wp-content\/uploads\/2020\/01\/PSX_20200116_110437-1068x1095.jpg 1068w, https:\/\/www.sistemafaeal.org.br\/senar\/wp-content\/uploads\/2020\/01\/PSX_20200116_110437-410x420.jpg 410w\" sizes=\"(max-width: 2428px) 100vw, 2428px\" \/><figcaption id=\"caption-attachment-3445\" class=\"wp-caption-text\">Produtor com a carro\u00e7a carregada de raquetes<\/figcaption><\/figure>\n<p>Produtores familiares da regi\u00e3o da bacia leiteira alagoana foram beneficiados com a distribui\u00e7\u00e3o de raquetes de palma forrageira. A a\u00e7\u00e3o foi do Programa Forrageiras para o Semi\u00e1rido: Pecu\u00e1ria Sustent\u00e1vel, projeto do Instituto CNA em parceria com a Empresa Brasileira de Pesquisa Agropecu\u00e1ria \u2013 Embrapa -, com o apoio da Federa\u00e7\u00e3o da Agricultura e Pecu\u00e1ria do Estado de Alagoas &#8211; Faeal -, do Governo do Estado e do Sindicato Rural dos Produtores de Leite de Alagoas &#8211; Sindileite.<\/p>\n<p>\u201cO intuito da distribui\u00e7\u00e3o \u00e9 difundir as novas variedades de palmas resistentes \u00e0 Cochonilha do Carmim que n\u00e3o s\u00e3o t\u00e3o difundidas em Alagoas, como a Ipa Sert\u00e2nea e a Orelha de Elefante Mexicana. Al\u00e9m destas duas variedades foram distribu\u00eddas tamb\u00e9m raquetes de palma Mi\u00fada. As raquetes distribu\u00eddas servir\u00e3o para a implanta\u00e7\u00e3o de banco de sementes, o que permitir\u00e1 ao produtor fazer o plantio de uma \u00e1rea maior dessas variedades no futuro\u201d, explica o t\u00e9cnico de campo do projeto, Alexis Wanderley.<\/p>\n<p>Cerca de 10 mil raquetes foram distribu\u00eddas ap\u00f3s o segundo corte das variedades de palma forrageira. A planta \u00e9 a base da alimenta\u00e7\u00e3o do rebanho bovino leiteiro na regi\u00e3o semi\u00e1rida.<\/p>\n<p>Raquetes tamb\u00e9m foram disponibilizadas para a alimenta\u00e7\u00e3o do rebanho do Parque de Exposi\u00e7\u00f5es Mair Amaral, no munic\u00edpio de Batalha, espa\u00e7o cedido pelo Governo de Alagoas para abrigar uma das 13 Unidades de Refer\u00eancia Tecnol\u00f3gica do projeto no semi\u00e1rido brasileiro.<\/p>\n<figure id=\"attachment_3446\" aria-describedby=\"caption-attachment-3446\" style=\"width: 948px\" class=\"wp-caption aligncenter\"><img decoding=\"async\" class=\"size-full wp-image-3446\" src=\"http:\/\/www.sistemafaeal.org.br\/senar\/wp-content\/uploads\/2020\/01\/PSX_20200116_111405.jpg\" alt=\"\" width=\"948\" height=\"892\" srcset=\"https:\/\/www.sistemafaeal.org.br\/senar\/wp-content\/uploads\/2020\/01\/PSX_20200116_111405.jpg 948w, https:\/\/www.sistemafaeal.org.br\/senar\/wp-content\/uploads\/2020\/01\/PSX_20200116_111405-600x565.jpg 600w, https:\/\/www.sistemafaeal.org.br\/senar\/wp-content\/uploads\/2020\/01\/PSX_20200116_111405-300x282.jpg 300w, https:\/\/www.sistemafaeal.org.br\/senar\/wp-content\/uploads\/2020\/01\/PSX_20200116_111405-768x723.jpg 768w, https:\/\/www.sistemafaeal.org.br\/senar\/wp-content\/uploads\/2020\/01\/PSX_20200116_111405-696x655.jpg 696w, https:\/\/www.sistemafaeal.org.br\/senar\/wp-content\/uploads\/2020\/01\/PSX_20200116_111405-446x420.jpg 446w\" sizes=\"(max-width: 948px) 100vw, 948px\" \/><figcaption id=\"caption-attachment-3446\" class=\"wp-caption-text\">Cerca de 10 mil raquetes foram distribu\u00eddas<\/figcaption><\/figure>\n<p><strong>O projeto <\/strong><\/p>\n<p>Criado com o objetivo de recomendar as forrageiras que melhor se adaptam ao clima do semi\u00e1rido, para que sirvam de fonte de alimento para os rebanhos, o projeto do Instituto CNA e da Embrapa testa 18 tipos de plantas em Alagoas, entre gram\u00edneas anuais e perenes, cact\u00e1ceas e lenhosas.<\/p>\n<p>Os primeiros dados coletados mostram, por exemplo, que entre as gram\u00edneas perenes, o capim-massai foi o que mais produziu mat\u00e9ria seca por hectare. J\u00e1 entre as cact\u00e1ceas, a palma Orelha de Elefante Mexicana foi uma das variedades mais produtivas e se mostrou bem adaptada \u00e0 regi\u00e3o, com baixa incid\u00eancia de pragas e doen\u00e7as.<\/p>\n<p>Iniciado em julho de 2017, o projeto teve o prazo de conclus\u00e3o estendido de dois para quatro anos. \u201cVamos para a terceira colheita das gram\u00edneas anuais e tamb\u00e9m para o terceiro corte das variedades de palma. No momento estamos aguardando as chuvas de ver\u00e3o para voltar a avaliar a resist\u00eancia e produ\u00e7\u00e3o das variedades de gram\u00edneas perenes (capins)\u201d, diz Alexis Wanderley.<\/p>\n<figure id=\"attachment_3447\" aria-describedby=\"caption-attachment-3447\" style=\"width: 1252px\" class=\"wp-caption aligncenter\"><img decoding=\"async\" class=\"size-full wp-image-3447\" src=\"http:\/\/www.sistemafaeal.org.br\/senar\/wp-content\/uploads\/2020\/01\/PSX_20200116_111710.jpg\" alt=\"\" width=\"1252\" height=\"938\" srcset=\"https:\/\/www.sistemafaeal.org.br\/senar\/wp-content\/uploads\/2020\/01\/PSX_20200116_111710.jpg 1252w, https:\/\/www.sistemafaeal.org.br\/senar\/wp-content\/uploads\/2020\/01\/PSX_20200116_111710-600x450.jpg 600w, https:\/\/www.sistemafaeal.org.br\/senar\/wp-content\/uploads\/2020\/01\/PSX_20200116_111710-300x225.jpg 300w, https:\/\/www.sistemafaeal.org.br\/senar\/wp-content\/uploads\/2020\/01\/PSX_20200116_111710-1024x767.jpg 1024w, https:\/\/www.sistemafaeal.org.br\/senar\/wp-content\/uploads\/2020\/01\/PSX_20200116_111710-768x575.jpg 768w, https:\/\/www.sistemafaeal.org.br\/senar\/wp-content\/uploads\/2020\/01\/PSX_20200116_111710-80x60.jpg 80w, https:\/\/www.sistemafaeal.org.br\/senar\/wp-content\/uploads\/2020\/01\/PSX_20200116_111710-265x198.jpg 265w, https:\/\/www.sistemafaeal.org.br\/senar\/wp-content\/uploads\/2020\/01\/PSX_20200116_111710-696x521.jpg 696w, https:\/\/www.sistemafaeal.org.br\/senar\/wp-content\/uploads\/2020\/01\/PSX_20200116_111710-1068x800.jpg 1068w, https:\/\/www.sistemafaeal.org.br\/senar\/wp-content\/uploads\/2020\/01\/PSX_20200116_111710-561x420.jpg 561w\" sizes=\"(max-width: 1252px) 100vw, 1252px\" \/><figcaption id=\"caption-attachment-3447\" class=\"wp-caption-text\">Rebrota da palma com um m\u00eas ap\u00f3s o segundo corte<\/figcaption><\/figure>\n","protected":false},"excerpt":{"rendered":"<p>Produtores familiares da regi\u00e3o da bacia leiteira alagoana foram beneficiados com a distribui\u00e7\u00e3o de raquetes de palma forrageira. A a\u00e7\u00e3o foi do Programa Forrageiras para o Semi\u00e1rido: Pecu\u00e1ria Sustent\u00e1vel, projeto do Instituto CNA em parceria com a Empresa Brasileira de Pesquisa Agropecu\u00e1ria \u2013 Embrapa -, com o apoio da Federa\u00e7\u00e3o da Agricultura e Pecu\u00e1ria do [&hellip;]<\/p>\n","protected":false},"author":7,"featured_media":3445,"comment_status":"open","ping_status":"open","sticky":false,"template":"","format":"standard","meta":{"footnotes":""},"categories":[5],"tags":[],"class_list":["post-3442","post","type-post","status-publish","format-standard","has-post-thumbnail","hentry","category-noticias"],"_links":{"self":[{"href":"https:\/\/www.sistemafaeal.org.br\/senar\/wp-json\/wp\/v2\/posts\/3442","targetHints":{"allow":["GET"]}}],"collection":[{"href":"https:\/\/www.sistemafaeal.org.br\/senar\/wp-json\/wp\/v2\/posts"}],"about":[{"href":"https:\/\/www.sistemafaeal.org.br\/senar\/wp-json\/wp\/v2\/types\/post"}],"author":[{"embeddable":true,"href":"https:\/\/www.sistemafaeal.org.br\/senar\/wp-json\/wp\/v2\/users\/7"}],"replies":[{"embeddable":true,"href":"https:\/\/www.sistemafaeal.org.br\/senar\/wp-json\/wp\/v2\/comments?post=3442"}],"version-history":[{"count":0,"href":"https:\/\/www.sistemafaeal.org.br\/senar\/wp-json\/wp\/v2\/posts\/3442\/revisions"}],"wp:featuredmedia":[{"embeddable":true,"href":"https:\/\/www.sistemafaeal.org.br\/senar\/wp-json\/wp\/v2\/media\/3445"}],"wp:attachment":[{"href":"https:\/\/www.sistemafaeal.org.br\/senar\/wp-json\/wp\/v2\/media?parent=3442"}],"wp:term":[{"taxonomy":"category","embeddable":true,"href":"https:\/\/www.sistemafaeal.org.br\/senar\/wp-json\/wp\/v2\/categories?post=3442"},{"taxonomy":"post_tag","embeddable":true,"href":"https:\/\/www.sistemafaeal.org.br\/senar\/wp-json\/wp\/v2\/tags?post=3442"}],"curies":[{"name":"wp","href":"https:\/\/api.w.org\/{rel}","templated":true}]}}