{"id":8669,"date":"2026-03-26T10:45:37","date_gmt":"2026-03-26T13:45:37","guid":{"rendered":"https:\/\/www.sistemafaeal.org.br\/senar\/?p=8669"},"modified":"2026-03-26T10:46:24","modified_gmt":"2026-03-26T13:46:24","slug":"sistema-faeal-senar-fortalece-qualificacao-profissional-com-educacao-corporativa","status":"publish","type":"post","link":"https:\/\/www.sistemafaeal.org.br\/senar\/sistema-faeal-senar-fortalece-qualificacao-profissional-com-educacao-corporativa\/","title":{"rendered":"Sistema Faeal\/Senar fortalece qualifica\u00e7\u00e3o\u00a0profissional com plataforma de Educa\u00e7\u00e3o Corporativa"},"content":{"rendered":"<p><span style=\"font-weight: 400;\">O Sistema Faeal\/Senar segue investindo no desenvolvimento de seus colaboradores por meio da plataforma Educa\u00e7\u00e3o Corporativa do Sistema CNA\/Senar\/ICNA, uma iniciativa que vem fortalecendo compet\u00eancias, incentivando o aprendizado cont\u00ednuo e contribuindo diretamente para o crescimento institucional.<\/span><\/p>\n<p><span style=\"font-weight: 400;\">Para os colaboradores, a oportunidade de participar dos cursos representa um avan\u00e7o na carreira profissional. \u00c9 o caso de Tarciana leite, que integra a Ger\u00eancia T\u00e9cnica do Senar Alagoas, que j\u00e1 buscava qualifica\u00e7\u00e3o constante e encontrou na iniciativa um diferencial importante. <\/span><\/p>\n<p><span style=\"font-weight: 400;\">&#8220;<\/span><span style=\"font-weight: 400;\">Sempre busquei me atualizar, investindo em cursos do Senar e do Instituto CNA. Quando surgiu a proposta da Educa\u00e7\u00e3o Corporativa promovida pelo sistema, s\u00f3 fez agregar \u00e0 minha qualifica\u00e7\u00e3o profissional. S\u00e3o cursos de pequena e m\u00e9dia dura\u00e7\u00e3o que fazem uma grande diferen\u00e7a no meu curr\u00edculo como colaboradora do Senar&#8221;, afirmou.<\/span><\/p>\n<p><span style=\"font-weight: 400;\">O impacto tamb\u00e9m \u00e9 percebido no desenvolvimento pessoal e no reconhecimento dentro da pr\u00f3pria institui\u00e7\u00e3o. Jo\u00e3o Victor Lima, colaborador da Ger\u00eancia Administrativa e Financeira, destaca a import\u00e2ncia da capacita\u00e7\u00e3o cont\u00ednua no segmento.<\/span><\/p>\n<p><span style=\"font-weight: 400;\">\u201cProcuro fazer os cursos para me desenvolver profissionalmente, adquirir novos conhecimentos e evoluir continuamente na minha \u00e1rea e na institui\u00e7\u00e3o. Ser reconhecido por isso tamb\u00e9m gera um sentimento de valoriza\u00e7\u00e3o, motiva\u00e7\u00e3o e felicidade por estar no caminho certo\u201d, destacou.<\/span><\/p>\n<p><span style=\"font-weight: 400;\">De acordo com a gerente t\u00e9cnica do Senar Alagoas, Graziela Freitas, a participa\u00e7\u00e3o nas trilhas de conhecimento, propostas pela plataforma, vai al\u00e9m do crescimento individual e contribui para o fortalecimento da organiza\u00e7\u00e3o como um todo.<\/span><\/p>\n<p><span style=\"font-weight: 400;\">\u201cA participa\u00e7\u00e3o dos colaboradores do Senar Alagoas nas Trilhas da Educa\u00e7\u00e3o Corporativa \u00e9 importante para o fortalecimento institucional e o crescimento profissional de cada integrante. Investir em qualifica\u00e7\u00e3o cont\u00ednua n\u00e3o \u00e9 apenas uma oportunidade individual, mas um compromisso coletivo com a melhoria constante, a inova\u00e7\u00e3o e os resultados que impactam diretamente o setor agropecu\u00e1rio do estado\u201d, enfatizou.<\/span><\/p>\n<p><span style=\"font-weight: 400;\">Ela tamb\u00e9m destacou o desempenho dos colaboradores ao longo do \u00faltimo ano. <\/span><span style=\"font-weight: 400;\">\u201cEm 2025, tivemos exemplos de dedica\u00e7\u00e3o e disciplina. Alguns colaboradores se destacaram pela quantidade de cursos realizados, demonstrando compromisso com o pr\u00f3prio desenvolvimento e contribuindo para uma cultura organizacional mais forte e preparada para os desafios&#8221;, completou.<\/span><\/p>\n<p><img fetchpriority=\"high\" decoding=\"async\" class=\"alignnone size-medium wp-image-8671\" src=\"https:\/\/www.sistemafaeal.org.br\/senar\/wp-content\/uploads\/2026\/03\/edcorp01-300x225.jpeg\" alt=\"\" width=\"300\" height=\"225\" srcset=\"https:\/\/www.sistemafaeal.org.br\/senar\/wp-content\/uploads\/2026\/03\/edcorp01-300x225.jpeg 300w, https:\/\/www.sistemafaeal.org.br\/senar\/wp-content\/uploads\/2026\/03\/edcorp01-1024x768.jpeg 1024w, https:\/\/www.sistemafaeal.org.br\/senar\/wp-content\/uploads\/2026\/03\/edcorp01-768x576.jpeg 768w, https:\/\/www.sistemafaeal.org.br\/senar\/wp-content\/uploads\/2026\/03\/edcorp01-600x450.jpeg 600w, https:\/\/www.sistemafaeal.org.br\/senar\/wp-content\/uploads\/2026\/03\/edcorp01.jpeg 1280w\" sizes=\"(max-width: 300px) 100vw, 300px\" \/><\/p>\n<p><span style=\"font-weight: 400;\">Como forma de reconhecimento, os tr\u00eas colaboradores que mais se destacaram no ranking foram homenageados, tornando-se refer\u00eancia de foco, determina\u00e7\u00e3o e busca por conhecimento dentro da institui\u00e7\u00e3o. Al\u00e9m de Tarciana e Jo\u00e3o Victor, Fl\u00e1via Cirino, tamb\u00e9m da Ger\u00eancia Administrativa e Financeira, ficou no top 3 em Alagoas, que recebeu um kit especial.<\/span><\/p>\n<p><span style=\"font-weight: 400;\">O presidente do Sistema Faeal\/Senar, \u00c1lvaro Almeida, e o superintendente do Senar Alagoas, Fernando D\u00f3ria, tamb\u00e9m receberam a homenagem, como forma de agradecimento pelo apoio \u00e0 plataforma e o incentivo \u00e0 qualifica\u00e7\u00e3o dos colaboradores da regional.<\/span><\/p>\n<p><span style=\"font-weight: 400;\">A iniciativa refor\u00e7a o compromisso do Sistema Faeal\/Senar com a valoriza\u00e7\u00e3o de pessoas e com a constru\u00e7\u00e3o de uma equipe cada vez mais preparada para os desafio do agro alagoano. O convite segue aberto para que mais colaboradores participem das capacita\u00e7\u00f5es dispon\u00edveis na plataforma, aproveitando essa oportunidade de crescimento profissional.<\/span><\/p>\n<p><span style=\"font-weight: 400;\">\u201cVamos juntos buscar um lugar de destaque no ranking nacional, mostrando a for\u00e7a, o comprometimento e o talento da nossa equipe. O sucesso de um \u00e9 o sucesso de todos. Invista em voc\u00ea, participe e fa\u00e7a parte dessa conquista\u201d, refor\u00e7ou a gerente Graziela Freitas.<\/span><\/p>\n","protected":false},"excerpt":{"rendered":"<p>O Sistema Faeal\/Senar segue investindo no desenvolvimento de seus colaboradores por meio da plataforma Educa\u00e7\u00e3o Corporativa do Sistema CNA\/Senar\/ICNA, uma iniciativa que vem fortalecendo compet\u00eancias, incentivando o aprendizado cont\u00ednuo e contribuindo diretamente para o crescimento institucional. Para os colaboradores, a oportunidade de participar dos cursos representa um avan\u00e7o na carreira profissional. \u00c9 o caso de [&hellip;]<\/p>\n","protected":false},"author":7,"featured_media":8670,"comment_status":"closed","ping_status":"closed","sticky":false,"template":"","format":"standard","meta":{"footnotes":""},"categories":[4,35,5],"tags":[],"class_list":["post-8669","post","type-post","status-publish","format-standard","has-post-thumbnail","hentry","category-cursos","category-eventos","category-noticias"],"_links":{"self":[{"href":"https:\/\/www.sistemafaeal.org.br\/senar\/wp-json\/wp\/v2\/posts\/8669","targetHints":{"allow":["GET"]}}],"collection":[{"href":"https:\/\/www.sistemafaeal.org.br\/senar\/wp-json\/wp\/v2\/posts"}],"about":[{"href":"https:\/\/www.sistemafaeal.org.br\/senar\/wp-json\/wp\/v2\/types\/post"}],"author":[{"embeddable":true,"href":"https:\/\/www.sistemafaeal.org.br\/senar\/wp-json\/wp\/v2\/users\/7"}],"replies":[{"embeddable":true,"href":"https:\/\/www.sistemafaeal.org.br\/senar\/wp-json\/wp\/v2\/comments?post=8669"}],"version-history":[{"count":2,"href":"https:\/\/www.sistemafaeal.org.br\/senar\/wp-json\/wp\/v2\/posts\/8669\/revisions"}],"predecessor-version":[{"id":8673,"href":"https:\/\/www.sistemafaeal.org.br\/senar\/wp-json\/wp\/v2\/posts\/8669\/revisions\/8673"}],"wp:featuredmedia":[{"embeddable":true,"href":"https:\/\/www.sistemafaeal.org.br\/senar\/wp-json\/wp\/v2\/media\/8670"}],"wp:attachment":[{"href":"https:\/\/www.sistemafaeal.org.br\/senar\/wp-json\/wp\/v2\/media?parent=8669"}],"wp:term":[{"taxonomy":"category","embeddable":true,"href":"https:\/\/www.sistemafaeal.org.br\/senar\/wp-json\/wp\/v2\/categories?post=8669"},{"taxonomy":"post_tag","embeddable":true,"href":"https:\/\/www.sistemafaeal.org.br\/senar\/wp-json\/wp\/v2\/tags?post=8669"}],"curies":[{"name":"wp","href":"https:\/\/api.w.org\/{rel}","templated":true}]}}