{"id":8680,"date":"2026-04-27T14:06:16","date_gmt":"2026-04-27T17:06:16","guid":{"rendered":"https:\/\/www.sistemafaeal.org.br\/senar\/?p=8680"},"modified":"2026-04-27T14:06:16","modified_gmt":"2026-04-27T17:06:16","slug":"sistema-faeal-senar-leva-assistencia-tecnica-ao-canal-do-sertao-e-fortalece-producao-rural-em-sao-jose-da-tapera","status":"publish","type":"post","link":"https:\/\/www.sistemafaeal.org.br\/senar\/sistema-faeal-senar-leva-assistencia-tecnica-ao-canal-do-sertao-e-fortalece-producao-rural-em-sao-jose-da-tapera\/","title":{"rendered":"Sistema Faeal\/Senar leva assist\u00eancia t\u00e9cnica ao Canal do Sert\u00e3o e fortalece produ\u00e7\u00e3o rural em S\u00e3o Jos\u00e9 da Tapera"},"content":{"rendered":"<p><span style=\"font-weight: 400;\">O Sistema Faeal\/Senar segue ampliando sua atua\u00e7\u00e3o no interior de Alagoas, com a\u00e7\u00f5es de assist\u00eancia t\u00e9cnica e gerencial que j\u00e1 alcan\u00e7am produtores rurais na regi\u00e3o do Canal do Sert\u00e3o. Em S\u00e3o Jos\u00e9 da Tapera, agricultores atendidos pela ATeG come\u00e7am a colher os resultados da aplica\u00e7\u00e3o da metodologia voltada ao aumento da produtividade e \u00e0 melhoria da gest\u00e3o no campo.<\/span><\/p>\n<p><span style=\"font-weight: 400;\">Durante as visitas peri\u00f3dicas de t\u00e9cnicos de campo e supervisores, a equipe acompanha de perto o trabalho desenvolvido nas propriedades, garantindo que as orienta\u00e7\u00f5es sigam os fundamentos da Assist\u00eancia T\u00e9cnica e Gerencial (ATeG). O objetivo \u00e9 alinhar a atua\u00e7\u00e3o dos t\u00e9cnicos e assegurar que o conhecimento seja aplicado de forma pr\u00e1tica pelos produtores.<\/span><\/p>\n<p><span style=\"font-weight: 400;\">O supervisor Juci\u00eades Rodrigues explica que atua como elo entre t\u00e9cnicos e agricultores, monitorando os resultados planejados e ajustando estrat\u00e9gias conforme a necessidade de cada propriedade. \u201cA proposta \u00e9 incentivar uma produ\u00e7\u00e3o mais eficiente, com qualidade e planejamento, respeitando o tempo adequado de plantio e colheita\u201d, afirmou.<\/span><\/p>\n<p><img fetchpriority=\"high\" decoding=\"async\" class=\"alignnone size-medium wp-image-8682\" src=\"https:\/\/www.sistemafaeal.org.br\/senar\/wp-content\/uploads\/2026\/04\/canal02-258x300.jpeg\" alt=\"\" width=\"258\" height=\"300\" srcset=\"https:\/\/www.sistemafaeal.org.br\/senar\/wp-content\/uploads\/2026\/04\/canal02-258x300.jpeg 258w, https:\/\/www.sistemafaeal.org.br\/senar\/wp-content\/uploads\/2026\/04\/canal02-881x1024.jpeg 881w, https:\/\/www.sistemafaeal.org.br\/senar\/wp-content\/uploads\/2026\/04\/canal02-768x893.jpeg 768w, https:\/\/www.sistemafaeal.org.br\/senar\/wp-content\/uploads\/2026\/04\/canal02-600x698.jpeg 600w, https:\/\/www.sistemafaeal.org.br\/senar\/wp-content\/uploads\/2026\/04\/canal02.jpeg 1101w\" sizes=\"(max-width: 258px) 100vw, 258px\" \/><\/p>\n<p><span style=\"font-weight: 400;\">Um dos focos do trabalho \u00e9 a organiza\u00e7\u00e3o da produ\u00e7\u00e3o de acordo com per\u00edodos de maior demanda de mercado. \u201cNo caso do produtor Dami\u00e3o Barbosa de Abreu, por exemplo, o planejamento \u00e9 direcionado para atender \u00e0 procura durante o per\u00edodo junino, com o cultivo de milho verde e milho doce. A partir desse objetivo, s\u00e3o definidos cronogramas de plantio, colheita e estrat\u00e9gias de comercializa\u00e7\u00e3o\u201d, garantiu a t\u00e9cnica de campo Symonne Fernandes, que atende o agricultor.<\/span><\/p>\n<p><span style=\"font-weight: 400;\">Segundo Dami\u00e3o Barbosa, o acompanhamento t\u00e9cnico tem sido fundamental para corrigir falhas e aprimorar o manejo da produ\u00e7\u00e3o. \u201cA t\u00e9cnica explica tudo que a gente precisa fazer para garantir uma maior produtividade, e com isso aprendemos o que estamos fazendo de errado e passamos a fazer do jeito certo\u201d, destacou.<\/span><\/p>\n<p><span style=\"font-weight: 400;\">A iniciativa refor\u00e7a a import\u00e2ncia da assist\u00eancia t\u00e9cnica cont\u00ednua como ferramenta essencial para o desenvolvimento sustent\u00e1vel do agroneg\u00f3cio alagoano, promovendo ganhos de produtividade e melhores oportunidades de renda para os produtores rurais.\u00a0<\/span><\/p>\n<p><span style=\"font-weight: 400;\">\u201cA visita realizada no Canal do Sert\u00e3o s\u00f3 confirma a voca\u00e7\u00e3o da ATeG do Senar Alagoas de atender o produtor rural do nosso estado em todas as regi\u00f5es, nas mais variadas condi\u00e7\u00f5es clim\u00e1ticas e de solo. \u00c9 a prova de que estamos no caminho certo\u201d, atestou a superintendente-adjunta, Luana Torres, que visitou a regi\u00e3o na sexta-feira (24), junto a uma equipe t\u00e9cnica do Sistema Faeal\/Senar.\u00a0\u00a0\u00a0<\/span><\/p>\n","protected":false},"excerpt":{"rendered":"<p>O Sistema Faeal\/Senar segue ampliando sua atua\u00e7\u00e3o no interior de Alagoas, com a\u00e7\u00f5es de assist\u00eancia t\u00e9cnica e gerencial que j\u00e1 alcan\u00e7am produtores rurais na regi\u00e3o do Canal do Sert\u00e3o. Em S\u00e3o Jos\u00e9 da Tapera, agricultores atendidos pela ATeG come\u00e7am a colher os resultados da aplica\u00e7\u00e3o da metodologia voltada ao aumento da produtividade e \u00e0 melhoria [&hellip;]<\/p>\n","protected":false},"author":7,"featured_media":8681,"comment_status":"closed","ping_status":"closed","sticky":false,"template":"","format":"standard","meta":{"footnotes":""},"categories":[37,123,5],"tags":[],"class_list":["post-8680","post","type-post","status-publish","format-standard","has-post-thumbnail","hentry","category-agronordeste","category-ateg","category-noticias"],"_links":{"self":[{"href":"https:\/\/www.sistemafaeal.org.br\/senar\/wp-json\/wp\/v2\/posts\/8680","targetHints":{"allow":["GET"]}}],"collection":[{"href":"https:\/\/www.sistemafaeal.org.br\/senar\/wp-json\/wp\/v2\/posts"}],"about":[{"href":"https:\/\/www.sistemafaeal.org.br\/senar\/wp-json\/wp\/v2\/types\/post"}],"author":[{"embeddable":true,"href":"https:\/\/www.sistemafaeal.org.br\/senar\/wp-json\/wp\/v2\/users\/7"}],"replies":[{"embeddable":true,"href":"https:\/\/www.sistemafaeal.org.br\/senar\/wp-json\/wp\/v2\/comments?post=8680"}],"version-history":[{"count":1,"href":"https:\/\/www.sistemafaeal.org.br\/senar\/wp-json\/wp\/v2\/posts\/8680\/revisions"}],"predecessor-version":[{"id":8683,"href":"https:\/\/www.sistemafaeal.org.br\/senar\/wp-json\/wp\/v2\/posts\/8680\/revisions\/8683"}],"wp:featuredmedia":[{"embeddable":true,"href":"https:\/\/www.sistemafaeal.org.br\/senar\/wp-json\/wp\/v2\/media\/8681"}],"wp:attachment":[{"href":"https:\/\/www.sistemafaeal.org.br\/senar\/wp-json\/wp\/v2\/media?parent=8680"}],"wp:term":[{"taxonomy":"category","embeddable":true,"href":"https:\/\/www.sistemafaeal.org.br\/senar\/wp-json\/wp\/v2\/categories?post=8680"},{"taxonomy":"post_tag","embeddable":true,"href":"https:\/\/www.sistemafaeal.org.br\/senar\/wp-json\/wp\/v2\/tags?post=8680"}],"curies":[{"name":"wp","href":"https:\/\/api.w.org\/{rel}","templated":true}]}}