{"id":8684,"date":"2026-04-30T10:14:53","date_gmt":"2026-04-30T13:14:53","guid":{"rendered":"https:\/\/www.sistemafaeal.org.br\/senar\/?p=8684"},"modified":"2026-04-30T10:14:53","modified_gmt":"2026-04-30T13:14:53","slug":"sistema-faeal-senar-discute-implantacao-do-ateg-social-em-alagoas-com-diretoria-da-fetag-no-estado","status":"publish","type":"post","link":"https:\/\/www.sistemafaeal.org.br\/senar\/sistema-faeal-senar-discute-implantacao-do-ateg-social-em-alagoas-com-diretoria-da-fetag-no-estado\/","title":{"rendered":"Sistema Faeal\/Senar discute implanta\u00e7\u00e3o do ATeG + Social em Alagoas com diretoria da Fetag no estado"},"content":{"rendered":"<p><span style=\"font-weight: 400;\">Uma reuni\u00e3o realizada nesta quarta-feira (29), na sede do Sistema Faeal\/Senar, no bairro do Jaragu\u00e1, em Macei\u00f3, marcou o in\u00edcio das articula\u00e7\u00f5es para a implanta\u00e7\u00e3o do Programa ATeG + Social no estado. A iniciativa, que tem in\u00edcio previsto para o segundo semestre de 2026, deve beneficiar cerca de 450 produtores da agricultura familiar em at\u00e9 15 munic\u00edpios alagoanos.<\/span><\/p>\n<p><span style=\"font-weight: 400;\">O encontro reuniu representantes de entidades parceiras para alinhar as diretrizes do programa, que ser\u00e1 executado em parceria com a Confedera\u00e7\u00e3o da Agricultura e Pecu\u00e1ria do Brasil (CNA) e a Confedera\u00e7\u00e3o Nacional dos Trabalhadores Rurais, Agricultores e Agricultoras Familiares (Contag). Em Alagoas, a a\u00e7\u00e3o contar\u00e1 com a atua\u00e7\u00e3o do Sistema Faeal\/Senar e da Federa\u00e7\u00e3o dos Trabalhadores Rurais do Estado (Fetag\/AL), seguindo a metodologia de Assist\u00eancia T\u00e9cnica e Gerencial (ATeG) do Senar.<\/span><\/p>\n<p><span style=\"font-weight: 400;\">O ATeG + Social \u00e9 uma extens\u00e3o da assist\u00eancia t\u00e9cnica tradicional oferecida pelo Senar, com foco ampliado no desenvolvimento socioecon\u00f4mico das fam\u00edlias rurais. O programa busca integrar melhoria da produ\u00e7\u00e3o, gest\u00e3o eficiente da propriedade e impacto social positivo, contribuindo para o aumento da renda e a melhoria da qualidade de vida no campo.<\/span><\/p>\n<p><span style=\"font-weight: 400;\">Entre os principais diferenciais da iniciativa est\u00e1 o atendimento personalizado, com visitas t\u00e9cnicas mensais gratuitas ao longo de 24 meses. Durante esse per\u00edodo, os produtores recebem acompanhamento cont\u00ednuo, que inclui diagn\u00f3stico da propriedade, planejamento estrat\u00e9gico, adequa\u00e7\u00e3o tecnol\u00f3gica e capacita\u00e7\u00e3o profissional.<\/span><\/p>\n<p><strong>Neg\u00f3cios sustent\u00e1veis<\/strong><\/p>\n<p><span style=\"font-weight: 400;\">A superintendente-adjunta do Senar Alagoas, Luana Torres, destaca que o programa tamb\u00e9m prioriza o uso de tecnologias de baixo custo, como sistemas de armazenamento de \u00e1gua por gravidade, e incentiva o fortalecimento da gest\u00e3o familiar. \u201cA proposta \u00e9 transformar as propriedades rurais em neg\u00f3cios mais sustent\u00e1veis e competitivos, promovendo tamb\u00e9m o desenvolvimento das comunidades onde est\u00e3o inseridas\u201d, afirmou.<\/span><\/p>\n<p><span style=\"font-weight: 400;\">Inicialmente voltado para a olericultura, o ATeG + Social foi ampliado e hoje abrange diversas cadeias produtivas, como bovinocultura de leite, bovinocultura de corte, fruticultura e apicultura. \u201cA expectativa \u00e9 que a iniciativa fortale\u00e7a ainda mais a agricultura familiar em Alagoas, ampliando oportunidades e promovendo inclus\u00e3o produtiva no meio rural\u201d, destacou a gerente de ATeG do Senar Alagoas, Camila Nascimento, que vai intermediar a implanta\u00e7\u00e3o da parceria no estado.<\/span><\/p>\n<p><span style=\"font-weight: 400;\">Al\u00e9m de Luana Torres e Camila Nascimento, a reuni\u00e3o contou com a presen\u00e7a do supervisor do Senar, Jos\u00e9 Ferreira Jr., e dos representantes da Fetag\/AL, o presidente da entidade, Rob\u00e9rio Oliveira; a secret\u00e1ria de pol\u00edticas agr\u00edcolas, C\u00edcera Gomes; o secret\u00e1rio-geral, Jos\u00e9 Itamar, e secret\u00e1ria de Jovens, Lucineide Holanda.<\/span><\/p>\n","protected":false},"excerpt":{"rendered":"<p>Uma reuni\u00e3o realizada nesta quarta-feira (29), na sede do Sistema Faeal\/Senar, no bairro do Jaragu\u00e1, em Macei\u00f3, marcou o in\u00edcio das articula\u00e7\u00f5es para a implanta\u00e7\u00e3o do Programa ATeG + Social no estado. A iniciativa, que tem in\u00edcio previsto para o segundo semestre de 2026, deve beneficiar cerca de 450 produtores da agricultura familiar em at\u00e9 [&hellip;]<\/p>\n","protected":false},"author":7,"featured_media":8685,"comment_status":"closed","ping_status":"closed","sticky":false,"template":"","format":"standard","meta":{"footnotes":""},"categories":[123,5],"tags":[],"class_list":["post-8684","post","type-post","status-publish","format-standard","has-post-thumbnail","hentry","category-ateg","category-noticias"],"_links":{"self":[{"href":"https:\/\/www.sistemafaeal.org.br\/senar\/wp-json\/wp\/v2\/posts\/8684","targetHints":{"allow":["GET"]}}],"collection":[{"href":"https:\/\/www.sistemafaeal.org.br\/senar\/wp-json\/wp\/v2\/posts"}],"about":[{"href":"https:\/\/www.sistemafaeal.org.br\/senar\/wp-json\/wp\/v2\/types\/post"}],"author":[{"embeddable":true,"href":"https:\/\/www.sistemafaeal.org.br\/senar\/wp-json\/wp\/v2\/users\/7"}],"replies":[{"embeddable":true,"href":"https:\/\/www.sistemafaeal.org.br\/senar\/wp-json\/wp\/v2\/comments?post=8684"}],"version-history":[{"count":1,"href":"https:\/\/www.sistemafaeal.org.br\/senar\/wp-json\/wp\/v2\/posts\/8684\/revisions"}],"predecessor-version":[{"id":8686,"href":"https:\/\/www.sistemafaeal.org.br\/senar\/wp-json\/wp\/v2\/posts\/8684\/revisions\/8686"}],"wp:featuredmedia":[{"embeddable":true,"href":"https:\/\/www.sistemafaeal.org.br\/senar\/wp-json\/wp\/v2\/media\/8685"}],"wp:attachment":[{"href":"https:\/\/www.sistemafaeal.org.br\/senar\/wp-json\/wp\/v2\/media?parent=8684"}],"wp:term":[{"taxonomy":"category","embeddable":true,"href":"https:\/\/www.sistemafaeal.org.br\/senar\/wp-json\/wp\/v2\/categories?post=8684"},{"taxonomy":"post_tag","embeddable":true,"href":"https:\/\/www.sistemafaeal.org.br\/senar\/wp-json\/wp\/v2\/tags?post=8684"}],"curies":[{"name":"wp","href":"https:\/\/api.w.org\/{rel}","templated":true}]}}